{"id":205287,"date":"2023-12-15T10:00:00","date_gmt":"2023-12-15T09:00:00","guid":{"rendered":"https:\/\/www.tucomarca.com\/wordpress\/segunda\/?p=205287"},"modified":"2023-12-15T11:06:43","modified_gmt":"2023-12-15T10:06:43","slug":"el-ayuntamiento-de-requena-retoma-el-calendario-tributario-previo-al-ciberataque","status":"publish","type":"post","link":"https:\/\/www.tucomarca.com\/wordpress\/segunda\/el-ayuntamiento-de-requena-retoma-el-calendario-tributario-previo-al-ciberataque\/","title":{"rendered":"El Ayuntamiento de Requena retoma el calendario tributario previo al ciberataque"},"content":{"rendered":"\n<p>En una decisi\u00f3n respaldada por el pleno municipal, el Ayuntamiento de Requena anuncia la reinstauraci\u00f3n del calendario tributario que estaba vigente antes del ciberataque que sufri\u00f3 el pasado a\u00f1o. Esta medida busca restablecer la normalidad en los procesos fiscales y garantizar la continuidad de los servicios p\u00fablicos esenciales.<\/p>\n\n\n\n<p>A partir de la aprobaci\u00f3n del pleno, el calendario tributario recobrar\u00e1 su estructura original, asegurando la coherencia y la previsibilidad para los contribuyentes. El Ayuntamiento \u201cse compromete a facilitar la transici\u00f3n a este calendario restaurado, brindando la informaci\u00f3n necesaria para que los ciudadanos puedan cumplir con sus obligaciones tributarias de manera eficiente\u201d.<\/p>\n\n\n\n<p><strong>Calendario tributario ejercicio 2024<\/strong><\/p>\n\n\n\n<p><strong>Periodo del 1 de marzo al 31 de mayo<\/strong><\/p>\n\n\n\n<p>Impuesto sobre Veh\u00edculos de Tracci\u00f3n Mec\u00e1nica<\/p>\n\n\n\n<p>Tasa por la instalaci\u00f3n de quioscos en la v\u00eda p\u00fablica<\/p>\n\n\n\n<p>Impuesto Municipal sobre Gastos Suntuarios<\/p>\n\n\n\n<p>Tasa por instalaci\u00f3n de cajeros en la v\u00eda p\u00fablica<\/p>\n\n\n\n<p><strong>Del 3 de abril al 5 de junio<\/strong><\/p>\n\n\n\n<p>Tasa por entrada de veh\u00edculos a trav\u00e9s de las aceras<\/p>\n\n\n\n<p>Tasa por ocupaci\u00f3n de la v\u00eda p\u00fablica por mercadillo semanal, primer semestre<\/p>\n\n\n\n<p>Tasa recogida de basuras<\/p>\n\n\n\n<p>Tasa por ocupaci\u00f3n de la v\u00eda p\u00fablica con mesas y sillas, primer semestre<\/p>\n\n\n\n<p><strong>Del 3 de junio al&nbsp; 2 de septiembre&nbsp;<\/strong><\/p>\n\n\n\n<p>Impuesto sobre Bienes Inmuebles de Naturaleza Urbana<\/p>\n\n\n\n<p>Impuesto sobre Bienes Inmuebles de Naturaleza R\u00fastica<\/p>\n\n\n\n<p><strong>Del 1 de agosto al 2 de octubre<\/strong><\/p>\n\n\n\n<p>Impuesto sobre Actividades Econ\u00f3micas<\/p>\n\n\n\n<p>Tasa por ocupaci\u00f3n de la v\u00eda p\u00fablica por mercadillo semanal, segundo semestre.<\/p>\n\n\n\n<p>Tasa control de vertidos a la red de alcantarillado municipal.<\/p>\n\n\n\n<p>Tasa por ocupaci\u00f3n de la v\u00eda p\u00fablica con mesas y sillas, segundo semestre.<\/p>\n\n\n\n<p>Informa, <strong>Luis Ib\u00e1\u00f1ez.<\/strong><\/p>\n","protected":false},"excerpt":{"rendered":"<div class=\"mh-excerpt\">En una decisi\u00f3n respaldada por el pleno municipal, el Ayuntamiento de Requena anuncia la reinstauraci\u00f3n del calendario tributario que estaba vigente antes del ciberataque que sufri\u00f3 el pasado a\u00f1o. Esta medida busca restablecer la normalidad <a class=\"mh-excerpt-more\" href=\"https:\/\/www.tucomarca.com\/wordpress\/segunda\/el-ayuntamiento-de-requena-retoma-el-calendario-tributario-previo-al-ciberataque\/\" title=\"El Ayuntamiento de Requena retoma el calendario tributario previo al ciberataque\">[+] <\/a><\/div>\n","protected":false},"author":12,"featured_media":205289,"comment_status":"open","ping_status":"open","sticky":false,"template":"","format":"standard","meta":{"footnotes":""},"categories":[128,8,142,28,27,3],"tags":[20033,10388,10387],"class_list":{"0":"post-205287","1":"post","2":"type-post","3":"status-publish","4":"format-standard","5":"has-post-thumbnail","7":"category-infraestructuras","8":"category-la-comarca","9":"category-politica-la-comarca","10":"category-requena","11":"category-requena-utiel","12":"category-seccion","13":"tag-calendario-tributario","14":"tag-requena","15":"tag-requena-utiel"},"_links":{"self":[{"href":"https:\/\/www.tucomarca.com\/wordpress\/segunda\/wp-json\/wp\/v2\/posts\/205287","targetHints":{"allow":["GET"]}}],"collection":[{"href":"https:\/\/www.tucomarca.com\/wordpress\/segunda\/wp-json\/wp\/v2\/posts"}],"about":[{"href":"https:\/\/www.tucomarca.com\/wordpress\/segunda\/wp-json\/wp\/v2\/types\/post"}],"author":[{"embeddable":true,"href":"https:\/\/www.tucomarca.com\/wordpress\/segunda\/wp-json\/wp\/v2\/users\/12"}],"replies":[{"embeddable":true,"href":"https:\/\/www.tucomarca.com\/wordpress\/segunda\/wp-json\/wp\/v2\/comments?post=205287"}],"version-history":[{"count":0,"href":"https:\/\/www.tucomarca.com\/wordpress\/segunda\/wp-json\/wp\/v2\/posts\/205287\/revisions"}],"wp:featuredmedia":[{"embeddable":true,"href":"https:\/\/www.tucomarca.com\/wordpress\/segunda\/wp-json\/wp\/v2\/media\/205289"}],"wp:attachment":[{"href":"https:\/\/www.tucomarca.com\/wordpress\/segunda\/wp-json\/wp\/v2\/media?parent=205287"}],"wp:term":[{"taxonomy":"category","embeddable":true,"href":"https:\/\/www.tucomarca.com\/wordpress\/segunda\/wp-json\/wp\/v2\/categories?post=205287"},{"taxonomy":"post_tag","embeddable":true,"href":"https:\/\/www.tucomarca.com\/wordpress\/segunda\/wp-json\/wp\/v2\/tags?post=205287"}],"curies":[{"name":"wp","href":"https:\/\/api.w.org\/{rel}","templated":true}]}}