{"id":205319,"date":"2023-12-17T12:00:00","date_gmt":"2023-12-17T11:00:00","guid":{"rendered":"https:\/\/www.tucomarca.com\/wordpress\/segunda\/?p=205319"},"modified":"2023-12-18T10:22:17","modified_gmt":"2023-12-18T09:22:17","slug":"bunol-disfrutara-este-ano-de-su-i-feria-navidena-del-comercio-en-el-paseo-de-san-luis","status":"publish","type":"post","link":"https:\/\/www.tucomarca.com\/wordpress\/segunda\/bunol-disfrutara-este-ano-de-su-i-feria-navidena-del-comercio-en-el-paseo-de-san-luis\/","title":{"rendered":"Bu\u00f1ol disfrutar\u00e1 este a\u00f1o de su I Feria Navide\u00f1a del Comercio en el Paseo de San Luis"},"content":{"rendered":"\n<p>Desde el 22 de diciembre al 6 de enero, Bu\u00f1ol va a disfrutar de la I Feria Navide\u00f1a del Comercio que estar\u00e1 ubicada en el Paseo de San Luis. Esta iniciativa municipal cuenta con la colaboraci\u00f3n de la Asociaci\u00f3n de Comerciantes de la localidad y con Turisme Comunitat Valenciana.<\/p>\n\n\n\n<p>Estas fiestas van a ser m\u00e1s fiestas para los m\u00e1s peques y tambi\u00e9n para los mayores, ya que van a poder disfrutar de talleres, atracciones, juegos y compras navide\u00f1as con la colaboraci\u00f3n de los comercios locales. <\/p>\n\n\n\n<p><strong>Jueves 21 de diciembre &#8211; 19 horas<\/strong><\/p>\n\n\n\n<p>Villancico S.M. \u201cLa Art\u00edstica\u201d&nbsp;Entrada Teatro Montecarlo<\/p>\n\n\n\n<p><strong>S\u00e1bado 23 de diciembre &#8211; 17 horas<\/strong><\/p>\n\n\n\n<p>Caminata Navide\u00f1a. Paseo a pie y en bicicleta con disfraz navide\u00f1o<br>Paseo de San Luis<\/p>\n\n\n\n<p><strong>S\u00e1bado 23 de diciembre &#8211; 18 horas<\/strong><\/p>\n\n\n\n<p>Taller escribe tu carta y adorna tu \u00e1rbol + Cata de cava<br>Paseo de San Luis<\/p>\n\n\n\n<p><strong>Domingo 24 de diciembre &#8211; 12 horas<\/strong><\/p>\n\n\n\n<p>Juegos Tradicionales&nbsp;Plaza del Pueblo<\/p>\n\n\n\n<p><strong>Domingo 24 de diciembre &#8211; 18 horas<\/strong><\/p>\n\n\n\n<p>Escrite tu carta, pintacaras y visita de Papa Noel&nbsp;Paseo de San Luis<\/p>\n\n\n\n<p><strong>Martes 26 de diciembre &#8211; 18 horas<\/strong><\/p>\n\n\n\n<p>Manualidades con nieve&nbsp;Paseo de San Luis<\/p>\n\n\n\n<p><strong>Mi\u00e9rcoles 27 de diciembre &#8211; 12 horas<\/strong><\/p>\n\n\n\n<p>Cuenta cuentos&nbsp;Plaza Ventas<\/p>\n\n\n\n<p><strong>Mi\u00e9rcoles 27 de diciembre &#8211; 18 horas<\/strong><\/p>\n\n\n\n<p>Taller de elaboraci\u00f3n de galletas de jengibre&nbsp;Paseo de San Luis<\/p>\n\n\n\n<p><strong>Mi\u00e9rcoles 27 de diciembre &#8211; 20 horas<\/strong><\/p>\n\n\n\n<p>Villancico C.I.M. \u201cLa Arm\u00f3nica\u201d&nbsp;Plaza Ventas<\/p>\n\n\n\n<p><strong>Viernes 29 de diciembre &#8211; 18 horas<\/strong><\/p>\n\n\n\n<p>Taller de cotillon y nochevieja infantil&nbsp;Paseo de San Luis<\/p>\n\n\n\n<p><strong>S\u00e1bado 30 de diciembre &#8211; 18 horas<\/strong><\/p>\n\n\n\n<p>Master Class Ni\u00f1@s Masterchef a cargo de Bunquer + Cata de cerveza<br>Paseo de San Luis<\/p>\n\n\n\n<p><strong>Martes 2 de enero &#8211; 12 horas<\/strong><\/p>\n\n\n\n<p>Taller crea tu rey mago y pegatinas&nbsp;Plaza 5 de Marzo<\/p>\n\n\n\n<p><strong>Mi\u00e9rcoles 3 de enero &#8211; 18 horas<\/strong><\/p>\n\n\n\n<p>Taller careta de rey mago + decoraci\u00f3n de platos&nbsp;Paseo de San Luis<\/p>\n\n\n\n<p><strong>Jueves 4 de enero &#8211; 18 horas<\/strong><\/p>\n\n\n\n<p>Tapete real y platos para los reyes&nbsp;Paseo de San Luis<\/p>\n\n\n\n<p><strong>Viernes 5 de enero &#8211; 18 horas<\/strong><\/p>\n\n\n\n<p>Cabalgata de los Reyes Magos&nbsp;Paseo de San Luis<\/p>\n","protected":false},"excerpt":{"rendered":"<div class=\"mh-excerpt\">Desde el 22 de diciembre al 6 de enero, Bu\u00f1ol va a disfrutar de la I Feria Navide\u00f1a del Comercio que estar\u00e1 ubicada en el Paseo de San Luis. Esta iniciativa municipal cuenta con la <a class=\"mh-excerpt-more\" href=\"https:\/\/www.tucomarca.com\/wordpress\/segunda\/bunol-disfrutara-este-ano-de-su-i-feria-navidena-del-comercio-en-el-paseo-de-san-luis\/\" title=\"Bu\u00f1ol disfrutar\u00e1 este a\u00f1o de su I Feria Navide\u00f1a del Comercio en el Paseo de San Luis\">[+] <\/a><\/div>\n","protected":false},"author":12,"featured_media":205321,"comment_status":"open","ping_status":"open","sticky":false,"template":"","format":"standard","meta":{"footnotes":""},"categories":[4,18,8,10,7,3],"tags":[10385,20037,5952],"class_list":{"0":"post-205319","1":"post","2":"type-post","3":"status-publish","4":"format-standard","5":"has-post-thumbnail","7":"category-agenda","8":"category-bunol","9":"category-la-comarca","10":"category-la-hoya","11":"category-ocio-y-cultura","12":"category-seccion","13":"tag-bunol","14":"tag-i-feria-de-navidad","15":"tag-la-hoya-de-bunol-chiva"},"_links":{"self":[{"href":"https:\/\/www.tucomarca.com\/wordpress\/segunda\/wp-json\/wp\/v2\/posts\/205319","targetHints":{"allow":["GET"]}}],"collection":[{"href":"https:\/\/www.tucomarca.com\/wordpress\/segunda\/wp-json\/wp\/v2\/posts"}],"about":[{"href":"https:\/\/www.tucomarca.com\/wordpress\/segunda\/wp-json\/wp\/v2\/types\/post"}],"author":[{"embeddable":true,"href":"https:\/\/www.tucomarca.com\/wordpress\/segunda\/wp-json\/wp\/v2\/users\/12"}],"replies":[{"embeddable":true,"href":"https:\/\/www.tucomarca.com\/wordpress\/segunda\/wp-json\/wp\/v2\/comments?post=205319"}],"version-history":[{"count":0,"href":"https:\/\/www.tucomarca.com\/wordpress\/segunda\/wp-json\/wp\/v2\/posts\/205319\/revisions"}],"wp:featuredmedia":[{"embeddable":true,"href":"https:\/\/www.tucomarca.com\/wordpress\/segunda\/wp-json\/wp\/v2\/media\/205321"}],"wp:attachment":[{"href":"https:\/\/www.tucomarca.com\/wordpress\/segunda\/wp-json\/wp\/v2\/media?parent=205319"}],"wp:term":[{"taxonomy":"category","embeddable":true,"href":"https:\/\/www.tucomarca.com\/wordpress\/segunda\/wp-json\/wp\/v2\/categories?post=205319"},{"taxonomy":"post_tag","embeddable":true,"href":"https:\/\/www.tucomarca.com\/wordpress\/segunda\/wp-json\/wp\/v2\/tags?post=205319"}],"curies":[{"name":"wp","href":"https:\/\/api.w.org\/{rel}","templated":true}]}}