{"id":205353,"date":"2023-12-16T12:00:00","date_gmt":"2023-12-16T11:00:00","guid":{"rendered":"https:\/\/www.tucomarca.com\/wordpress\/segunda\/?p=205353"},"modified":"2023-12-18T12:03:04","modified_gmt":"2023-12-18T11:03:04","slug":"riba-roja-de-turia-solicita-a-correos-que-instale-unas-oficinas-de-atencion-publica-en-los-poligonos-industriales-que-responda-a-las-necesidades-de-las-empresas","status":"publish","type":"post","link":"https:\/\/www.tucomarca.com\/wordpress\/segunda\/riba-roja-de-turia-solicita-a-correos-que-instale-unas-oficinas-de-atencion-publica-en-los-poligonos-industriales-que-responda-a-las-necesidades-de-las-empresas\/","title":{"rendered":"Riba-roja de T\u00faria solicita a Correos que instale unas oficinas de atenci\u00f3n p\u00fablica en los pol\u00edgonos industriales que responda a las necesidades de las empresas<strong>&nbsp;<\/strong>"},"content":{"rendered":"\n<h4 class=\"wp-block-heading\">El pleno municipal aprueba una propuesta del equipo de gobierno por reclamar una mejor asistencia y servicio de Correos en un \u00e1mbito econ\u00f3mico vital&nbsp;<\/h4>\n\n\n\n<p>El pleno del Ayuntamiento de Riba-roja de T\u00faria ha acordado elevar a la empresa estatal Correos que implante un servicio de atenci\u00f3n en los pol\u00edgonos industriales existentes en el t\u00e9rmino municipal. La propuesta del equipo de gobierno del PSPV ha contado con el respaldo un\u00e1nime del resto de las formaciones pol\u00edticas, es decir, el Partido Popular, Comprom\u00eds, Vox y Esquerra Unida-Podem.&nbsp;<\/p>\n\n\n\n<p>La propuesta p\u00fablica firmada por todos los partidos pol\u00edticos incide en la importancia estrat\u00e9gica que desempe\u00f1a, en la actualidad, los sectores industriales repartidos por el t\u00e9rmino municipal y que ocupan una extensi\u00f3n de m\u00e1s de m\u00e1s de 6\u20195 millones de metros cuadrados. Adem\u00e1s, albergan m\u00e1s de 800 inmuebles ocupados o susceptibles de ser ocupados por las empresas. En algunas ocasiones, alguna de estas empresas ubicadas en Riba-roja de T\u00faria cuenta con un bagaje enorme en el \u00e1mbito internacional y tecnol\u00f3gico.&nbsp;<\/p>\n\n\n\n<p>Por ello, el pleno subraya la importancia de este sector como motor econ\u00f3mico en el conjunto de la sociedad local hasta el punto que se considera para la administraci\u00f3n p\u00fablica \u201cuna obligaci\u00f3n en la mejora de los servicios que se prestan desde cualquier \u00e1mbito, dado que suponen un factor important\u00edsimo como motor econ\u00f3mico, asimismo la b\u00fasqueda de mejora o implantaci\u00f3n de servicios que dependan de otras entidades\u201d.&nbsp;<\/p>\n\n\n\n<p>La propuesta considera que en la actualidad es una necesidad y una reclamaci\u00f3n hist\u00f3rica por parte de los empresarios y agentes econ\u00f3micos la instalaci\u00f3n y el incremento de los servicios prestado por el Grupo Correos, dependiente del Gobierno de Espa\u00f1a, en el conjunto global de Riba-roja de T\u00faria en todos los \u00e1mbitos y tareas que llevan a cabo desde la citada empresa estatal.&nbsp;<\/p>\n\n\n\n<p>Cabe recordar que, a d\u00eda de hoy, las empresas que operan y llevan cabo su trabajo en los pol\u00edgonos industriales deben desplazarse hasta 6 y 7 kil\u00f3metros hasta el casco urbano de Riba-roja de T\u00faria para gestionar sus necesidades en virtud de los servicios que presta actualmente Correos. Adem\u00e1s, en los pol\u00edgonos industriales existen diversos inmuebles de dominio p\u00fablico con una infraestructura aprovechable y que podr\u00edan ser la sede permanente del demandado servicio de Correos.&nbsp;<\/p>\n\n\n\n<p>La instalaci\u00f3n de la futura sede de Correos \u201c\u00b7lejos de aparentar un aislamiento mayor que el existido en determinados a\u00f1os en las \u00e1reas industriales respecto a la zona residencial y comercial del t\u00e9rmino, supondr\u00eda una mejora general de esas zonas, evitar\u00eda desplazamientos innecesarios por parte de los responsables de esas cuestiones, tal y como han transmitido esas empresas, se conseguir\u00eda as\u00ed un aumento de valor a\u00f1adido al que, de forma intr\u00ednsecamente, ya poseen las \u00e1reas empresariales de Riba-roja de T\u00faria\u201d.&nbsp;<\/p>\n\n\n\n<p>Los servicios que se deber\u00edan ofrecer en las futuras instalaciones abarcar\u00edan la prestaci\u00f3n del servicio de oficinas y atenci\u00f3n al p\u00fablico, establecimiento del servicio de \u201capartados\u201d y la prestaci\u00f3n del servicio de \u201ccitypaq estafeta\u201d que permitir\u00eda a los usuarios recibir paqueter\u00eda de cualquier operador existente en el t\u00e9rmino municipal. Este servicio permite recoger paquetes y tambi\u00e9n enviarlos.&nbsp;<\/p>\n\n\n\n<p>El alcalde de Riba-roja de T\u00faria, Robert Raga, ha afirmado que estas reclamaciones a Correos \u201csuponen un paso m\u00e1s que da este ayuntamiento por mejorar los servicios y dotar a nuestra localidad de las prestaciones que en materia econ\u00f3mica necesitan nuestras empresas en su funci\u00f3n de constituirse en el motor y dinamizador de la actividad industrial, un referente y un ejemplo para el resto de pol\u00edgonos industriales de la Comunitat Valenciana\u201d.&nbsp;<\/p>\n","protected":false},"excerpt":{"rendered":"<div class=\"mh-excerpt\">El pleno municipal aprueba una propuesta del equipo de gobierno por reclamar una mejor asistencia y servicio de Correos en un \u00e1mbito econ\u00f3mico vital&nbsp; El pleno del Ayuntamiento de Riba-roja de T\u00faria ha acordado elevar <a class=\"mh-excerpt-more\" href=\"https:\/\/www.tucomarca.com\/wordpress\/segunda\/riba-roja-de-turia-solicita-a-correos-que-instale-unas-oficinas-de-atencion-publica-en-los-poligonos-industriales-que-responda-a-las-necesidades-de-las-empresas\/\" title=\"Riba-roja de T\u00faria solicita a Correos que instale unas oficinas de atenci\u00f3n p\u00fablica en los pol\u00edgonos industriales que responda a las necesidades de las empresas&nbsp;\">[+] <\/a><\/div>\n","protected":false},"author":12,"featured_media":117128,"comment_status":"open","ping_status":"open","sticky":false,"template":"","format":"standard","meta":{"footnotes":""},"categories":[46,128,8,142,182,3],"tags":[10395,4115,15023],"class_list":{"0":"post-205353","1":"post","2":"type-post","3":"status-publish","4":"format-standard","5":"has-post-thumbnail","7":"category-camp-de-turia","8":"category-infraestructuras","9":"category-la-comarca","10":"category-politica-la-comarca","11":"category-riba-roja","12":"category-seccion","13":"tag-camp-de-turia","14":"tag-correos","15":"tag-riba-roja-de-turia"},"_links":{"self":[{"href":"https:\/\/www.tucomarca.com\/wordpress\/segunda\/wp-json\/wp\/v2\/posts\/205353","targetHints":{"allow":["GET"]}}],"collection":[{"href":"https:\/\/www.tucomarca.com\/wordpress\/segunda\/wp-json\/wp\/v2\/posts"}],"about":[{"href":"https:\/\/www.tucomarca.com\/wordpress\/segunda\/wp-json\/wp\/v2\/types\/post"}],"author":[{"embeddable":true,"href":"https:\/\/www.tucomarca.com\/wordpress\/segunda\/wp-json\/wp\/v2\/users\/12"}],"replies":[{"embeddable":true,"href":"https:\/\/www.tucomarca.com\/wordpress\/segunda\/wp-json\/wp\/v2\/comments?post=205353"}],"version-history":[{"count":0,"href":"https:\/\/www.tucomarca.com\/wordpress\/segunda\/wp-json\/wp\/v2\/posts\/205353\/revisions"}],"wp:featuredmedia":[{"embeddable":true,"href":"https:\/\/www.tucomarca.com\/wordpress\/segunda\/wp-json\/wp\/v2\/media\/117128"}],"wp:attachment":[{"href":"https:\/\/www.tucomarca.com\/wordpress\/segunda\/wp-json\/wp\/v2\/media?parent=205353"}],"wp:term":[{"taxonomy":"category","embeddable":true,"href":"https:\/\/www.tucomarca.com\/wordpress\/segunda\/wp-json\/wp\/v2\/categories?post=205353"},{"taxonomy":"post_tag","embeddable":true,"href":"https:\/\/www.tucomarca.com\/wordpress\/segunda\/wp-json\/wp\/v2\/tags?post=205353"}],"curies":[{"name":"wp","href":"https:\/\/api.w.org\/{rel}","templated":true}]}}