{"id":205464,"date":"2023-12-18T10:30:00","date_gmt":"2023-12-18T09:30:00","guid":{"rendered":"https:\/\/www.tucomarca.com\/wordpress\/segunda\/?p=205464"},"modified":"2023-12-18T20:24:52","modified_gmt":"2023-12-18T19:24:52","slug":"fotogaleria-cheste-celebra-el-dia-del-arbol-de-la-infancia-con-los-ninos-y-las-ninas-nacidos-en-2022-como-protagonistas","status":"publish","type":"post","link":"https:\/\/www.tucomarca.com\/wordpress\/segunda\/fotogaleria-cheste-celebra-el-dia-del-arbol-de-la-infancia-con-los-ninos-y-las-ninas-nacidos-en-2022-como-protagonistas\/","title":{"rendered":"Fotogaler\u00eda: Cheste celebra el D\u00eda del \u00e1rbol de la infancia con los ni\u00f1os y las ni\u00f1as nacidos en 2022 como protagonistas"},"content":{"rendered":"\n<p>Ayer, domingo 17 de diciembre, el Ayuntamiento convoc\u00f3 a las familias de los ni\u00f1os y las ni\u00f1as nacidos en 2022 en la segunda arboleda de polideportivo para celebrar el D\u00eda del \u00e1rbol de la infancia.<\/p>\n\n\n\n<p>El acto cont\u00f3 con la plantaci\u00f3n de un \u00e1rbol conmemorativo, en la que particip\u00f3 el alcalde, Jos\u00e9 Morell. \u201cEste acto iba a tener lugar en mayo, pero la lluvia lo impidi\u00f3; sin embargo hemos llegado a tiempo para que se celebre dentro del a\u00f1o siguiente al que ellos nacieron. Es un d\u00eda entra\u00f1able y es un placer compartirlo con cada generaci\u00f3n de chestanos y chestanas que va naciendo; adem\u00e1s es una ma\u00f1ana en la que muchas familias os pon\u00e9is caras, y es importante, ya que vais a compartir en los pr\u00f3ximos a\u00f1os momentos muy especiales de vuestras vidas. Como ya es tradici\u00f3n en Cheste, ya que lleva haci\u00e9ndose m\u00e1s de dos d\u00e9cadas, vamos a plantar un \u00e1rbol conmemorativo por esta generaci\u00f3n, en este caso una jacaranda\u201d, manifest\u00f3 Morell.<\/p>\n\n\n\n<p>Tras la plantaci\u00f3n se inaugur\u00f3 una placa de cer\u00e1mica con los nombres de los ni\u00f1os y las ni\u00f1as. Adem\u00e1s, durante la jornada hubo hinchables y pintacaras y las familias pudieron participar en una foto grupal, que estar\u00e1 disponible en la oficina de Turismo a partir del 15 de enero para su recogida.&nbsp;<\/p>\n\n\n\n<figure class=\"wp-block-gallery has-nested-images columns-2 is-cropped wp-block-gallery-1 is-layout-flex wp-block-gallery-is-layout-flex\">\n<figure class=\"wp-block-image size-large\"><img loading=\"lazy\" decoding=\"async\" width=\"886\" height=\"591\" data-id=\"205465\" src=\"https:\/\/www.tucomarca.com\/wordpress\/segunda\/wp-content\/uploads\/2023\/12\/ChesteArbolInfancia_1.jpg\" alt=\"\" class=\"wp-image-205465\" srcset=\"https:\/\/www.tucomarca.com\/wordpress\/segunda\/wp-content\/uploads\/2023\/12\/ChesteArbolInfancia_1.jpg 886w, https:\/\/www.tucomarca.com\/wordpress\/segunda\/wp-content\/uploads\/2023\/12\/ChesteArbolInfancia_1-300x200.jpg 300w, https:\/\/www.tucomarca.com\/wordpress\/segunda\/wp-content\/uploads\/2023\/12\/ChesteArbolInfancia_1-768x512.jpg 768w\" sizes=\"auto, (max-width: 886px) 100vw, 886px\" \/><\/figure>\n\n\n\n<figure class=\"wp-block-image size-large\"><img loading=\"lazy\" decoding=\"async\" width=\"886\" height=\"591\" data-id=\"205467\" src=\"https:\/\/www.tucomarca.com\/wordpress\/segunda\/wp-content\/uploads\/2023\/12\/ChesteArbolInfancia_2.jpg\" alt=\"\" class=\"wp-image-205467\" srcset=\"https:\/\/www.tucomarca.com\/wordpress\/segunda\/wp-content\/uploads\/2023\/12\/ChesteArbolInfancia_2.jpg 886w, https:\/\/www.tucomarca.com\/wordpress\/segunda\/wp-content\/uploads\/2023\/12\/ChesteArbolInfancia_2-300x200.jpg 300w, https:\/\/www.tucomarca.com\/wordpress\/segunda\/wp-content\/uploads\/2023\/12\/ChesteArbolInfancia_2-768x512.jpg 768w\" sizes=\"auto, (max-width: 886px) 100vw, 886px\" \/><\/figure>\n\n\n\n<figure class=\"wp-block-image size-large\"><img loading=\"lazy\" decoding=\"async\" width=\"886\" height=\"591\" data-id=\"205471\" src=\"https:\/\/www.tucomarca.com\/wordpress\/segunda\/wp-content\/uploads\/2023\/12\/ChesteArbolInfancia_4.jpg\" alt=\"\" class=\"wp-image-205471\" srcset=\"https:\/\/www.tucomarca.com\/wordpress\/segunda\/wp-content\/uploads\/2023\/12\/ChesteArbolInfancia_4.jpg 886w, https:\/\/www.tucomarca.com\/wordpress\/segunda\/wp-content\/uploads\/2023\/12\/ChesteArbolInfancia_4-300x200.jpg 300w, https:\/\/www.tucomarca.com\/wordpress\/segunda\/wp-content\/uploads\/2023\/12\/ChesteArbolInfancia_4-768x512.jpg 768w\" sizes=\"auto, (max-width: 886px) 100vw, 886px\" \/><\/figure>\n\n\n\n<figure class=\"wp-block-image size-large\"><img loading=\"lazy\" decoding=\"async\" width=\"886\" height=\"591\" data-id=\"205473\" src=\"https:\/\/www.tucomarca.com\/wordpress\/segunda\/wp-content\/uploads\/2023\/12\/ChesteArbolInfancia_5.jpg\" alt=\"\" class=\"wp-image-205473\" srcset=\"https:\/\/www.tucomarca.com\/wordpress\/segunda\/wp-content\/uploads\/2023\/12\/ChesteArbolInfancia_5.jpg 886w, https:\/\/www.tucomarca.com\/wordpress\/segunda\/wp-content\/uploads\/2023\/12\/ChesteArbolInfancia_5-300x200.jpg 300w, https:\/\/www.tucomarca.com\/wordpress\/segunda\/wp-content\/uploads\/2023\/12\/ChesteArbolInfancia_5-768x512.jpg 768w\" sizes=\"auto, (max-width: 886px) 100vw, 886px\" \/><\/figure>\n<\/figure>\n","protected":false},"excerpt":{"rendered":"<div class=\"mh-excerpt\">Ayer, domingo 17 de diciembre, el Ayuntamiento convoc\u00f3 a las familias de los ni\u00f1os y las ni\u00f1as nacidos en 2022 en la segunda arboleda de polideportivo para celebrar el D\u00eda del \u00e1rbol de la infancia. <a class=\"mh-excerpt-more\" href=\"https:\/\/www.tucomarca.com\/wordpress\/segunda\/fotogaleria-cheste-celebra-el-dia-del-arbol-de-la-infancia-con-los-ninos-y-las-ninas-nacidos-en-2022-como-protagonistas\/\" title=\"Fotogaler\u00eda: Cheste celebra el D\u00eda del \u00e1rbol de la infancia con los ni\u00f1os y las ni\u00f1as nacidos en 2022 como protagonistas\">[+] <\/a><\/div>\n","protected":false},"author":12,"featured_media":205469,"comment_status":"open","ping_status":"open","sticky":false,"template":"","format":"gallery","meta":{"footnotes":""},"categories":[17,8,10,117,7,3],"tags":[339,20044,5952],"class_list":{"0":"post-205464","1":"post","2":"type-post","3":"status-publish","4":"format-gallery","5":"has-post-thumbnail","7":"category-cheste","8":"category-la-comarca","9":"category-la-hoya","10":"category-medio-ambiente-la-comarca","11":"category-ocio-y-cultura","12":"category-seccion","13":"tag-cheste-2","14":"tag-dia-del-arbol-de-la-infancia","15":"tag-la-hoya-de-bunol-chiva","16":"post_format-post-format-gallery"},"_links":{"self":[{"href":"https:\/\/www.tucomarca.com\/wordpress\/segunda\/wp-json\/wp\/v2\/posts\/205464","targetHints":{"allow":["GET"]}}],"collection":[{"href":"https:\/\/www.tucomarca.com\/wordpress\/segunda\/wp-json\/wp\/v2\/posts"}],"about":[{"href":"https:\/\/www.tucomarca.com\/wordpress\/segunda\/wp-json\/wp\/v2\/types\/post"}],"author":[{"embeddable":true,"href":"https:\/\/www.tucomarca.com\/wordpress\/segunda\/wp-json\/wp\/v2\/users\/12"}],"replies":[{"embeddable":true,"href":"https:\/\/www.tucomarca.com\/wordpress\/segunda\/wp-json\/wp\/v2\/comments?post=205464"}],"version-history":[{"count":0,"href":"https:\/\/www.tucomarca.com\/wordpress\/segunda\/wp-json\/wp\/v2\/posts\/205464\/revisions"}],"wp:featuredmedia":[{"embeddable":true,"href":"https:\/\/www.tucomarca.com\/wordpress\/segunda\/wp-json\/wp\/v2\/media\/205469"}],"wp:attachment":[{"href":"https:\/\/www.tucomarca.com\/wordpress\/segunda\/wp-json\/wp\/v2\/media?parent=205464"}],"wp:term":[{"taxonomy":"category","embeddable":true,"href":"https:\/\/www.tucomarca.com\/wordpress\/segunda\/wp-json\/wp\/v2\/categories?post=205464"},{"taxonomy":"post_tag","embeddable":true,"href":"https:\/\/www.tucomarca.com\/wordpress\/segunda\/wp-json\/wp\/v2\/tags?post=205464"}],"curies":[{"name":"wp","href":"https:\/\/api.w.org\/{rel}","templated":true}]}}