{"id":205536,"date":"2023-12-18T12:55:00","date_gmt":"2023-12-18T11:55:00","guid":{"rendered":"https:\/\/www.tucomarca.com\/wordpress\/segunda\/?p=205536"},"modified":"2023-12-18T21:31:22","modified_gmt":"2023-12-18T20:31:22","slug":"los-vinedos-viejos-de-requena-utiel-ofrecen-vinos-de-alta-calidad-y-tienen-un-gran-valor-historico-y-paisajistico","status":"publish","type":"post","link":"https:\/\/www.tucomarca.com\/wordpress\/segunda\/los-vinedos-viejos-de-requena-utiel-ofrecen-vinos-de-alta-calidad-y-tienen-un-gran-valor-historico-y-paisajistico\/","title":{"rendered":"Los vi\u00f1edos viejos de Requena-Utiel ofrecen vinos de alta calidad unido a un gran valor hist\u00f3rico y paisaj\u00edstico"},"content":{"rendered":"\n<p>En la comarca Requena-Utiel, aunque cada vez menor, hay una extensi\u00f3n importante de vi\u00f1edos con vides viejas que oscilan entre los 50 y los 100 a\u00f1os. Son cepas poco productivas, pero de ellas se obtienen uvas con las que se consiguen vinos de alta calidad, con caracter\u00edsticas peculiares.<\/p>\n\n\n\n<p>Las parcelas con vides viejas estructuradas por el tradicional sistema en vaso, est\u00e1n siendo sustituidas por plantaciones de cepas j\u00f3venes formadas en espaldera.<\/p>\n\n\n\n<p>De todas formas, hay viticultores interesados en mantener los vi\u00f1edos viejos, porque adem\u00e1s de proporcionar vinos de alta calidad tienen un valor hist\u00f3rico incalculable. Informa, <strong>Luis Ib\u00e1\u00f1ez.<\/strong><\/p>\n","protected":false},"excerpt":{"rendered":"<div class=\"mh-excerpt\">En la comarca Requena-Utiel, aunque cada vez menor, hay una extensi\u00f3n importante de vi\u00f1edos con vides viejas que oscilan entre los 50 y los 100 a\u00f1os. Son cepas poco productivas, pero de ellas se obtienen <a class=\"mh-excerpt-more\" href=\"https:\/\/www.tucomarca.com\/wordpress\/segunda\/los-vinedos-viejos-de-requena-utiel-ofrecen-vinos-de-alta-calidad-y-tienen-un-gran-valor-historico-y-paisajistico\/\" title=\"Los vi\u00f1edos viejos de Requena-Utiel ofrecen vinos de alta calidad unido a un gran valor hist\u00f3rico y paisaj\u00edstico\">[+] <\/a><\/div>\n","protected":false},"author":12,"featured_media":205542,"comment_status":"open","ping_status":"open","sticky":false,"template":"","format":"standard","meta":{"footnotes":""},"categories":[169,113,128,8,7,28,27,3,45],"tags":[10388,10387,10389,1421],"class_list":{"0":"post-205536","1":"post","2":"type-post","3":"status-publish","4":"format-standard","5":"has-post-thumbnail","7":"category-agricultura-la-comarca","8":"category-vinos","9":"category-infraestructuras","10":"category-la-comarca","11":"category-ocio-y-cultura","12":"category-requena","13":"category-requena-utiel","14":"category-seccion","15":"category-ventana","16":"tag-requena","17":"tag-requena-utiel","18":"tag-utiel","19":"tag-vinos-2"},"_links":{"self":[{"href":"https:\/\/www.tucomarca.com\/wordpress\/segunda\/wp-json\/wp\/v2\/posts\/205536","targetHints":{"allow":["GET"]}}],"collection":[{"href":"https:\/\/www.tucomarca.com\/wordpress\/segunda\/wp-json\/wp\/v2\/posts"}],"about":[{"href":"https:\/\/www.tucomarca.com\/wordpress\/segunda\/wp-json\/wp\/v2\/types\/post"}],"author":[{"embeddable":true,"href":"https:\/\/www.tucomarca.com\/wordpress\/segunda\/wp-json\/wp\/v2\/users\/12"}],"replies":[{"embeddable":true,"href":"https:\/\/www.tucomarca.com\/wordpress\/segunda\/wp-json\/wp\/v2\/comments?post=205536"}],"version-history":[{"count":0,"href":"https:\/\/www.tucomarca.com\/wordpress\/segunda\/wp-json\/wp\/v2\/posts\/205536\/revisions"}],"wp:featuredmedia":[{"embeddable":true,"href":"https:\/\/www.tucomarca.com\/wordpress\/segunda\/wp-json\/wp\/v2\/media\/205542"}],"wp:attachment":[{"href":"https:\/\/www.tucomarca.com\/wordpress\/segunda\/wp-json\/wp\/v2\/media?parent=205536"}],"wp:term":[{"taxonomy":"category","embeddable":true,"href":"https:\/\/www.tucomarca.com\/wordpress\/segunda\/wp-json\/wp\/v2\/categories?post=205536"},{"taxonomy":"post_tag","embeddable":true,"href":"https:\/\/www.tucomarca.com\/wordpress\/segunda\/wp-json\/wp\/v2\/tags?post=205536"}],"curies":[{"name":"wp","href":"https:\/\/api.w.org\/{rel}","templated":true}]}}