{"id":205744,"date":"2023-12-20T10:00:00","date_gmt":"2023-12-20T09:00:00","guid":{"rendered":"https:\/\/www.tucomarca.com\/wordpress\/segunda\/?p=205744"},"modified":"2023-12-20T18:07:04","modified_gmt":"2023-12-20T17:07:04","slug":"educacion-revisa-la-tramitacion-para-la-integracion-del-conservatorio-municipal-de-riba-roja-y-otros-cuatro-mas-en-la-red-de-la-generalitat","status":"publish","type":"post","link":"https:\/\/www.tucomarca.com\/wordpress\/segunda\/educacion-revisa-la-tramitacion-para-la-integracion-del-conservatorio-municipal-de-riba-roja-y-otros-cuatro-mas-en-la-red-de-la-generalitat\/","title":{"rendered":"Educaci\u00f3n revisa la tramitaci\u00f3n para la integraci\u00f3n del conservatorio municipal de Riba-roja y otros cuatro m\u00e1s en la red de la Generalitat"},"content":{"rendered":"\n<h3 class=\"wp-block-heading\"><strong>El anterior equipo de la Conselleria no incluy\u00f3 en las memorias econ\u00f3micas los gastos adicionales de personal para complementar la plantilla<\/strong>. <strong>Se trata de los conservatorios de Sagunt, Alcoi, Almorad\u00ed, X\u00e0tiva y Riba-roja<\/strong>.<\/h3>\n\n\n\n<p>La Conselleria de Educaci\u00f3n, Universidades y Empleo est\u00e1 estudiando la tramitaci\u00f3n para la integraci\u00f3n de diversos conservatorios municipales en la red de la Generalitat para subsanar errores.<\/p>\n\n\n\n<p>Se trata de los conservatorios de Sagunt, Alcoi, Almorad\u00ed, X\u00e0tiva y Riba-roja. Educaci\u00f3n ha manifestado que el anterior equipo de la Conselleria ten\u00eda informes desfavorables de patrimonio, informes de Infraestructuras incompletos -con aspectos a corregir sin subsanar- y que present\u00f3 memorias econ\u00f3micas que no contemplaban los gastos adicionales de personal para complementar la plantilla, sin detallar el n\u00famero de puestos a crear en cada curso escolar.<\/p>\n\n\n\n<p>As\u00ed, desde la Conselleria se est\u00e1 revisando el estado de estos conservatorios y la documentaci\u00f3n a aportar. \u201cLa tramitaci\u00f3n no estaba finalizada y ante la falta importante de documentos clave se ha tenido que revisar el proceso\u201d, se\u00f1alan desde la direcci\u00f3n general de Centros Docentes.&nbsp;<\/p>\n\n\n\n<p>Desde Educaci\u00f3n se explica, asimismo, que la pr\u00f3xima convocatoria de subvenciones para conservatorios se ha incrementado en m\u00e1s de 5 millones de euros, lo que va a suponer que la ayuda de todos los conservatorios no integrados suponga un incremento de m\u00e1s del 200 % con respecto a las que ven\u00edan recibiendo, que ayudar\u00e1 al pago de salarios y mantenimiento.&nbsp;<\/p>\n\n\n\n<p>El importe de las l\u00edneas nominativas destinadas a los ayuntamientos de Riba-roja, Alcoi, Almorad\u00ed, X\u00e0tiva y Sagunt se ha conseguido salvar reubic\u00e1ndolo en la l\u00ednea de subvenciones destinadas a conservatorios municipales y centros autorizados de m\u00fasica y danza, que ha pasado de 3.974.019,04\u20ac en los presupuestos de 2023 a 10.470.000\u20ac en los de 2024.<\/p>\n","protected":false},"excerpt":{"rendered":"<div class=\"mh-excerpt\">El anterior equipo de la Conselleria no incluy\u00f3 en las memorias econ\u00f3micas los gastos adicionales de personal para complementar la plantilla. Se trata de los conservatorios de Sagunt, Alcoi, Almorad\u00ed, X\u00e0tiva y Riba-roja. La Conselleria <a class=\"mh-excerpt-more\" href=\"https:\/\/www.tucomarca.com\/wordpress\/segunda\/educacion-revisa-la-tramitacion-para-la-integracion-del-conservatorio-municipal-de-riba-roja-y-otros-cuatro-mas-en-la-red-de-la-generalitat\/\" title=\"Educaci\u00f3n revisa la tramitaci\u00f3n para la integraci\u00f3n del conservatorio municipal de Riba-roja y otros cuatro m\u00e1s en la red de la Generalitat\">[+] <\/a><\/div>\n","protected":false},"author":1,"featured_media":179829,"comment_status":"open","ping_status":"open","sticky":false,"template":"","format":"standard","meta":{"footnotes":""},"categories":[46,66,128,8,72,7,142,182,3,45],"tags":[10395,286,8900],"class_list":{"0":"post-205744","1":"post","2":"type-post","3":"status-publish","4":"format-standard","5":"has-post-thumbnail","7":"category-camp-de-turia","8":"category-musica","9":"category-infraestructuras","10":"category-la-comarca","11":"category-sin-categorizar","12":"category-ocio-y-cultura","13":"category-politica-la-comarca","14":"category-riba-roja","15":"category-seccion","16":"category-ventana","17":"tag-camp-de-turia","18":"tag-conservatorio","19":"tag-riba-roja-del-turia"},"_links":{"self":[{"href":"https:\/\/www.tucomarca.com\/wordpress\/segunda\/wp-json\/wp\/v2\/posts\/205744","targetHints":{"allow":["GET"]}}],"collection":[{"href":"https:\/\/www.tucomarca.com\/wordpress\/segunda\/wp-json\/wp\/v2\/posts"}],"about":[{"href":"https:\/\/www.tucomarca.com\/wordpress\/segunda\/wp-json\/wp\/v2\/types\/post"}],"author":[{"embeddable":true,"href":"https:\/\/www.tucomarca.com\/wordpress\/segunda\/wp-json\/wp\/v2\/users\/1"}],"replies":[{"embeddable":true,"href":"https:\/\/www.tucomarca.com\/wordpress\/segunda\/wp-json\/wp\/v2\/comments?post=205744"}],"version-history":[{"count":0,"href":"https:\/\/www.tucomarca.com\/wordpress\/segunda\/wp-json\/wp\/v2\/posts\/205744\/revisions"}],"wp:featuredmedia":[{"embeddable":true,"href":"https:\/\/www.tucomarca.com\/wordpress\/segunda\/wp-json\/wp\/v2\/media\/179829"}],"wp:attachment":[{"href":"https:\/\/www.tucomarca.com\/wordpress\/segunda\/wp-json\/wp\/v2\/media?parent=205744"}],"wp:term":[{"taxonomy":"category","embeddable":true,"href":"https:\/\/www.tucomarca.com\/wordpress\/segunda\/wp-json\/wp\/v2\/categories?post=205744"},{"taxonomy":"post_tag","embeddable":true,"href":"https:\/\/www.tucomarca.com\/wordpress\/segunda\/wp-json\/wp\/v2\/tags?post=205744"}],"curies":[{"name":"wp","href":"https:\/\/api.w.org\/{rel}","templated":true}]}}