{"id":205756,"date":"2023-12-20T13:00:00","date_gmt":"2023-12-20T12:00:00","guid":{"rendered":"https:\/\/www.tucomarca.com\/wordpress\/segunda\/?p=205756"},"modified":"2023-12-20T20:28:19","modified_gmt":"2023-12-20T19:28:19","slug":"el-primer-teniente-de-alcalde-por-el-prya-joaquin-gonzalez-hace-valoracion-de-los-seis-primeros-meses-de-gobierno-en-requena","status":"publish","type":"post","link":"https:\/\/www.tucomarca.com\/wordpress\/segunda\/el-primer-teniente-de-alcalde-por-el-prya-joaquin-gonzalez-hace-valoracion-de-los-seis-primeros-meses-de-gobierno-en-requena\/","title":{"rendered":"El Primer Teniente de Alcalde por el PRyA, Joaqu\u00edn Gonz\u00e1lez, hace valoraci\u00f3n de los seis primeros meses de gobierno en Requena"},"content":{"rendered":"\n<p>El 1Primer Teniente de Alcalde por el PRyA, Joaqu\u00edn Gonz\u00e1lez, hace valoraci\u00f3n de los seis primeros meses de gobierno: \u00abEn los primeros seis meses de mi gesti\u00f3n al frente de la concejal\u00edas de Urbanismo, Obras, Accesibilidad, Transportes y Aldeas se han realizado de manera continua importantes labores de trabajo en \u00e9stas importantes \u00e1reas\u00bb.\u00a0<\/p>\n\n\n\n<p>\u00abEstas han sido algunas de las actuaciones de mis \u00e1reas de gesti\u00f3n:<\/p>\n\n\n\n<p>\u25aa<strong> Obras. <\/strong>Desde esta concejal\u00eda gestionada por el PRyA se ha trabajado intensamente durante estos primeros meses de legislatura en cuanto a obras se refiere, se han concluido los accesos a la pista de atletismo, la rehabilitaci\u00f3n de los centros sociales de Los Cojos y Los Duques, la construcci\u00f3n de la pasarela de acceso al barrio de Balsa de Moros, la rehabilitaci\u00f3n de la C\/ Escultor Garc\u00eda Gonz\u00e1lez (m\u00e1s conocida como el \u201cestrecho de Las Pe\u00f1as\u201c) y la construcci\u00f3n de una pista de p\u00e1del en Los Isidros.&nbsp;<\/p>\n\n\n\n<p>En estos momentos se est\u00e1 llevando a cabo o van a comenzar en breve la rehabilitaci\u00f3n de la piscina de La Portera, la construcci\u00f3n de dos pistas de p\u00e1del y unos vestuarios en San Antonio, la reforma del antiguo matadero para sede de la Brigada Municipal, la construcci\u00f3n de unos vestuarios en la piscina de El Rebollar y la rehabilitaci\u00f3n de la pista deportiva del centro social de El Pont\u00f3n.&nbsp;<\/p>\n\n\n\n<p>En estos momentos se est\u00e1n redactando los proyectos de asfaltado de calles y caminos en Requena y las aldeas, la reforma del centro social de Barrio Arroyo y la rehabilitaci\u00f3n de la C\/ Garc\u00eda Mont\u00e9s.<\/p>\n\n\n\n<p>\u25aa<strong> Licencias de obra.<\/strong> De las aproximadamente 130 licencias de obra y parcelaciones paralizadas con las que nos encontramos al comenzar la legislatura, ya se ha dado salida a la mayor parte, por lo que, en unos d\u00edas, habremos acabado con el enorme retraso en la concesi\u00f3n de licencias y el departamento de urbanismo podr\u00e1 funcionar con normalidad.&nbsp;<\/p>\n\n\n\n<p>\u25aa <strong>Obras menores y accesibilidad.<\/strong> Se est\u00e1n realizando por todo el municipio multitud de reparaciones en la v\u00eda p\u00fablica, tales como cambio de baldosas, parcheado de socavones, colocaci\u00f3n de mobiliario urbano, reparaci\u00f3n de aceras, rampas para personas con movilidad reducida, etc, todo ello por parte de la brigada municipal.&nbsp;<\/p>\n\n\n\n<p>\u25aa <strong>Pintura vial. <\/strong>En estos momentos se est\u00e1 procediendo a pintar todas las marcas viales del municipio mediante la contrataci\u00f3n de una empresa externa, adecuando pasos de cebra, plazas de minusv\u00e1lidos y l\u00edneas blancas, amarillas y azules, de esta manera el 100% de la se\u00f1alizaci\u00f3n viaria quedar\u00e1 en perfectas condiciones.&nbsp;<\/p>\n\n\n\n<p>\u25aa <strong>Transportes: <\/strong>en estos momentos se est\u00e1 trabajando en mejorar y ampliar las ll\u00ednes de autob\u00fas del municipio, con especial atenci\u00f3n a dar servicio a Los Isidros, Los Cojos y Pen\u00e9n de Albosa, adem\u00e1s de mantener conversaciones sobre las frecuencias de paradas de AVE, as\u00ed como el contacto permanente con la administraci\u00f3n auton\u00f3mica para incrementar los servicios de transporte en nuestro municipio.&nbsp;<\/p>\n\n\n\n<p>\u25aa <strong>Aldeas.<\/strong> Las aldeas son muy importantes para el PRyA, es por ello que una vez se han elegido a los 25 alcaldes ped\u00e1neos, se ha procedido a recabar por parte de \u00e9stos las necesidades de cada aldea y est\u00e1n llevando a cabo reparaciones, obras, trabajos de pintura y otros similares en todas ellas. Desde el PRyA somos conscientes del enorme reto que supone adecuar nuestras aldeas, tan solo necesitamos tiempo\u00bb finaliza Joaqu\u00edn Gonz\u00e1lez.&nbsp;<\/p>\n","protected":false},"excerpt":{"rendered":"<div class=\"mh-excerpt\">El 1Primer Teniente de Alcalde por el PRyA, Joaqu\u00edn Gonz\u00e1lez, hace valoraci\u00f3n de los seis primeros meses de gobierno: \u00abEn los primeros seis meses de mi gesti\u00f3n al frente de la concejal\u00edas de Urbanismo, Obras, <a class=\"mh-excerpt-more\" href=\"https:\/\/www.tucomarca.com\/wordpress\/segunda\/el-primer-teniente-de-alcalde-por-el-prya-joaquin-gonzalez-hace-valoracion-de-los-seis-primeros-meses-de-gobierno-en-requena\/\" title=\"El Primer Teniente de Alcalde por el PRyA, Joaqu\u00edn Gonz\u00e1lez, hace valoraci\u00f3n de los seis primeros meses de gobierno en Requena\">[+] <\/a><\/div>\n","protected":false},"author":12,"featured_media":205760,"comment_status":"open","ping_status":"open","sticky":false,"template":"","format":"standard","meta":{"footnotes":""},"categories":[128,8,142,28,27,3],"tags":[7827,10388,10387],"class_list":{"0":"post-205756","1":"post","2":"type-post","3":"status-publish","4":"format-standard","5":"has-post-thumbnail","7":"category-infraestructuras","8":"category-la-comarca","9":"category-politica-la-comarca","10":"category-requena","11":"category-requena-utiel","12":"category-seccion","13":"tag-prya","14":"tag-requena","15":"tag-requena-utiel"},"_links":{"self":[{"href":"https:\/\/www.tucomarca.com\/wordpress\/segunda\/wp-json\/wp\/v2\/posts\/205756","targetHints":{"allow":["GET"]}}],"collection":[{"href":"https:\/\/www.tucomarca.com\/wordpress\/segunda\/wp-json\/wp\/v2\/posts"}],"about":[{"href":"https:\/\/www.tucomarca.com\/wordpress\/segunda\/wp-json\/wp\/v2\/types\/post"}],"author":[{"embeddable":true,"href":"https:\/\/www.tucomarca.com\/wordpress\/segunda\/wp-json\/wp\/v2\/users\/12"}],"replies":[{"embeddable":true,"href":"https:\/\/www.tucomarca.com\/wordpress\/segunda\/wp-json\/wp\/v2\/comments?post=205756"}],"version-history":[{"count":0,"href":"https:\/\/www.tucomarca.com\/wordpress\/segunda\/wp-json\/wp\/v2\/posts\/205756\/revisions"}],"wp:featuredmedia":[{"embeddable":true,"href":"https:\/\/www.tucomarca.com\/wordpress\/segunda\/wp-json\/wp\/v2\/media\/205760"}],"wp:attachment":[{"href":"https:\/\/www.tucomarca.com\/wordpress\/segunda\/wp-json\/wp\/v2\/media?parent=205756"}],"wp:term":[{"taxonomy":"category","embeddable":true,"href":"https:\/\/www.tucomarca.com\/wordpress\/segunda\/wp-json\/wp\/v2\/categories?post=205756"},{"taxonomy":"post_tag","embeddable":true,"href":"https:\/\/www.tucomarca.com\/wordpress\/segunda\/wp-json\/wp\/v2\/tags?post=205756"}],"curies":[{"name":"wp","href":"https:\/\/api.w.org\/{rel}","templated":true}]}}