{"id":205765,"date":"2023-12-20T08:00:00","date_gmt":"2023-12-20T07:00:00","guid":{"rendered":"https:\/\/www.tucomarca.com\/wordpress\/segunda\/?p=205765"},"modified":"2023-12-20T20:24:54","modified_gmt":"2023-12-20T19:24:54","slug":"el-departamento-de-salud-de-manises-anima-a-la-vacunacion-de-gripe-y-covid-con-una-campana-bajo-el-lema-protege-a-los-que-mas-quieres","status":"publish","type":"post","link":"https:\/\/www.tucomarca.com\/wordpress\/segunda\/el-departamento-de-salud-de-manises-anima-a-la-vacunacion-de-gripe-y-covid-con-una-campana-bajo-el-lema-protege-a-los-que-mas-quieres\/","title":{"rendered":"El Departamento de Salud de Manises anima a la vacunaci\u00f3n de gripe y covid con una campa\u00f1a bajo el lema \u201cProtege a los que m\u00e1s quieres\u201d"},"content":{"rendered":"\n<h4 class=\"wp-block-heading\">Todos los centros m\u00e9dicos de Bu\u00f1ol, Alborache, Macastre, Y\u00e0tova, Cheste, Chiva, Quart de Poblet, Godelleta, Tur\u00eds, Loriguilla, Riba-roja, Aldaia y Mislata llevan vacunando desde octubre<\/h4>\n\n\n\n<h4 class=\"wp-block-heading\">Los ciudadanos pueden pedir cita presencialmente en su centro de salud, por llamada telef\u00f3nica o a trav\u00e9s de la App de GVA&nbsp;<\/h4>\n\n\n\n<h4 class=\"wp-block-heading\">Los profesionales sanitarios del Departamento de Salud de Manises recuerdan que la prevenci\u00f3n \u201ces la mejor forma de cuidar de nuestra salud y cuidar a los que nos rodean\u201d<\/h4>\n\n\n\n<p>El fr\u00edo est\u00e1 llegando, y con \u00e9l las enfermedades infecciosas. Por eso, el Departamento de Salud de Manises inici\u00f3 el pasado mes de octubre la campa\u00f1a de vacunaci\u00f3n contra la gripe y la covid-19, que todav\u00eda sigue en marcha. \u201cComo todos los inviernos, animamos a los ciudadanos a inmunizarse contra la gripe y contra la covid-19, que es una enfermedad que sigue existiendo, aunque la incidencia sea m\u00e1s baja.\u201d, ha indicado el doctor Roberto Gorgues, coordinador de Atenci\u00f3n Primaria de Manises.&nbsp;<\/p>\n\n\n\n<p>As\u00ed, Gorgues ha incidido en que la manera m\u00e1s efectiva de evitar los s\u00edntomas, las visitas al hospital, el contagio y las posibles secuelas de estas enfermedades es la vacunaci\u00f3n. \u201cLa campa\u00f1a empez\u00f3 en octubre, pero la peor parte del fr\u00edo a\u00fan est\u00e1 por llegar. Los ciudadanos todav\u00eda est\u00e1n a tiempo de protegerse\u201d, ha se\u00f1alado. \u201cLa vacunaci\u00f3n es la mejor garant\u00eda para cuidar de nuestra salud y la de los que est\u00e1n a nuestro alrededor\u201d, ha rematado.&nbsp;<\/p>\n\n\n\n<p>De este modo, el coordinador de Atenci\u00f3n Primaria ha recordado que la vacunaci\u00f3n es una responsabilidad de todos. \u201cTodos estamos expuestos a contraer la gripe y la covid y padecer los s\u00edntomas, nadie est\u00e1 a salvo. Por eso, es mejor evitarlo a tiempo\u201d, ha iniciado. \u201cAdem\u00e1s, si nos vacunamos, evitamos convertirnos en una herramienta de propagaci\u00f3n de la enfermedad hacia los grupos de riesgo que tenemos alrededor\u201d, ha se\u00f1alado Gorgues. De este modo, ha instado a \u201cno convertirse en un foco de infecci\u00f3n\u201d y vacunarse. \u201cProteger a los que m\u00e1s quieres\u201d, ha finalizado.&nbsp;<\/p>\n\n\n\n<p>Para acercar la vacunaci\u00f3n a todos los ciudadanos, el Departamento de Salud de Manises tiene habilitados todos sus centros m\u00e9dicos desde el mes de octubre, en los municipios de Manises, Bu\u00f1ol, Alborache, Macastre, Y\u00e0tova, Cheste, Chiva, Quart de Poblet, Godelleta, Tur\u00eds, Loriguilla, Riba-roja, Aldaia y Mislata.&nbsp;<\/p>\n\n\n\n<p>As\u00ed, los ciudadanos interesados en pedir una cita previa pueden hacerlo de manera presencial en el mostrador de su centro m\u00e9dico m\u00e1s cercano, llamando por tel\u00e9fono al centro de salud de su inter\u00e9s o a trav\u00e9s de la App de GVA. &nbsp;<\/p>\n\n\n\n<p><strong>\u2018No dejes que la gripe o el Covid te tumbe\u2019<\/strong><\/p>\n\n\n\n<p>Por su parte, Carmen Girabent, directora de Enfermer\u00eda del Hospital de Manises ha recordado cu\u00e1les son los principales s\u00edntomas de la gripe, que en muchos casos tambi\u00e9n se pueden relacionar con los de la covid-19: tos, congesti\u00f3n nasal, fiebre alta, dolor muscular y de articulaciones, dolor de cabeza\u2026 \u201cCuando uno pasa la gripe, lo sabe perfectamente\u201d, indica. \u201cLa gripe no dura ni un d\u00eda ni dos, y tiene un impacto muy importante en la vida cotidiana, porque a veces nos tiene en la cama durante varios d\u00edas. Por eso es mucho mejor prevenir antes de tiempo\u201d.&nbsp;<\/p>\n\n\n\n<p>Adem\u00e1s, Girabent ha recordado que la gripe no tiene un tratamiento espec\u00edfico una vez se ha contra\u00eddo. \u201cSolo puedes esperar a que tu organismo luche contra ella y se te pase\u201d, ha resaltado en este sentido. \u201cSe puede tomar paracetamol o antigripales, que ayudan a paliar los s\u00edntomas. Pero la gripe hay que pasarla\u201d. Por eso, insiste en la importancia de la vacunaci\u00f3n para evitarla, en todos los grupos de edad.&nbsp;<\/p>\n\n\n\n<p><strong>\u2018Protege a los que m\u00e1s quieres\u2019<\/strong><\/p>\n\n\n\n<p>El doctor Roberto Gorgues ha explicado cu\u00e1les son los grupos con m\u00e1s riesgo de presentar complicaciones en caso de contraer la gripe o la covid-19, y ha recomendado la vacunaci\u00f3n tanto para ellos como las personas que est\u00e1n a su alrededor. \u201cLos mayores de 65 a\u00f1os son uno de los grupos de riesgo m\u00e1s extendidos, y tambi\u00e9n las personas con enfermedades cr\u00f3nicas cardiovasculares, neurol\u00f3gicas o respiratorias\u201d.<\/p>\n\n\n\n<p>Otros grupos en los que es recomendable la vacunaci\u00f3n propia y del entorno son las personas con diabetes mellitus, enfermedad renal cr\u00f3nica, anemias, trastornos hemorr\u00e1gicos, enfermedades hep\u00e1ticas, enfermedad inflamatoria cr\u00f3nica o c\u00e1ncer, as\u00ed como las personas cel\u00edacas, inmunodeprimidas o que hayan recibido un trasplante. \u201cEsto es especialmente relevante si los pacientes tienen que hacer visitas peri\u00f3dicas a centros m\u00e9dicos, o si han estado hospitalizados en el a\u00f1o previo\u201d, expone el doctor Gorgues.&nbsp;<\/p>\n\n\n\n<p>Tambi\u00e9n es recomendable la vacunaci\u00f3n de las personas con disfunciones cognitivas, y de las mujeres embarazas en cualquier periodo de gestaci\u00f3n. Y, finalmente, recuerda que los beb\u00e9s mayores de 6 meses ya prueben recibir la primera dosis de la gripe, y que la vacunaci\u00f3n de la covid-19 puede empezar a partir de los 5 a\u00f1os.<\/p>\n\n\n\n<p>Adem\u00e1s, el doctor incide en que es especialmente importante la vacunaci\u00f3n para las personas que proporcionan cuidados a pacientes de alto riesgo y mayores, y las personas que conviven en el hogar con personas de alto riesgo. Por lo que respecta a grupos profesionales, la vacunaci\u00f3n est\u00e1 recomendada para las personas que trabajan en centros de salud, en instituciones geri\u00e1tricas o con enfermos cr\u00f3nicos, estudiantes en pr\u00e1cticas en centros sanitarios o los Cuerpos y Fuerzas de Seguridad del Estado, en los que se incluyen Bomberos y Protecci\u00f3n Civil.&nbsp;<\/p>\n\n\n\n<p><\/p>\n","protected":false},"excerpt":{"rendered":"<div class=\"mh-excerpt\">Todos los centros m\u00e9dicos de Bu\u00f1ol, Alborache, Macastre, Y\u00e0tova, Cheste, Chiva, Quart de Poblet, Godelleta, Tur\u00eds, Loriguilla, Riba-roja, Aldaia y Mislata llevan vacunando desde octubre Los ciudadanos pueden pedir cita presencialmente en su centro de <a class=\"mh-excerpt-more\" href=\"https:\/\/www.tucomarca.com\/wordpress\/segunda\/el-departamento-de-salud-de-manises-anima-a-la-vacunacion-de-gripe-y-covid-con-una-campana-bajo-el-lema-protege-a-los-que-mas-quieres\/\" title=\"El Departamento de Salud de Manises anima a la vacunaci\u00f3n de gripe y covid con una campa\u00f1a bajo el lema \u201cProtege a los que m\u00e1s quieres\u201d\">[+] <\/a><\/div>\n","protected":false},"author":12,"featured_media":205768,"comment_status":"open","ping_status":"open","sticky":false,"template":"","format":"standard","meta":{"footnotes":""},"categories":[19,18,46,119,17,16,14,128,8,10,42,178,13,182,3,43,45,11],"tags":[11478,136],"class_list":{"0":"post-205765","1":"post","2":"type-post","3":"status-publish","4":"format-standard","5":"has-post-thumbnail","7":"category-alborache","8":"category-bunol","9":"category-camp-de-turia","10":"category-sanidad-la-comarca","11":"category-cheste","12":"category-chiva","13":"category-godelleta","14":"category-infraestructuras","15":"category-la-comarca","16":"category-la-hoya","17":"category-la-ribera","18":"category-loriguilla","19":"category-macastre","20":"category-riba-roja","21":"category-seccion","22":"category-turis","23":"category-ventana","24":"category-yatova","25":"tag-departamento-de-salud-de-manises","26":"tag-hospital-de-manises"},"_links":{"self":[{"href":"https:\/\/www.tucomarca.com\/wordpress\/segunda\/wp-json\/wp\/v2\/posts\/205765","targetHints":{"allow":["GET"]}}],"collection":[{"href":"https:\/\/www.tucomarca.com\/wordpress\/segunda\/wp-json\/wp\/v2\/posts"}],"about":[{"href":"https:\/\/www.tucomarca.com\/wordpress\/segunda\/wp-json\/wp\/v2\/types\/post"}],"author":[{"embeddable":true,"href":"https:\/\/www.tucomarca.com\/wordpress\/segunda\/wp-json\/wp\/v2\/users\/12"}],"replies":[{"embeddable":true,"href":"https:\/\/www.tucomarca.com\/wordpress\/segunda\/wp-json\/wp\/v2\/comments?post=205765"}],"version-history":[{"count":0,"href":"https:\/\/www.tucomarca.com\/wordpress\/segunda\/wp-json\/wp\/v2\/posts\/205765\/revisions"}],"wp:featuredmedia":[{"embeddable":true,"href":"https:\/\/www.tucomarca.com\/wordpress\/segunda\/wp-json\/wp\/v2\/media\/205768"}],"wp:attachment":[{"href":"https:\/\/www.tucomarca.com\/wordpress\/segunda\/wp-json\/wp\/v2\/media?parent=205765"}],"wp:term":[{"taxonomy":"category","embeddable":true,"href":"https:\/\/www.tucomarca.com\/wordpress\/segunda\/wp-json\/wp\/v2\/categories?post=205765"},{"taxonomy":"post_tag","embeddable":true,"href":"https:\/\/www.tucomarca.com\/wordpress\/segunda\/wp-json\/wp\/v2\/tags?post=205765"}],"curies":[{"name":"wp","href":"https:\/\/api.w.org\/{rel}","templated":true}]}}