{"id":205797,"date":"2023-12-22T12:30:00","date_gmt":"2023-12-22T11:30:00","guid":{"rendered":"https:\/\/www.tucomarca.com\/wordpress\/segunda\/?p=205797"},"modified":"2023-12-22T21:06:25","modified_gmt":"2023-12-22T20:06:25","slug":"chiva-presenta-las-bases-de-la-xxxiii-edicion-de-sus-premios-otono","status":"publish","type":"post","link":"https:\/\/www.tucomarca.com\/wordpress\/segunda\/chiva-presenta-las-bases-de-la-xxxiii-edicion-de-sus-premios-otono\/","title":{"rendered":"Chiva presenta las bases de la XXXIII edici\u00f3n de sus Premios Oto\u00f1o"},"content":{"rendered":"\n<p>Esta nueva edici\u00f3n, cuenta con una dotaci\u00f3n econ\u00f3mica de mil ochocientos euros para la obra premiada en su especialidad de Creaci\u00f3n Art\u00edstica y de mil ochocientos euros en la especialidad de Creaci\u00f3n Literaria.<\/p>\n\n\n\n<p>En el apartado de Creaci\u00f3n Art\u00edstica se podr\u00e1n presentar trabajos de pintura, fotograf\u00eda, escultura y poes\u00eda visual. Por su parte, en el apartado de Creaci\u00f3n Literaria se podr\u00e1n presentar trabajos de novelas, conjuntos de relatos, narrativa breve, poes\u00eda y escritura teatral. Las obras tendr\u00e1n plena libertad tem\u00e1tica, escritos en<br>cualquier lengua oficial de la Comunidad Valenciana.<\/p>\n\n\n\n<p>La edici\u00f3n de los Premios Oto\u00f1o \u00abVilla de Chiva\u00bb, supone una muestra del apoyo y reconocimiento a los creadores locales. Mediante la convocatoria anual, se busca que los colectivos de creadores, encuentren en nuestra oferta cultural, una plataforma para divulgar sus obras, haciendo que \u00e9stas consigan el reconocimiento de los jurados de cada una de las modalidades de la que es objeto cada convocatoria.<br>Las bases de la presente convocatoria se pueden consultar en el tabl\u00f3n de anuncios de la sede electr\u00f3nica del Ayuntamiento de Chiva:&nbsp;https:\/\/chiva.sedelectronica.es\/board\/<br>El plazo de presentaci\u00f3n de candidaturas en cada una de las modalidades finaliza el 29 de diciembre.<\/p>\n","protected":false},"excerpt":{"rendered":"<div class=\"mh-excerpt\">Esta nueva edici\u00f3n, cuenta con una dotaci\u00f3n econ\u00f3mica de mil ochocientos euros para la obra premiada en su especialidad de Creaci\u00f3n Art\u00edstica y de mil ochocientos euros en la especialidad de Creaci\u00f3n Literaria. En el <a class=\"mh-excerpt-more\" href=\"https:\/\/www.tucomarca.com\/wordpress\/segunda\/chiva-presenta-las-bases-de-la-xxxiii-edicion-de-sus-premios-otono\/\" title=\"Chiva presenta las bases de la XXXIII edici\u00f3n de sus Premios Oto\u00f1o\">[+] <\/a><\/div>\n","protected":false},"author":12,"featured_media":205799,"comment_status":"open","ping_status":"open","sticky":false,"template":"","format":"standard","meta":{"footnotes":""},"categories":[4,16,8,10,7,3],"tags":[10384,5952,20051],"class_list":{"0":"post-205797","1":"post","2":"type-post","3":"status-publish","4":"format-standard","5":"has-post-thumbnail","7":"category-agenda","8":"category-chiva","9":"category-la-comarca","10":"category-la-hoya","11":"category-ocio-y-cultura","12":"category-seccion","13":"tag-chiva","14":"tag-la-hoya-de-bunol-chiva","15":"tag-xxxiii-premios-otono-de-chiva"},"_links":{"self":[{"href":"https:\/\/www.tucomarca.com\/wordpress\/segunda\/wp-json\/wp\/v2\/posts\/205797","targetHints":{"allow":["GET"]}}],"collection":[{"href":"https:\/\/www.tucomarca.com\/wordpress\/segunda\/wp-json\/wp\/v2\/posts"}],"about":[{"href":"https:\/\/www.tucomarca.com\/wordpress\/segunda\/wp-json\/wp\/v2\/types\/post"}],"author":[{"embeddable":true,"href":"https:\/\/www.tucomarca.com\/wordpress\/segunda\/wp-json\/wp\/v2\/users\/12"}],"replies":[{"embeddable":true,"href":"https:\/\/www.tucomarca.com\/wordpress\/segunda\/wp-json\/wp\/v2\/comments?post=205797"}],"version-history":[{"count":0,"href":"https:\/\/www.tucomarca.com\/wordpress\/segunda\/wp-json\/wp\/v2\/posts\/205797\/revisions"}],"wp:featuredmedia":[{"embeddable":true,"href":"https:\/\/www.tucomarca.com\/wordpress\/segunda\/wp-json\/wp\/v2\/media\/205799"}],"wp:attachment":[{"href":"https:\/\/www.tucomarca.com\/wordpress\/segunda\/wp-json\/wp\/v2\/media?parent=205797"}],"wp:term":[{"taxonomy":"category","embeddable":true,"href":"https:\/\/www.tucomarca.com\/wordpress\/segunda\/wp-json\/wp\/v2\/categories?post=205797"},{"taxonomy":"post_tag","embeddable":true,"href":"https:\/\/www.tucomarca.com\/wordpress\/segunda\/wp-json\/wp\/v2\/tags?post=205797"}],"curies":[{"name":"wp","href":"https:\/\/api.w.org\/{rel}","templated":true}]}}