{"id":205896,"date":"2023-12-27T10:00:00","date_gmt":"2023-12-27T09:00:00","guid":{"rendered":"https:\/\/www.tucomarca.com\/wordpress\/segunda\/?p=205896"},"modified":"2023-12-27T12:14:24","modified_gmt":"2023-12-27T11:14:24","slug":"fotogaleria-actividades-para-todos-los-publicos-en-el-fin-de-semana-de-nochebuena-en-cheste","status":"publish","type":"post","link":"https:\/\/www.tucomarca.com\/wordpress\/segunda\/fotogaleria-actividades-para-todos-los-publicos-en-el-fin-de-semana-de-nochebuena-en-cheste\/","title":{"rendered":"Fotogaler\u00eda: actividades para todos los p\u00fablicos en el fin de semana de Nochebuena en Cheste"},"content":{"rendered":"\n<p>El pasado fin de semana los vecinos y vecinas de Cheste pudieron participar en actividades navide\u00f1as para todos los p\u00fablicos organizadas por el Ayuntamiento.<\/p>\n\n\n\n<figure class=\"wp-block-gallery has-nested-images columns-2 is-cropped wp-block-gallery-1 is-layout-flex wp-block-gallery-is-layout-flex\">\n<figure class=\"wp-block-image size-large\"><img loading=\"lazy\" decoding=\"async\" width=\"886\" height=\"591\" data-id=\"205898\" src=\"https:\/\/www.tucomarca.com\/wordpress\/segunda\/wp-content\/uploads\/2023\/12\/ChesteNochebuena1.jpg\" alt=\"\" class=\"wp-image-205898\" srcset=\"https:\/\/www.tucomarca.com\/wordpress\/segunda\/wp-content\/uploads\/2023\/12\/ChesteNochebuena1.jpg 886w, https:\/\/www.tucomarca.com\/wordpress\/segunda\/wp-content\/uploads\/2023\/12\/ChesteNochebuena1-300x200.jpg 300w, https:\/\/www.tucomarca.com\/wordpress\/segunda\/wp-content\/uploads\/2023\/12\/ChesteNochebuena1-768x512.jpg 768w\" sizes=\"auto, (max-width: 886px) 100vw, 886px\" \/><\/figure>\n\n\n\n<figure class=\"wp-block-image size-large\"><img loading=\"lazy\" decoding=\"async\" width=\"886\" height=\"591\" data-id=\"205902\" src=\"https:\/\/www.tucomarca.com\/wordpress\/segunda\/wp-content\/uploads\/2023\/12\/ChesteNochebuena3.jpg\" alt=\"\" class=\"wp-image-205902\" srcset=\"https:\/\/www.tucomarca.com\/wordpress\/segunda\/wp-content\/uploads\/2023\/12\/ChesteNochebuena3.jpg 886w, https:\/\/www.tucomarca.com\/wordpress\/segunda\/wp-content\/uploads\/2023\/12\/ChesteNochebuena3-300x200.jpg 300w, https:\/\/www.tucomarca.com\/wordpress\/segunda\/wp-content\/uploads\/2023\/12\/ChesteNochebuena3-768x512.jpg 768w\" sizes=\"auto, (max-width: 886px) 100vw, 886px\" \/><\/figure>\n\n\n\n<figure class=\"wp-block-image size-large\"><img loading=\"lazy\" decoding=\"async\" width=\"886\" height=\"591\" data-id=\"205900\" src=\"https:\/\/www.tucomarca.com\/wordpress\/segunda\/wp-content\/uploads\/2023\/12\/ChesteNochebuena2.jpg\" alt=\"\" class=\"wp-image-205900\" srcset=\"https:\/\/www.tucomarca.com\/wordpress\/segunda\/wp-content\/uploads\/2023\/12\/ChesteNochebuena2.jpg 886w, https:\/\/www.tucomarca.com\/wordpress\/segunda\/wp-content\/uploads\/2023\/12\/ChesteNochebuena2-300x200.jpg 300w, https:\/\/www.tucomarca.com\/wordpress\/segunda\/wp-content\/uploads\/2023\/12\/ChesteNochebuena2-768x512.jpg 768w\" sizes=\"auto, (max-width: 886px) 100vw, 886px\" \/><\/figure>\n<\/figure>\n\n\n\n<p>As\u00ed, el s\u00e1bado por la ma\u00f1ana, las familias disfrutaron de una minidisco infantil, en la plaza de la Ermita, y el mercado municipal recibi\u00f3 la visita de Pap\u00e1 Noel, que tom\u00f3 nota de los deseos de los ni\u00f1os y ni\u00f1as. Por la tarde, m\u00e1s de 300 personas se dieron cita en la plaza II Rep\u00fablica con motivo de la celebraci\u00f3n de la San Silvestre chestana para llenar de ambiente navide\u00f1o las calles de la localidad.<\/p>\n\n\n\n<p><strong>Nochebuena<\/strong><br>Las actividades continuaron el domingo, 24 de diciembre, con la interpretaci\u00f3n del Villancico de Cheste en la puerta de la iglesia, tras la misa de mediod\u00eda, por parte del grupo de danzas y el coro de la iglesia. Ya por la noche, la carpa municipal de la plaza II Rep\u00fablica alberg\u00f3 una nueva fiesta con DJs dentro del programa navide\u00f1o de actividades, con Dar\u00edo Fuertes y \u00d3scar Faubel.<\/p>\n\n\n\n<p><strong>Pr\u00f3ximas actividades<\/strong><br>Esta tarde, a las 18:00, est\u00e1 programado el espect\u00e1culo infantil Ogro, el musical, un tributo a Shrek, en la plaza Doctor Cajal. El mi\u00e9rcoles y el jueves, 27 y 28 de diciembre, las actividades dirigidas a ni\u00f1os y ni\u00f1as seguir\u00e1n siendo las protagonistas del programa navide\u00f1o municipal, con la segunda edici\u00f3n de Despierta tu menta jugando, en esta ocasi\u00f3n con juegos tradicionales y teatro de t\u00edteres, de 11:00 a 14:00, tambi\u00e9n en la plaza Doctor Cajal. En las mismas fechas, pero en horario de tardes, de 17:00 a 20:00, tendr\u00e1 lugar el torneo de f\u00fatbol 3&#215;3 Cheste Kings League, en la carpa municipal.<\/p>\n\n\n\n<p>Ya entrando en el fin de semana, el viernes 29 habr\u00e1 m\u00e1s actividades infantiles en el mercado y en las zonas comerciales, de 11:00 a 14:00 y el 31 se celebrar\u00e1 la Fiesta de Nochevieja en la carpa, de 00:00 a 5:00.<\/p>\n","protected":false},"excerpt":{"rendered":"<div class=\"mh-excerpt\">El pasado fin de semana los vecinos y vecinas de Cheste pudieron participar en actividades navide\u00f1as para todos los p\u00fablicos organizadas por el Ayuntamiento. As\u00ed, el s\u00e1bado por la ma\u00f1ana, las familias disfrutaron de una <a class=\"mh-excerpt-more\" href=\"https:\/\/www.tucomarca.com\/wordpress\/segunda\/fotogaleria-actividades-para-todos-los-publicos-en-el-fin-de-semana-de-nochebuena-en-cheste\/\" title=\"Fotogaler\u00eda: actividades para todos los p\u00fablicos en el fin de semana de Nochebuena en Cheste\">[+] <\/a><\/div>\n","protected":false},"author":12,"featured_media":205904,"comment_status":"open","ping_status":"open","sticky":false,"template":"","format":"gallery","meta":{"footnotes":""},"categories":[17,8,10,5,7,383,3],"tags":[339,5952,20011],"class_list":{"0":"post-205896","1":"post","2":"type-post","3":"status-publish","4":"format-gallery","5":"has-post-thumbnail","7":"category-cheste","8":"category-la-comarca","9":"category-la-hoya","10":"category-la-semana-en-imagenes","11":"category-ocio-y-cultura","12":"category-pueblos-en-fiestas","13":"category-seccion","14":"tag-cheste-2","15":"tag-la-hoya-de-bunol-chiva","16":"tag-navidad-2023","17":"post_format-post-format-gallery"},"_links":{"self":[{"href":"https:\/\/www.tucomarca.com\/wordpress\/segunda\/wp-json\/wp\/v2\/posts\/205896","targetHints":{"allow":["GET"]}}],"collection":[{"href":"https:\/\/www.tucomarca.com\/wordpress\/segunda\/wp-json\/wp\/v2\/posts"}],"about":[{"href":"https:\/\/www.tucomarca.com\/wordpress\/segunda\/wp-json\/wp\/v2\/types\/post"}],"author":[{"embeddable":true,"href":"https:\/\/www.tucomarca.com\/wordpress\/segunda\/wp-json\/wp\/v2\/users\/12"}],"replies":[{"embeddable":true,"href":"https:\/\/www.tucomarca.com\/wordpress\/segunda\/wp-json\/wp\/v2\/comments?post=205896"}],"version-history":[{"count":0,"href":"https:\/\/www.tucomarca.com\/wordpress\/segunda\/wp-json\/wp\/v2\/posts\/205896\/revisions"}],"wp:featuredmedia":[{"embeddable":true,"href":"https:\/\/www.tucomarca.com\/wordpress\/segunda\/wp-json\/wp\/v2\/media\/205904"}],"wp:attachment":[{"href":"https:\/\/www.tucomarca.com\/wordpress\/segunda\/wp-json\/wp\/v2\/media?parent=205896"}],"wp:term":[{"taxonomy":"category","embeddable":true,"href":"https:\/\/www.tucomarca.com\/wordpress\/segunda\/wp-json\/wp\/v2\/categories?post=205896"},{"taxonomy":"post_tag","embeddable":true,"href":"https:\/\/www.tucomarca.com\/wordpress\/segunda\/wp-json\/wp\/v2\/tags?post=205896"}],"curies":[{"name":"wp","href":"https:\/\/api.w.org\/{rel}","templated":true}]}}