{"id":205945,"date":"2023-12-28T09:07:00","date_gmt":"2023-12-28T08:07:00","guid":{"rendered":"https:\/\/www.tucomarca.com\/wordpress\/segunda\/?p=205945"},"modified":"2023-12-28T12:26:18","modified_gmt":"2023-12-28T11:26:18","slug":"riba-roja-de-turia-crea-69-puestos-de-trabajo-en-los-ultimos-tres-meses-la-afiliacion-a-la-seguridad-social-alcanza-las-19-877-personas-y-se-registran-1-307-contratos-laborales","status":"publish","type":"post","link":"https:\/\/www.tucomarca.com\/wordpress\/segunda\/riba-roja-de-turia-crea-69-puestos-de-trabajo-en-los-ultimos-tres-meses-la-afiliacion-a-la-seguridad-social-alcanza-las-19-877-personas-y-se-registran-1-307-contratos-laborales\/","title":{"rendered":"Riba-roja de T\u00faria crea 69 puestos de trabajo en los \u00faltimos tres meses, la afiliaci\u00f3n a la Seguridad Social alcanza las 19.877 personas y se registran 1.307 contratos laborales"},"content":{"rendered":"\n<h3 class=\"wp-block-heading\">Las cifras de Labora certifican una reducci\u00f3n del paro del 5\u20191% en este periodo de tiempo mientras que la afiliaci\u00f3n se sit\u00faa cerca de las 20.000 personas<\/h3>\n\n\n\n<h3 class=\"wp-block-heading\">El paro registrado en Riba-roja de T\u00faria se ha reducido en 69 personas a lo largo de los \u00faltimos tres meses al pasar de los 1.377 desempleados en el mes de agosto a los 1.308 del pasado mes de noviembre. Paralelamente, la afiliaci\u00f3n a la Seguridad Social alcanza las 19.877 personas en noviembre mientras que la contrataci\u00f3n laboral se situ\u00f3 en 1.307 en el mismo periodo de tiempo.<\/h3>\n\n\n\n<p>Las cifras ofrecidas por Labora, la entidad auton\u00f3mica encargada de la formaci\u00f3n y el empleo, certifican una mejor\u00eda en la creaci\u00f3n de empleo desde mediados del verano pasado ya que desde entonces se han llegado a crear 29 puestos de trabajo en septiembre, otros 7 en el mes de octubre y, finalmente, otros 33 puestos de trabajo m\u00e1s en noviembre, es decir, los 69 puestos nuevos de trabajo en el citado periodo de tiempo.<\/p>\n\n\n\n<p>Con todo, los actuales 1.308 parados suponen la cifra menor cifra a lo largo del a\u00f1o 2023 que se inici\u00f3 en enero con un total de 1.414 desempleados, es decir, durante este ejercicio se han creado 106 puestos de trabajo en Riba-roja de T\u00faria, seg\u00fan las cifras dadas a conocer por Labora. Desde entonces, el nivel de paro en la localidad se ha reducido de forma progresiva durante todo el ejercicio.<\/p>\n\n\n\n<p>De los 1.308 parados actuales existentes en Riba-roja de T\u00faria 817 son mujeres y los otros 491 corresponden a hombres. En cuanto a demandantes parados por Sector de Actividad, del global de parados existen una mayor\u00eda pertenecientes a los servicios con 964 personas, otras 167 del sector de la industria, 103 parados corresponden al sector de la construcci\u00f3n y, finalmente, 23 del sector de la agricultura.<\/p>\n\n\n\n<p>En cuanto a secciones de actividad econ\u00f3micas, los demandantes parados se clasifican en los 211 adscritos en actividades administrativas y servicios auxiliares, otros 182 del comercio al por mayor y al por menor, la reparaci\u00f3n de veh\u00edculos de motor y motocicletas, otros 152 desempleados de la industria manufacturera y 120 parados de la administraci\u00f3n p\u00fablica y defensa, seguridad social obligatoria. Por \u00faltimo, 107 personas desempleadas pertenecen a la hosteler\u00eda y otros 103 son del sector de la construcci\u00f3n.<\/p>\n\n\n\n<p>Por grupos de edad y sexo, existen 496 mujeres mayores de 44 a\u00f1os en situaci\u00f3n de paro, seguidas de 290 hombres mayores, tambi\u00e9n, de los 44 a\u00f1os, otras 269 mujeres de entre 25 y 44 a\u00f1os, y 145 hombres en el mismo segmento. En total, el grupo mayoritario son las 786 personas paradas mayores de 44 a\u00f1os, seguidos de las 414 paradas de entre 25 y 44 a\u00f1os y, finalmente, 108 personas menores de 25 a\u00f1os.<\/p>\n\n\n\n<p>En t\u00e9rminos de contrataci\u00f3n laboral, Labora corrobora un aumento progresivo desde el pasado mes de agosto cuando de los 1.114 contratos registrados se pasaron a los 1.234 en septiembre, otros 1.259 en el mes correspondiente a octubre y, finalmente, 1.307 contratos en diciembre, es decir, 193 contratos m\u00e1s entre ambos periodos de tiempo. Los contratos indefinidos se fijaron en 461 en noviembre frente a los 809 de car\u00e1cter temporal.<\/p>\n\n\n\n<p>Por \u00faltimo, la afiliaci\u00f3n a la Seguridad Social se ha mantenido consolidada a lo largo del ejercicio de 2023, al pasar de los 18.656 afiliados en el mes de enero pasado a los 19.877 afiliados en noviembre, es decir, 1.221 de incremento entre ambos periodos de tiempo. Abundan las afiliaciones del r\u00e9gimen general con 17.858 personas, otras 1.803 del r\u00e9gimen de aut\u00f3nomos, 111 del r\u00e9gimen agrario y, finalmente, 104 del trabajo de hogar.<\/p>\n\n\n\n<p>El alcalde de Riba-roja de T\u00faria, Robert Raga, ha afirmado que estas cifras publicadas por Labora \u201cson un espaldarazo a la tendencia que marcan una tendencia progresiva en t\u00e9rminos globales de creaci\u00f3n de empleo, tanto en reducci\u00f3n del paro, como en registros de contrataci\u00f3n y afiliaci\u00f3n a la Seguridad Social, s\u00f3lo queda el camino de seguir apostando con claridad por un empleo estable y de calidad y continuar apoyando las pol\u00edticas econ\u00f3micas que favorezcan la creaci\u00f3n nuevos puestos de trabajo en nuestra localidad\u201d.<\/p>\n\n\n\n<p><\/p>\n","protected":false},"excerpt":{"rendered":"<div class=\"mh-excerpt\">Las cifras de Labora certifican una reducci\u00f3n del paro del 5\u20191% en este periodo de tiempo mientras que la afiliaci\u00f3n se sit\u00faa cerca de las 20.000 personas El paro registrado en Riba-roja de T\u00faria se <a class=\"mh-excerpt-more\" href=\"https:\/\/www.tucomarca.com\/wordpress\/segunda\/riba-roja-de-turia-crea-69-puestos-de-trabajo-en-los-ultimos-tres-meses-la-afiliacion-a-la-seguridad-social-alcanza-las-19-877-personas-y-se-registran-1-307-contratos-laborales\/\" title=\"Riba-roja de T\u00faria crea 69 puestos de trabajo en los \u00faltimos tres meses, la afiliaci\u00f3n a la Seguridad Social alcanza las 19.877 personas y se registran 1.307 contratos laborales\">[+] <\/a><\/div>\n","protected":false},"author":12,"featured_media":205947,"comment_status":"open","ping_status":"open","sticky":false,"template":"","format":"standard","meta":{"footnotes":""},"categories":[46,8,142,182,3],"tags":[10395,15087,15023],"class_list":{"0":"post-205945","1":"post","2":"type-post","3":"status-publish","4":"format-standard","5":"has-post-thumbnail","7":"category-camp-de-turia","8":"category-la-comarca","9":"category-politica-la-comarca","10":"category-riba-roja","11":"category-seccion","12":"tag-camp-de-turia","13":"tag-contratos-laborales","14":"tag-riba-roja-de-turia"},"_links":{"self":[{"href":"https:\/\/www.tucomarca.com\/wordpress\/segunda\/wp-json\/wp\/v2\/posts\/205945","targetHints":{"allow":["GET"]}}],"collection":[{"href":"https:\/\/www.tucomarca.com\/wordpress\/segunda\/wp-json\/wp\/v2\/posts"}],"about":[{"href":"https:\/\/www.tucomarca.com\/wordpress\/segunda\/wp-json\/wp\/v2\/types\/post"}],"author":[{"embeddable":true,"href":"https:\/\/www.tucomarca.com\/wordpress\/segunda\/wp-json\/wp\/v2\/users\/12"}],"replies":[{"embeddable":true,"href":"https:\/\/www.tucomarca.com\/wordpress\/segunda\/wp-json\/wp\/v2\/comments?post=205945"}],"version-history":[{"count":0,"href":"https:\/\/www.tucomarca.com\/wordpress\/segunda\/wp-json\/wp\/v2\/posts\/205945\/revisions"}],"wp:featuredmedia":[{"embeddable":true,"href":"https:\/\/www.tucomarca.com\/wordpress\/segunda\/wp-json\/wp\/v2\/media\/205947"}],"wp:attachment":[{"href":"https:\/\/www.tucomarca.com\/wordpress\/segunda\/wp-json\/wp\/v2\/media?parent=205945"}],"wp:term":[{"taxonomy":"category","embeddable":true,"href":"https:\/\/www.tucomarca.com\/wordpress\/segunda\/wp-json\/wp\/v2\/categories?post=205945"},{"taxonomy":"post_tag","embeddable":true,"href":"https:\/\/www.tucomarca.com\/wordpress\/segunda\/wp-json\/wp\/v2\/tags?post=205945"}],"curies":[{"name":"wp","href":"https:\/\/api.w.org\/{rel}","templated":true}]}}