{"id":205975,"date":"2023-12-29T09:00:00","date_gmt":"2023-12-29T08:00:00","guid":{"rendered":"https:\/\/www.tucomarca.com\/wordpress\/segunda\/?p=205975"},"modified":"2023-12-30T11:51:28","modified_gmt":"2023-12-30T10:51:28","slug":"manana-utiel-celebra-la-fiesta-de-las-preuvas-en-la-plaza-puerta-del-sol","status":"publish","type":"post","link":"https:\/\/www.tucomarca.com\/wordpress\/segunda\/manana-utiel-celebra-la-fiesta-de-las-preuvas-en-la-plaza-puerta-del-sol\/","title":{"rendered":"Ma\u00f1ana Utiel celebra la fiesta de las Pre\u00favas en la Plaza Puerta del Sol"},"content":{"rendered":"\n<h4 class=\"wp-block-heading\">A las 12,00 horas se simular\u00e1 la despedida del a\u00f1o con las tradicionales campanadas y gusanitos de la suerte<\/h4>\n\n\n\n<p>El Ayuntamiento de Utiel ha organizado dentro de su programaci\u00f3n de Utiel en Navidad un evento especial para despedir el a\u00f1o en familia. Por primera vez, la Plaza Puerta del Sol se convertir\u00e1 en escenario para las campanadas de fin de a\u00f1o de forma anticipada con las Pre\u00davas de Ma\u00f1anaVieja que se celebrar\u00e1n ma\u00f1ana s\u00e1bado 30 de diciembre a las 12,00 horas.<br>Campanadas con Gusanitos de la Suerte<br>Las tradicionales uvas de la suerte se sustituir\u00e1n por gusanitos para compartir en familia uno de los momentos m\u00e1s emotivos del a\u00f1o. Una ma\u00f1ana especial para disfrutar del ambiente navide\u00f1o con m\u00fasica y animaci\u00f3n que continuar\u00e1 con sesi\u00f3n de tardeo de 16 a 19 horas.<br>El Ayuntamiento de Utiel anima a toda la ciudadan\u00eda a sumarse a esta divertida iniciativa para compartir en un ambiente festivo las \u00faltimas horas del a\u00f1o 2023.<\/p>\n\n\n\n<p><strong>Despedida del a\u00f1o con eventos culturales para todos los p\u00fablicos<\/strong><\/p>\n\n\n\n<p>Adem\u00e1s, el \u00faltimo fin de semana del a\u00f1o viene cargado de destacadas citas culturales.<br>Esta tarde a las 18 horas en el Teatro Rambal,los m\u00e1s peque\u00f1os disfrutar\u00e1n con el Cantajuegos Navide\u00f1o, el tributo musical del Grupo Cosquitas y su original espect\u00e1culo \u201cA divertirse en Navidad\u201d.<\/p>\n\n\n\n<p>El s\u00e1bado por la tarde, a las 19.30 horas, en el Teatro Rambal, Concierto de fin de a\u00f1o de la Asociaci\u00f3n M\u00fasico Cultural Ciudad de Utiel bajo la direcci\u00f3n de Miguel Almarche Pons. Una actuaci\u00f3n con fin solidario ya que la recaudaci\u00f3n de la entrada se destinar\u00e1 a la Asociaci\u00f3n de Familiares de Enfermos de Alzheimer (AFA Utiel)<\/p>\n\n\n\n<p>Y como colof\u00f3n del fin de semana, a las 23.00 horas, el Teatro Rambal se vestir\u00e1 de gala para recibir al doble m\u00e1s fiel de Mickael Jackson, Sergio Cort\u00e9s. El artista pondr\u00e1 en escena el estreno del espect\u00e1culo tributo al Rey del Pop \u201cThe story of Michael Jackson\u201d. Utiel se convierte as\u00ed en la primera parada que hace en Espa\u00f1a dentro de su gira internacional en la que sorprender\u00e1 por su parecido f\u00edsico y vocal a Michael Jackson y las espectaculares coreograf\u00edas con las que recrea a la perfecci\u00f3n los shows del Rey del Pop.<\/p>\n","protected":false},"excerpt":{"rendered":"<div class=\"mh-excerpt\">A las 12,00 horas se simular\u00e1 la despedida del a\u00f1o con las tradicionales campanadas y gusanitos de la suerte El Ayuntamiento de Utiel ha organizado dentro de su programaci\u00f3n de Utiel en Navidad un evento <a class=\"mh-excerpt-more\" href=\"https:\/\/www.tucomarca.com\/wordpress\/segunda\/manana-utiel-celebra-la-fiesta-de-las-preuvas-en-la-plaza-puerta-del-sol\/\" title=\"Ma\u00f1ana Utiel celebra la fiesta de las Pre\u00favas en la Plaza Puerta del Sol\">[+] <\/a><\/div>\n","protected":false},"author":12,"featured_media":205978,"comment_status":"open","ping_status":"open","sticky":false,"template":"","format":"standard","meta":{"footnotes":""},"categories":[4,8,7,27,3,29],"tags":[20056,10387,10389],"class_list":{"0":"post-205975","1":"post","2":"type-post","3":"status-publish","4":"format-standard","5":"has-post-thumbnail","7":"category-agenda","8":"category-la-comarca","9":"category-ocio-y-cultura","10":"category-requena-utiel","11":"category-seccion","12":"category-utiel","13":"tag-preuvas","14":"tag-requena-utiel","15":"tag-utiel"},"_links":{"self":[{"href":"https:\/\/www.tucomarca.com\/wordpress\/segunda\/wp-json\/wp\/v2\/posts\/205975","targetHints":{"allow":["GET"]}}],"collection":[{"href":"https:\/\/www.tucomarca.com\/wordpress\/segunda\/wp-json\/wp\/v2\/posts"}],"about":[{"href":"https:\/\/www.tucomarca.com\/wordpress\/segunda\/wp-json\/wp\/v2\/types\/post"}],"author":[{"embeddable":true,"href":"https:\/\/www.tucomarca.com\/wordpress\/segunda\/wp-json\/wp\/v2\/users\/12"}],"replies":[{"embeddable":true,"href":"https:\/\/www.tucomarca.com\/wordpress\/segunda\/wp-json\/wp\/v2\/comments?post=205975"}],"version-history":[{"count":0,"href":"https:\/\/www.tucomarca.com\/wordpress\/segunda\/wp-json\/wp\/v2\/posts\/205975\/revisions"}],"wp:featuredmedia":[{"embeddable":true,"href":"https:\/\/www.tucomarca.com\/wordpress\/segunda\/wp-json\/wp\/v2\/media\/205978"}],"wp:attachment":[{"href":"https:\/\/www.tucomarca.com\/wordpress\/segunda\/wp-json\/wp\/v2\/media?parent=205975"}],"wp:term":[{"taxonomy":"category","embeddable":true,"href":"https:\/\/www.tucomarca.com\/wordpress\/segunda\/wp-json\/wp\/v2\/categories?post=205975"},{"taxonomy":"post_tag","embeddable":true,"href":"https:\/\/www.tucomarca.com\/wordpress\/segunda\/wp-json\/wp\/v2\/tags?post=205975"}],"curies":[{"name":"wp","href":"https:\/\/api.w.org\/{rel}","templated":true}]}}