{"id":206007,"date":"2024-01-02T09:00:00","date_gmt":"2024-01-02T08:00:00","guid":{"rendered":"https:\/\/www.tucomarca.com\/wordpress\/segunda\/?p=206007"},"modified":"2024-01-02T14:58:04","modified_gmt":"2024-01-02T13:58:04","slug":"riba-roja-de-turia-aprueba-la-inclusion-de-otras-13-actuaciones-por-valor-de-11-millones-de-euros-incluidas-en-el-plan-de-contratacion-de-2023","status":"publish","type":"post","link":"https:\/\/www.tucomarca.com\/wordpress\/segunda\/riba-roja-de-turia-aprueba-la-inclusion-de-otras-13-actuaciones-por-valor-de-11-millones-de-euros-incluidas-en-el-plan-de-contratacion-de-2023\/","title":{"rendered":"Riba-roja de T\u00faria aprueba la inclusi\u00f3n de otras 13 actuaciones por valor de 1\u20191 millones de euros incluidas en el Plan de Contrataci\u00f3n de 2023<strong>&nbsp;<\/strong>"},"content":{"rendered":"\n<h4 class=\"wp-block-heading\">El equipo de gobierno da cuenta al pleno municipal de las inversiones que se llevar\u00e1n a cabo en \u00e1reas como Movilidad, Obras P\u00fablicas \u00c1reas Industriales&nbsp;<\/h4>\n\n\n\n<p>El equipo de gobierno del PSPV de Riba-roja de T\u00faria ha dado cuenta al pleno municipal de las nuevas inversiones p\u00fablicas que se llevar\u00e1n a cabo durante los pr\u00f3ximos meses a cuenta del denominado Plan de Contrataci\u00f3n del a\u00f1o 2023 por un valor global de 1\u20191 millones de euros. El pleno municipal ha refrendado los acuerdos adoptados, previamente, por la Junta de Gobierno Local.&nbsp;<\/p>\n\n\n\n<p>El Plan Anual de Contrataci\u00f3n para el presente ejercicio de 2023 es un documento esencial en la planificaci\u00f3n y ordenaci\u00f3n de las actuaciones p\u00fablicas que se llevan a cabo desde la administraci\u00f3n p\u00fablica local con una vigencia de un a\u00f1o. De esta forma, las actuaciones que se llevar\u00e1n a cabo por parte del Ayuntamiento de Riba-roja de T\u00faria engloban algunas \u00e1reas y departamentos como Obras P\u00fablicas, Movilidad sostenible y Medio Ambiente, \u00c1reas Industriales o Polic\u00eda Local, entre otras.&nbsp;<\/p>\n\n\n\n<p>El departamento de Movilidad sostenible y Medio Ambiente es el que mayor carga econ\u00f3mica ejecutar\u00e1 en estas actuaciones previstas que se a\u00f1aden a las que hab\u00edan previsto ya con una cantidad econ\u00f3mica de hasta 596.000 euros en total, seguido de otros departamentos como el de Obras P\u00fablicas con otros 564.000 euros, adem\u00e1s de los 19.834 en Polic\u00eda Local o, por \u00faltimo, los 14.600 euros de \u00c1reas Industriales. &nbsp;<\/p>\n\n\n\n<p>De esta forma, en el expediente p\u00fablico se ha a\u00f1adido el suministro de cuatro aeronaves no tripuladas \u2013drones- con las descripciones t\u00e9cnicas contenidas en el pliego de condiciones t\u00e9cnicos, adem\u00e1s del equipamiento necesario para el pilotaje de la misma. En total, esta actuaci\u00f3n supone una inversi\u00f3n de hasta 19.834 euros que se pondr\u00e1 en marcha a lo largo de los pr\u00f3ximos meses en la localidad.&nbsp;<\/p>\n\n\n\n<p>El \u00e1rea de Obras P\u00fablicas incluye actuaciones como el asfaltado y reasfaltado de viales urbanos y caminos rurales, incluidos en el Plan Renove, con una inversi\u00f3n de hasta 290.000 euros. Estas actuaciones se centrar\u00e1n, adem\u00e1s, en algunas \u00e1reas y zonas como Mas\u00eda de Traver o la urbanizaci\u00f3n Montealcedo. En este \u00e1mbito se a\u00f1ade, tambi\u00e9n, la adecuaci\u00f3n de la bajante aliviadero del barranc dels Moros con car\u00e1cter de urgencia por valor de 12.245 euros.&nbsp;<\/p>\n\n\n\n<p>En Obras P\u00fablicas se ejecutar\u00e1n, adem\u00e1s, la adecuaci\u00f3n por la rotura del talud del camino del Perpinyanet con una partida econ\u00f3mica de 30.870 euros o el aparcamiento provisional en la zona de Pacadar, con una inversi\u00f3n de 79.990 euros. Las actuaciones en el camino del Perpinyanet se toman a ra\u00edz de los desperfectos y da\u00f1os que caus\u00f3 la DANA ocurrida en mayo de este a\u00f1o.&nbsp;<\/p>\n\n\n\n<p>La urbanizaci\u00f3n de la acera de la zona de Pacadar se financiar\u00e1 con 75.000 euros o los 45.000 euros en la pavimentaci\u00f3n del paseo peatonal en esta misma zona. Los departamentos de Movilidad Sostenible y Medio Ambiente se concentrar\u00e1n con otros 596.000 euros que se distribuyen entre los 216.000 euros por un servicio de renting del autob\u00fas el\u00e9ctrico, los 250.000 euros de la implantaci\u00f3n de un sistema de alquiler de bicicletas el\u00e9ctrica o los 100.000 euros en la instalaci\u00f3n de aparcamientos seguros para bicicletas. El suministro del punto de recarga para el autob\u00fas el\u00e9ctrico se dotar\u00e1 de otros 30.000 euros.<\/p>\n\n\n\n<p>El alcalde de Riba-roja de T\u00faria, Robert Raga, ha destacado \u201cel enorme trabajo que desde las \u00e1reas implicadas est\u00e1n realizando a lo largo de los \u00faltimos meses para dotar a nuestro municipio de todos los proyectos y programas esenciales para la mejora de los servicios p\u00fablicos y, al mismo tiempo, atender las demandas y las necesidades habituales de todos nuestros vecinos\u201d. &nbsp;<\/p>\n","protected":false},"excerpt":{"rendered":"<div class=\"mh-excerpt\">El equipo de gobierno da cuenta al pleno municipal de las inversiones que se llevar\u00e1n a cabo en \u00e1reas como Movilidad, Obras P\u00fablicas \u00c1reas Industriales&nbsp; El equipo de gobierno del PSPV de Riba-roja de T\u00faria <a class=\"mh-excerpt-more\" href=\"https:\/\/www.tucomarca.com\/wordpress\/segunda\/riba-roja-de-turia-aprueba-la-inclusion-de-otras-13-actuaciones-por-valor-de-11-millones-de-euros-incluidas-en-el-plan-de-contratacion-de-2023\/\" title=\"Riba-roja de T\u00faria aprueba la inclusi\u00f3n de otras 13 actuaciones por valor de 1\u20191 millones de euros incluidas en el Plan de Contrataci\u00f3n de 2023&nbsp;\">[+] <\/a><\/div>\n","protected":false},"author":12,"featured_media":206011,"comment_status":"open","ping_status":"open","sticky":false,"template":"","format":"standard","meta":{"footnotes":""},"categories":[46,8,142,182,3],"tags":[10395,20058,15023],"class_list":{"0":"post-206007","1":"post","2":"type-post","3":"status-publish","4":"format-standard","5":"has-post-thumbnail","7":"category-camp-de-turia","8":"category-la-comarca","9":"category-politica-la-comarca","10":"category-riba-roja","11":"category-seccion","12":"tag-camp-de-turia","13":"tag-plan-de-contratacion-de-2023","14":"tag-riba-roja-de-turia"},"_links":{"self":[{"href":"https:\/\/www.tucomarca.com\/wordpress\/segunda\/wp-json\/wp\/v2\/posts\/206007","targetHints":{"allow":["GET"]}}],"collection":[{"href":"https:\/\/www.tucomarca.com\/wordpress\/segunda\/wp-json\/wp\/v2\/posts"}],"about":[{"href":"https:\/\/www.tucomarca.com\/wordpress\/segunda\/wp-json\/wp\/v2\/types\/post"}],"author":[{"embeddable":true,"href":"https:\/\/www.tucomarca.com\/wordpress\/segunda\/wp-json\/wp\/v2\/users\/12"}],"replies":[{"embeddable":true,"href":"https:\/\/www.tucomarca.com\/wordpress\/segunda\/wp-json\/wp\/v2\/comments?post=206007"}],"version-history":[{"count":0,"href":"https:\/\/www.tucomarca.com\/wordpress\/segunda\/wp-json\/wp\/v2\/posts\/206007\/revisions"}],"wp:featuredmedia":[{"embeddable":true,"href":"https:\/\/www.tucomarca.com\/wordpress\/segunda\/wp-json\/wp\/v2\/media\/206011"}],"wp:attachment":[{"href":"https:\/\/www.tucomarca.com\/wordpress\/segunda\/wp-json\/wp\/v2\/media?parent=206007"}],"wp:term":[{"taxonomy":"category","embeddable":true,"href":"https:\/\/www.tucomarca.com\/wordpress\/segunda\/wp-json\/wp\/v2\/categories?post=206007"},{"taxonomy":"post_tag","embeddable":true,"href":"https:\/\/www.tucomarca.com\/wordpress\/segunda\/wp-json\/wp\/v2\/tags?post=206007"}],"curies":[{"name":"wp","href":"https:\/\/api.w.org\/{rel}","templated":true}]}}