{"id":206010,"date":"2023-12-31T13:00:00","date_gmt":"2023-12-31T12:00:00","guid":{"rendered":"https:\/\/www.tucomarca.com\/wordpress\/segunda\/?p=206010"},"modified":"2024-01-02T14:50:32","modified_gmt":"2024-01-02T13:50:32","slug":"la-guardia-civil-evita-dos-graves-siniestros-viales-al-interceptar-a-dos-conductores-octogenarios-que-circulaban-en-sentido-contrario-por-la-a-3","status":"publish","type":"post","link":"https:\/\/www.tucomarca.com\/wordpress\/segunda\/la-guardia-civil-evita-dos-graves-siniestros-viales-al-interceptar-a-dos-conductores-octogenarios-que-circulaban-en-sentido-contrario-por-la-a-3\/","title":{"rendered":"La Guardia Civil evita dos graves siniestros viales al interceptar a dos conductores octogenarios que circulaban en sentido contrario por la A-3"},"content":{"rendered":"\n<h3 class=\"wp-block-heading\">Afortunadamente no se lleg\u00f3 a producir colisi\u00f3n con otros usuarios de la v\u00eda.<br>Ninguno de los dos conductores arroj\u00f3 un resultado positivo en las pruebas de alcohol o drogas.<\/h3>\n\n\n\n<p>Sobre las 15,00 horas del pasado jueves 14 de diciembre, se recibieron varios avisos de circulaci\u00f3n de un veh\u00edculo en sentido contrario a la altura del kil\u00f3metro 279, de la autov\u00eda A-3, en direcci\u00f3n a Valencia, circulando por los carriles sentido hacia Madrid.<\/p>\n\n\n\n<p>Inmediatamente por efectivos del Subsector de Tr\u00e1fico de la Guardia Civil de Valencia, concretamente del Destacamento de Requena, se estableci\u00f3 un dispositivo para localizar al veh\u00edculo, siendo interceptado tan solo dos kil\u00f3metros despu\u00e9s, a la altura de San Antonio de Requena, evitando con eso un fatal desenlace.<\/p>\n\n\n\n<p>El conductor, un var\u00f3n de 81 a\u00f1os de edad, fue investigado por un delito contra la seguridad vial, por conducci\u00f3n temeraria.<\/p>\n\n\n\n<p>El d\u00eda 18 de diciembre de 2023, esta vez sobre las 4,30 horas de la madrugada, se recibi\u00f3 aviso a trav\u00e9s del 112 de la existencia de otro veh\u00edculo circulando en sentido contrario a la altura del kil\u00f3metro 285, de la autov\u00eda A-3, que circulaba esta vez en direcci\u00f3n a Madrid por los carriles en sentido a Valencia. De nuevo, se estableci\u00f3 inmediato dispositivo por la Central COTA del Subsector de Tr\u00e1fico de Valencia, siendo localizado e interceptado, por una patrulla del Puesto Principal de Requena, sin que llegara a producirse colisi\u00f3n alguna.<\/p>\n\n\n\n<p>El conductor en este caso, fue un var\u00f3n de 89 a\u00f1os de edad, que ha sido investigado por un delito contra la seguridad vial, por conducci\u00f3n temeraria. Este tipo de delitos puede conllevar penas de prisi\u00f3n de hasta dos a\u00f1os y privaci\u00f3n del derecho a conducir hasta seis.<\/p>\n","protected":false},"excerpt":{"rendered":"<div class=\"mh-excerpt\">Afortunadamente no se lleg\u00f3 a producir colisi\u00f3n con otros usuarios de la v\u00eda.Ninguno de los dos conductores arroj\u00f3 un resultado positivo en las pruebas de alcohol o drogas. Sobre las 15,00 horas del pasado jueves <a class=\"mh-excerpt-more\" href=\"https:\/\/www.tucomarca.com\/wordpress\/segunda\/la-guardia-civil-evita-dos-graves-siniestros-viales-al-interceptar-a-dos-conductores-octogenarios-que-circulaban-en-sentido-contrario-por-la-a-3\/\" title=\"La Guardia Civil evita dos graves siniestros viales al interceptar a dos conductores octogenarios que circulaban en sentido contrario por la A-3\">[+] <\/a><\/div>\n","protected":false},"author":1,"featured_media":82025,"comment_status":"open","ping_status":"open","sticky":false,"template":"","format":"standard","meta":{"footnotes":""},"categories":[128,8,72,28,27,3,116,45],"tags":[1098,5952,10387],"class_list":{"0":"post-206010","1":"post","2":"type-post","3":"status-publish","4":"format-standard","5":"has-post-thumbnail","7":"category-infraestructuras","8":"category-la-comarca","9":"category-sin-categorizar","10":"category-requena","11":"category-requena-utiel","12":"category-seccion","13":"category-sucesos-la-comarca","14":"category-ventana","15":"tag-guardia-civil","16":"tag-la-hoya-de-bunol-chiva","17":"tag-requena-utiel"},"_links":{"self":[{"href":"https:\/\/www.tucomarca.com\/wordpress\/segunda\/wp-json\/wp\/v2\/posts\/206010","targetHints":{"allow":["GET"]}}],"collection":[{"href":"https:\/\/www.tucomarca.com\/wordpress\/segunda\/wp-json\/wp\/v2\/posts"}],"about":[{"href":"https:\/\/www.tucomarca.com\/wordpress\/segunda\/wp-json\/wp\/v2\/types\/post"}],"author":[{"embeddable":true,"href":"https:\/\/www.tucomarca.com\/wordpress\/segunda\/wp-json\/wp\/v2\/users\/1"}],"replies":[{"embeddable":true,"href":"https:\/\/www.tucomarca.com\/wordpress\/segunda\/wp-json\/wp\/v2\/comments?post=206010"}],"version-history":[{"count":0,"href":"https:\/\/www.tucomarca.com\/wordpress\/segunda\/wp-json\/wp\/v2\/posts\/206010\/revisions"}],"wp:featuredmedia":[{"embeddable":true,"href":"https:\/\/www.tucomarca.com\/wordpress\/segunda\/wp-json\/wp\/v2\/media\/82025"}],"wp:attachment":[{"href":"https:\/\/www.tucomarca.com\/wordpress\/segunda\/wp-json\/wp\/v2\/media?parent=206010"}],"wp:term":[{"taxonomy":"category","embeddable":true,"href":"https:\/\/www.tucomarca.com\/wordpress\/segunda\/wp-json\/wp\/v2\/categories?post=206010"},{"taxonomy":"post_tag","embeddable":true,"href":"https:\/\/www.tucomarca.com\/wordpress\/segunda\/wp-json\/wp\/v2\/tags?post=206010"}],"curies":[{"name":"wp","href":"https:\/\/api.w.org\/{rel}","templated":true}]}}