{"id":206075,"date":"2024-01-02T12:00:00","date_gmt":"2024-01-02T11:00:00","guid":{"rendered":"https:\/\/www.tucomarca.com\/wordpress\/segunda\/?p=206075"},"modified":"2024-01-02T15:21:43","modified_gmt":"2024-01-02T14:21:43","slug":"un-senderista-y-sus-dos-hijos-menores-que-se-habian-desorientado-son-rescatados-en-helicoptero-en-una-escarpada-zona-de-jarafuel","status":"publish","type":"post","link":"https:\/\/www.tucomarca.com\/wordpress\/segunda\/un-senderista-y-sus-dos-hijos-menores-que-se-habian-desorientado-son-rescatados-en-helicoptero-en-una-escarpada-zona-de-jarafuel\/","title":{"rendered":"Un senderista y sus dos hijos menores que se hab\u00edan desorientado son rescatados en helic\u00f3ptero en una escarpada zona de Jarafuel"},"content":{"rendered":"\n<p>Efectivos del Consorcio Provincial de Bomberos han rescatado a un senderista y sus dos hijos, de unos 10 a\u00f1os de edad, que se hab\u00edan desorientado en una zona escarpada de Jarafuel, en la Ruta de la Muela. Seg\u00fan han remarcado desde el Consorcio, se trata del primer rescate del 2024 en las monta\u00f1as de la provincia de Val\u00e8ncia.<\/p>\n\n\n\n<p>El aviso se ha recibido a las 16,34 horas de este lunes y hasta all\u00ed el Consorcio ha movilizado su grupo de rescate GERA con helic\u00f3ptero V-990 con m\u00e9dico, un coordinador forestal del Consorcio y una unidad de bomberos forestales de GVA.&nbsp;<\/p>\n\n\n\n<p>Los rescatadores del GERA han accedido con helic\u00f3ptero hasta las tres personas, que han sido trasladadas v\u00eda a\u00e9rea hasta un punto seguro. Se encuentran en buen estado.<\/p>\n\n\n\n<figure class=\"wp-block-gallery has-nested-images columns-2 is-cropped wp-block-gallery-1 is-layout-flex wp-block-gallery-is-layout-flex\">\n<figure class=\"wp-block-image size-large\"><img loading=\"lazy\" decoding=\"async\" width=\"1920\" height=\"1436\" data-id=\"206086\" src=\"https:\/\/www.tucomarca.com\/wordpress\/segunda\/wp-content\/uploads\/2024\/01\/JarafuelBomb01.jpg\" alt=\"\" class=\"wp-image-206086\" srcset=\"https:\/\/www.tucomarca.com\/wordpress\/segunda\/wp-content\/uploads\/2024\/01\/JarafuelBomb01.jpg 1920w, https:\/\/www.tucomarca.com\/wordpress\/segunda\/wp-content\/uploads\/2024\/01\/JarafuelBomb01-300x224.jpg 300w, https:\/\/www.tucomarca.com\/wordpress\/segunda\/wp-content\/uploads\/2024\/01\/JarafuelBomb01-1024x766.jpg 1024w, https:\/\/www.tucomarca.com\/wordpress\/segunda\/wp-content\/uploads\/2024\/01\/JarafuelBomb01-768x574.jpg 768w, https:\/\/www.tucomarca.com\/wordpress\/segunda\/wp-content\/uploads\/2024\/01\/JarafuelBomb01-1536x1149.jpg 1536w, https:\/\/www.tucomarca.com\/wordpress\/segunda\/wp-content\/uploads\/2024\/01\/JarafuelBomb01-326x245.jpg 326w, https:\/\/www.tucomarca.com\/wordpress\/segunda\/wp-content\/uploads\/2024\/01\/JarafuelBomb01-80x60.jpg 80w\" sizes=\"auto, (max-width: 1920px) 100vw, 1920px\" \/><\/figure>\n\n\n\n<figure class=\"wp-block-image size-large\"><img loading=\"lazy\" decoding=\"async\" width=\"1920\" height=\"1440\" data-id=\"206088\" src=\"https:\/\/www.tucomarca.com\/wordpress\/segunda\/wp-content\/uploads\/2024\/01\/JarafuelBomb02.jpg\" alt=\"\" class=\"wp-image-206088\" srcset=\"https:\/\/www.tucomarca.com\/wordpress\/segunda\/wp-content\/uploads\/2024\/01\/JarafuelBomb02.jpg 1920w, https:\/\/www.tucomarca.com\/wordpress\/segunda\/wp-content\/uploads\/2024\/01\/JarafuelBomb02-300x225.jpg 300w, https:\/\/www.tucomarca.com\/wordpress\/segunda\/wp-content\/uploads\/2024\/01\/JarafuelBomb02-1024x768.jpg 1024w, https:\/\/www.tucomarca.com\/wordpress\/segunda\/wp-content\/uploads\/2024\/01\/JarafuelBomb02-768x576.jpg 768w, https:\/\/www.tucomarca.com\/wordpress\/segunda\/wp-content\/uploads\/2024\/01\/JarafuelBomb02-1536x1152.jpg 1536w, https:\/\/www.tucomarca.com\/wordpress\/segunda\/wp-content\/uploads\/2024\/01\/JarafuelBomb02-678x509.jpg 678w, https:\/\/www.tucomarca.com\/wordpress\/segunda\/wp-content\/uploads\/2024\/01\/JarafuelBomb02-326x245.jpg 326w, https:\/\/www.tucomarca.com\/wordpress\/segunda\/wp-content\/uploads\/2024\/01\/JarafuelBomb02-80x60.jpg 80w\" sizes=\"auto, (max-width: 1920px) 100vw, 1920px\" \/><\/figure>\n\n\n\n<figure class=\"wp-block-image size-large\"><img loading=\"lazy\" decoding=\"async\" width=\"1920\" height=\"1440\" data-id=\"206090\" src=\"https:\/\/www.tucomarca.com\/wordpress\/segunda\/wp-content\/uploads\/2024\/01\/JarafuelBomb03.jpg\" alt=\"\" class=\"wp-image-206090\" srcset=\"https:\/\/www.tucomarca.com\/wordpress\/segunda\/wp-content\/uploads\/2024\/01\/JarafuelBomb03.jpg 1920w, https:\/\/www.tucomarca.com\/wordpress\/segunda\/wp-content\/uploads\/2024\/01\/JarafuelBomb03-300x225.jpg 300w, https:\/\/www.tucomarca.com\/wordpress\/segunda\/wp-content\/uploads\/2024\/01\/JarafuelBomb03-1024x768.jpg 1024w, https:\/\/www.tucomarca.com\/wordpress\/segunda\/wp-content\/uploads\/2024\/01\/JarafuelBomb03-768x576.jpg 768w, https:\/\/www.tucomarca.com\/wordpress\/segunda\/wp-content\/uploads\/2024\/01\/JarafuelBomb03-1536x1152.jpg 1536w, https:\/\/www.tucomarca.com\/wordpress\/segunda\/wp-content\/uploads\/2024\/01\/JarafuelBomb03-678x509.jpg 678w, https:\/\/www.tucomarca.com\/wordpress\/segunda\/wp-content\/uploads\/2024\/01\/JarafuelBomb03-326x245.jpg 326w, https:\/\/www.tucomarca.com\/wordpress\/segunda\/wp-content\/uploads\/2024\/01\/JarafuelBomb03-80x60.jpg 80w\" sizes=\"auto, (max-width: 1920px) 100vw, 1920px\" \/><\/figure>\n<\/figure>\n","protected":false},"excerpt":{"rendered":"<div class=\"mh-excerpt\">Efectivos del Consorcio Provincial de Bomberos han rescatado a un senderista y sus dos hijos, de unos 10 a\u00f1os de edad, que se hab\u00edan desorientado en una zona escarpada de Jarafuel, en la Ruta de <a class=\"mh-excerpt-more\" href=\"https:\/\/www.tucomarca.com\/wordpress\/segunda\/un-senderista-y-sus-dos-hijos-menores-que-se-habian-desorientado-son-rescatados-en-helicoptero-en-una-escarpada-zona-de-jarafuel\/\" title=\"Un senderista y sus dos hijos menores que se hab\u00edan desorientado son rescatados en helic\u00f3ptero en una escarpada zona de Jarafuel\">[+] <\/a><\/div>\n","protected":false},"author":1,"featured_media":206090,"comment_status":"open","ping_status":"open","sticky":false,"template":"","format":"gallery","meta":{"footnotes":""},"categories":[38,128,231,8,72,117,3,116,45],"tags":[10540,10452],"class_list":{"0":"post-206075","1":"post","2":"type-post","3":"status-publish","4":"format-gallery","5":"has-post-thumbnail","7":"category-ayora-cofrentes","8":"category-infraestructuras","9":"category-jarafuel","10":"category-la-comarca","11":"category-sin-categorizar","12":"category-medio-ambiente-la-comarca","13":"category-seccion","14":"category-sucesos-la-comarca","15":"category-ventana","16":"tag-ayora-cofrentes","17":"tag-jarafuel","18":"post_format-post-format-gallery"},"_links":{"self":[{"href":"https:\/\/www.tucomarca.com\/wordpress\/segunda\/wp-json\/wp\/v2\/posts\/206075","targetHints":{"allow":["GET"]}}],"collection":[{"href":"https:\/\/www.tucomarca.com\/wordpress\/segunda\/wp-json\/wp\/v2\/posts"}],"about":[{"href":"https:\/\/www.tucomarca.com\/wordpress\/segunda\/wp-json\/wp\/v2\/types\/post"}],"author":[{"embeddable":true,"href":"https:\/\/www.tucomarca.com\/wordpress\/segunda\/wp-json\/wp\/v2\/users\/1"}],"replies":[{"embeddable":true,"href":"https:\/\/www.tucomarca.com\/wordpress\/segunda\/wp-json\/wp\/v2\/comments?post=206075"}],"version-history":[{"count":0,"href":"https:\/\/www.tucomarca.com\/wordpress\/segunda\/wp-json\/wp\/v2\/posts\/206075\/revisions"}],"wp:featuredmedia":[{"embeddable":true,"href":"https:\/\/www.tucomarca.com\/wordpress\/segunda\/wp-json\/wp\/v2\/media\/206090"}],"wp:attachment":[{"href":"https:\/\/www.tucomarca.com\/wordpress\/segunda\/wp-json\/wp\/v2\/media?parent=206075"}],"wp:term":[{"taxonomy":"category","embeddable":true,"href":"https:\/\/www.tucomarca.com\/wordpress\/segunda\/wp-json\/wp\/v2\/categories?post=206075"},{"taxonomy":"post_tag","embeddable":true,"href":"https:\/\/www.tucomarca.com\/wordpress\/segunda\/wp-json\/wp\/v2\/tags?post=206075"}],"curies":[{"name":"wp","href":"https:\/\/api.w.org\/{rel}","templated":true}]}}