{"id":20636,"date":"2013-12-03T14:28:18","date_gmt":"2013-12-03T11:28:18","guid":{"rendered":"http:\/\/www.tucomarca.com\/wordpress\/segunda\/?p=20636"},"modified":"2013-12-03T14:28:18","modified_gmt":"2013-12-03T11:28:18","slug":"csi%c2%b7f-lamenta-que-adeslas-suprima-el-servicio-de-reumatologo-a-empleados-publicos-de-la-ribera-la-costera-y-vall-d%c2%b4albaida","status":"publish","type":"post","link":"https:\/\/www.tucomarca.com\/wordpress\/segunda\/csi%c2%b7f-lamenta-que-adeslas-suprima-el-servicio-de-reumatologo-a-empleados-publicos-de-la-ribera-la-costera-y-vall-d%c2%b4albaida\/","title":{"rendered":"CSI\u00b7F lamenta que Adeslas suprima el servicio de reumat\u00f3logo a empleados p\u00fablicos de La Ribera, La Costera y Vall d\u00b4Albaida"},"content":{"rendered":"<p>El sindicato CSI\u00b7F lamenta que, desde el 1 de enero de 2014, los empleados p\u00fablicos con p\u00f3liza de Adeslas de las comarcas de la Ribera, la Costera y Vall d\u00b4Albaida se queden sin reumat\u00f3logo. La compa\u00f1\u00eda ha remitido un escrito al especialista que atiende en esta comarca para comunicarle que limitar\u00e1 su atenci\u00f3n a asegurados privados.<\/p>\n<p>La Central Sindical Independiente y de Funcionarios (CSI\u00b7F) advierte de que esta circunstancia obligar\u00e1 a los usuarios, que requieren de un tratamiento continuado para la mayor parte de dolencias, a desplazarse hasta Valencia, donde, por cierto, la compa\u00f1\u00eda tambi\u00e9n les suprime la atenci\u00f3n de reumat\u00f3logo en el Hospital 9 de Octubre. <\/p>\n<p>El sindicato CSI\u00b7F explica que el nuevo concierto de Muface, la Mutualidad General de Funcionarios Civiles del Estado, rebaja las primas a las compa\u00f1\u00edas. Esta circunstancia ha degenerado en que algunas dejen de atender a empleados p\u00fablicos y que otras, como el caso de Adeslas, disminuyan la plantilla de especialistas adscritos a ella.<\/p>\n<p>La central sindical considera que la eliminaci\u00f3n del servicio de Reumatolog\u00eda, que tambi\u00e9n se extender\u00e1 a otras especialidades, supone una merma en la atenci\u00f3n a los empleados p\u00fablicos. Lamenta, adem\u00e1s, que se haya llevado a cabo sin reunirse previamente con el m\u00e9dico afectado, con d\u00e9cadas de experiencia y numerosos reconocimientos en su curr\u00edculum.<\/p>\n","protected":false},"excerpt":{"rendered":"<div class=\"mh-excerpt\">El sindicato CSI\u00b7F lamenta que, desde el 1 de enero de 2014, los empleados p\u00fablicos con p\u00f3liza de Adeslas de las comarcas de la Ribera, la Costera y Vall d\u00b4Albaida se queden sin reumat\u00f3logo. La <a class=\"mh-excerpt-more\" href=\"https:\/\/www.tucomarca.com\/wordpress\/segunda\/csi%c2%b7f-lamenta-que-adeslas-suprima-el-servicio-de-reumatologo-a-empleados-publicos-de-la-ribera-la-costera-y-vall-d%c2%b4albaida\/\" title=\"CSI\u00b7F lamenta que Adeslas suprima el servicio de reumat\u00f3logo a empleados p\u00fablicos de La Ribera, La Costera y Vall d\u00b4Albaida\">[+] <\/a><\/div>\n","protected":false},"author":2,"featured_media":0,"comment_status":"open","ping_status":"open","sticky":false,"template":"","format":"standard","meta":{"footnotes":""},"categories":[8,72,42,3],"tags":[337,2108,2502,1779,2501],"class_list":{"0":"post-20636","1":"post","2":"type-post","3":"status-publish","4":"format-standard","6":"category-la-comarca","7":"category-sin-categorizar","8":"category-la-ribera","9":"category-seccion","10":"tag-csi-f","11":"tag-hospitales","12":"tag-reumatologia","13":"tag-servicio","14":"tag-supresion"},"_links":{"self":[{"href":"https:\/\/www.tucomarca.com\/wordpress\/segunda\/wp-json\/wp\/v2\/posts\/20636","targetHints":{"allow":["GET"]}}],"collection":[{"href":"https:\/\/www.tucomarca.com\/wordpress\/segunda\/wp-json\/wp\/v2\/posts"}],"about":[{"href":"https:\/\/www.tucomarca.com\/wordpress\/segunda\/wp-json\/wp\/v2\/types\/post"}],"author":[{"embeddable":true,"href":"https:\/\/www.tucomarca.com\/wordpress\/segunda\/wp-json\/wp\/v2\/users\/2"}],"replies":[{"embeddable":true,"href":"https:\/\/www.tucomarca.com\/wordpress\/segunda\/wp-json\/wp\/v2\/comments?post=20636"}],"version-history":[{"count":0,"href":"https:\/\/www.tucomarca.com\/wordpress\/segunda\/wp-json\/wp\/v2\/posts\/20636\/revisions"}],"wp:attachment":[{"href":"https:\/\/www.tucomarca.com\/wordpress\/segunda\/wp-json\/wp\/v2\/media?parent=20636"}],"wp:term":[{"taxonomy":"category","embeddable":true,"href":"https:\/\/www.tucomarca.com\/wordpress\/segunda\/wp-json\/wp\/v2\/categories?post=20636"},{"taxonomy":"post_tag","embeddable":true,"href":"https:\/\/www.tucomarca.com\/wordpress\/segunda\/wp-json\/wp\/v2\/tags?post=20636"}],"curies":[{"name":"wp","href":"https:\/\/api.w.org\/{rel}","templated":true}]}}