{"id":206361,"date":"2024-01-05T09:00:00","date_gmt":"2024-01-05T08:00:00","guid":{"rendered":"https:\/\/www.tucomarca.com\/wordpress\/segunda\/?p=206361"},"modified":"2024-01-05T14:39:21","modified_gmt":"2024-01-05T13:39:21","slug":"el-consell-adjudica-el-servicio-de-autobus-entre-montserrat-y-valencia-que-atendera-a-108-000-personas-al-ano","status":"publish","type":"post","link":"https:\/\/www.tucomarca.com\/wordpress\/segunda\/el-consell-adjudica-el-servicio-de-autobus-entre-montserrat-y-valencia-que-atendera-a-108-000-personas-al-ano\/","title":{"rendered":"El Consell adjudica el servicio de autob\u00fas entre Montserrat y Val\u00e8ncia que atender\u00e1 a 108.000 personas al a\u00f1o"},"content":{"rendered":"\n<h3 class=\"wp-block-heading\"><strong>Salom\u00e9 Pradas destaca la inversi\u00f3n de m\u00e1s de 6,6 millones de euros que triplicar\u00e1 la oferta de servicio actual de este corredor<\/strong>.<\/h3>\n\n\n\n<p>La Autoritat de Transport Metropolit\u00e0 de Val\u00e8ncia (ATMV), dependiente de la Conselleria de Medio Ambiente, Agua, Infraestructuras y Territorio, ha adjudicado el servicio p\u00fablico de transporte de viajeros por carretera de la l\u00ednea CV-109 entre Montserrat y Val\u00e8ncia.<\/p>\n\n\n\n<p>La consellera de Medio Ambiente, Salom\u00e9 Pradas, ha destacado que este servicio de transporte atender\u00e1 a una media de 108.000 viajeros anuales de los municipios de Alfarp, Catadau, Dos Aguas, Llombai, Millares, Montroi, Montserrat y Real.<\/p>\n\n\n\n<p>Seg\u00fan ha explicado la consellera, el nuevo contrato \u201cva a representar un gran salto cualitativo en el servicio porque triplica la oferta de servicio actual\u201d. El servicio se estructura en 4 l\u00edneas, con 24 expediciones en d\u00edas laborables, 10 expediciones en s\u00e1bados y 10 en domingos y festivos. En total se realizar\u00e1n 7.108 expediciones anuales, que representan un total de 325.000 kil\u00f3metros recorridos.&nbsp;<\/p>\n\n\n\n<p>Para Pradas \u201cuno de los grandes compromisos del Consell es garantizar un servicio de transporte p\u00fablico de calidad, que cumpla con los est\u00e1ndares de respecto al medio ambiente y facilite la movilidad, porque un buen sistema de transporte es la mejor garant\u00eda de la igualdad de oportunidades entre todos los ciudadanos, con independencia de su lugar de residencia\u201d.<\/p>\n\n\n\n<p>En este sentido, la consellera ha avanzado que en el nuevo contrato, que tiene una duraci\u00f3n de 10 a\u00f1os con un presupuesto de m\u00e1s de 6,6 millones de euros \u201cse ha apostado por la electrificaci\u00f3n de la flota, con la incorporaci\u00f3n de veh\u00edculos el\u00e9ctricos\u201d. Adem\u00e1s, \u201ctodas las l\u00edneas tienen como origen o destino la ciudad de Val\u00e8ncia y conectan tambi\u00e9n con Torrent, lo que asegura la intermodalidad, al poder transbordar con los servicios de Metrovalencia en la estaci\u00f3n de Torrent Avinguda\u201d.<\/p>\n\n\n\n<p>Los veh\u00edculos son accesibles a personas de movilidad reducida y, adem\u00e1s, cuentan con sistemas de geolocalizaci\u00f3n para permitir informaci\u00f3n en tiempo real del horario de paso en parada en las nuevas marquesinas y postes din\u00e1micos que est\u00e1 instalando la Autoridad de Transporte Metropolitano.<\/p>\n\n\n\n<p>Este es el tercer contrato adjudicado de los seis licitados por la Autoridad de Transporte Metropolitano de Valencia, en aplicaci\u00f3n de la Ley de Movilidad de la Comunitat Valenciana, y que van a suponer una renovaci\u00f3n integral de los servicios metropolitanos de autob\u00fas.<\/p>\n","protected":false},"excerpt":{"rendered":"<div class=\"mh-excerpt\">Salom\u00e9 Pradas destaca la inversi\u00f3n de m\u00e1s de 6,6 millones de euros que triplicar\u00e1 la oferta de servicio actual de este corredor. La Autoritat de Transport Metropolit\u00e0 de Val\u00e8ncia (ATMV), dependiente de la Conselleria de <a class=\"mh-excerpt-more\" href=\"https:\/\/www.tucomarca.com\/wordpress\/segunda\/el-consell-adjudica-el-servicio-de-autobus-entre-montserrat-y-valencia-que-atendera-a-108-000-personas-al-ano\/\" title=\"El Consell adjudica el servicio de autob\u00fas entre Montserrat y Val\u00e8ncia que atender\u00e1 a 108.000 personas al a\u00f1o\">[+] <\/a><\/div>\n","protected":false},"author":1,"featured_media":206364,"comment_status":"open","ping_status":"open","sticky":false,"template":"","format":"standard","meta":{"footnotes":""},"categories":[154,155,15,128,70,8,72,10,42,97,71,162,160,142,161,3],"tags":[1919,2163,3640,10425],"class_list":{"0":"post-206361","1":"post","2":"type-post","3":"status-publish","4":"format-standard","5":"has-post-thumbnail","7":"category-alfarp","8":"category-catadau","9":"category-dos-aguas","10":"category-infraestructuras","11":"category-la-canal-de-navarres","12":"category-la-comarca","13":"category-sin-categorizar","14":"category-la-hoya","15":"category-la-ribera","16":"category-llombai","17":"category-millares","18":"category-monserrat","19":"category-montroi","20":"category-politica-la-comarca","21":"category-real-de-montroi","22":"category-seccion","23":"tag-autobus","24":"tag-consell","25":"tag-la-ribera-alta","26":"tag-monserrat"},"_links":{"self":[{"href":"https:\/\/www.tucomarca.com\/wordpress\/segunda\/wp-json\/wp\/v2\/posts\/206361","targetHints":{"allow":["GET"]}}],"collection":[{"href":"https:\/\/www.tucomarca.com\/wordpress\/segunda\/wp-json\/wp\/v2\/posts"}],"about":[{"href":"https:\/\/www.tucomarca.com\/wordpress\/segunda\/wp-json\/wp\/v2\/types\/post"}],"author":[{"embeddable":true,"href":"https:\/\/www.tucomarca.com\/wordpress\/segunda\/wp-json\/wp\/v2\/users\/1"}],"replies":[{"embeddable":true,"href":"https:\/\/www.tucomarca.com\/wordpress\/segunda\/wp-json\/wp\/v2\/comments?post=206361"}],"version-history":[{"count":0,"href":"https:\/\/www.tucomarca.com\/wordpress\/segunda\/wp-json\/wp\/v2\/posts\/206361\/revisions"}],"wp:featuredmedia":[{"embeddable":true,"href":"https:\/\/www.tucomarca.com\/wordpress\/segunda\/wp-json\/wp\/v2\/media\/206364"}],"wp:attachment":[{"href":"https:\/\/www.tucomarca.com\/wordpress\/segunda\/wp-json\/wp\/v2\/media?parent=206361"}],"wp:term":[{"taxonomy":"category","embeddable":true,"href":"https:\/\/www.tucomarca.com\/wordpress\/segunda\/wp-json\/wp\/v2\/categories?post=206361"},{"taxonomy":"post_tag","embeddable":true,"href":"https:\/\/www.tucomarca.com\/wordpress\/segunda\/wp-json\/wp\/v2\/tags?post=206361"}],"curies":[{"name":"wp","href":"https:\/\/api.w.org\/{rel}","templated":true}]}}