{"id":206739,"date":"2024-01-09T11:00:00","date_gmt":"2024-01-09T10:00:00","guid":{"rendered":"https:\/\/www.tucomarca.com\/wordpress\/segunda\/?p=206739"},"modified":"2024-01-09T11:15:24","modified_gmt":"2024-01-09T10:15:24","slug":"la-guardia-civil-desarticula-un-grupo-criminal-especializado-en-la-venta-de-cocaina-y-el-blanqueo-de-capitales-tras-iniciar-una-investigacion-en-catadau","status":"publish","type":"post","link":"https:\/\/www.tucomarca.com\/wordpress\/segunda\/la-guardia-civil-desarticula-un-grupo-criminal-especializado-en-la-venta-de-cocaina-y-el-blanqueo-de-capitales-tras-iniciar-una-investigacion-en-catadau\/","title":{"rendered":"La Guardia Civil desarticula un grupo criminal especializado en la venta de coca\u00edna y el blanqueo de capitales tras iniciar una investigaci\u00f3n en Catadau"},"content":{"rendered":"\n<h3 class=\"wp-block-heading\"><strong>El grupo criminal operaba en diferentes localidades de la provincia de Valencia<\/strong>.<\/h3>\n\n\n\n<h3 class=\"wp-block-heading\"><strong>Se han detenido a seis personas e investigado a otras dos por los delitos de tr\u00e1fico de drogas y blanqueo de capitales<\/strong>.<\/h3>\n\n\n\n<p>La Guardia Civil de Valencia, en el marco de la operaci\u00f3n \u201cOFFVALLEY\u201d, ha detenido a seis personas e investigado a otras dos por los delitos de tr\u00e1fico de drogas y blanqueo de capitales.<\/p>\n\n\n\n<p>La operaci\u00f3n se inici\u00f3 cuando los investigadores detectaron un incremento del consumo de Coca\u00edna en Catadau. Las pesquisas, que no resultaron sencillas por las medidas de seguridad tomadas por el grupo criminal, permitieron localizar al l\u00edder en la localidad de Torrent.<\/p>\n\n\n\n<p>Tras la entrada y registro en tres domicilios de Torrent, uno en Catadau y uno en Burjassot, los agentes localizaron dos laboratorios para la preparaci\u00f3n de la droga junto a 860 gramos de coca\u00edna, 4.000 gramos de cafe\u00edna y numerosas pastillas para combatir la disfunci\u00f3n er\u00e9ctil utilizadas como sustancia de corte, un arma corta detonadora (de fogueo), 21.000 euros en met\u00e1lico y tres veh\u00edculos de alta gama.&nbsp;<\/p>\n\n\n\n<p>El 12 de diciembre de 2023 se procedi\u00f3 a la detenci\u00f3n de tres hombres, dos de ellos colombianos y uno cubano, de entre 42 y 71 a\u00f1os; tres mujeres, dos de ellas colombianas y una espa\u00f1ola, de entre 39 y 55 a\u00f1os. Tambi\u00e9n se investig\u00f3 a dos hombres, uno colombiano y otro cubano, de 41 y 60 a\u00f1os de edad. A todos se les atribuyen los delitos de tr\u00e1fico de drogas, blanqueo de capitales y pertenencia a organizaci\u00f3n criminal.<\/p>\n\n\n\n<p>Las diligencias han sido entregadas en el Juzgado de Primera Instancia e Instrucci\u00f3n N\u00famero 1 de Picassent.<\/p>\n","protected":false},"excerpt":{"rendered":"<div class=\"mh-excerpt\">El grupo criminal operaba en diferentes localidades de la provincia de Valencia. Se han detenido a seis personas e investigado a otras dos por los delitos de tr\u00e1fico de drogas y blanqueo de capitales. La <a class=\"mh-excerpt-more\" href=\"https:\/\/www.tucomarca.com\/wordpress\/segunda\/la-guardia-civil-desarticula-un-grupo-criminal-especializado-en-la-venta-de-cocaina-y-el-blanqueo-de-capitales-tras-iniciar-una-investigacion-en-catadau\/\" title=\"La Guardia Civil desarticula un grupo criminal especializado en la venta de coca\u00edna y el blanqueo de capitales tras iniciar una investigaci\u00f3n en Catadau\">[+] <\/a><\/div>\n","protected":false},"author":1,"featured_media":206740,"comment_status":"open","ping_status":"open","sticky":false,"template":"","format":"standard","meta":{"footnotes":""},"categories":[155,128,8,72,42,3,116,45],"tags":[10422,1098,3640],"class_list":{"0":"post-206739","1":"post","2":"type-post","3":"status-publish","4":"format-standard","5":"has-post-thumbnail","7":"category-catadau","8":"category-infraestructuras","9":"category-la-comarca","10":"category-sin-categorizar","11":"category-la-ribera","12":"category-seccion","13":"category-sucesos-la-comarca","14":"category-ventana","15":"tag-catadau","16":"tag-guardia-civil","17":"tag-la-ribera-alta"},"_links":{"self":[{"href":"https:\/\/www.tucomarca.com\/wordpress\/segunda\/wp-json\/wp\/v2\/posts\/206739","targetHints":{"allow":["GET"]}}],"collection":[{"href":"https:\/\/www.tucomarca.com\/wordpress\/segunda\/wp-json\/wp\/v2\/posts"}],"about":[{"href":"https:\/\/www.tucomarca.com\/wordpress\/segunda\/wp-json\/wp\/v2\/types\/post"}],"author":[{"embeddable":true,"href":"https:\/\/www.tucomarca.com\/wordpress\/segunda\/wp-json\/wp\/v2\/users\/1"}],"replies":[{"embeddable":true,"href":"https:\/\/www.tucomarca.com\/wordpress\/segunda\/wp-json\/wp\/v2\/comments?post=206739"}],"version-history":[{"count":0,"href":"https:\/\/www.tucomarca.com\/wordpress\/segunda\/wp-json\/wp\/v2\/posts\/206739\/revisions"}],"wp:featuredmedia":[{"embeddable":true,"href":"https:\/\/www.tucomarca.com\/wordpress\/segunda\/wp-json\/wp\/v2\/media\/206740"}],"wp:attachment":[{"href":"https:\/\/www.tucomarca.com\/wordpress\/segunda\/wp-json\/wp\/v2\/media?parent=206739"}],"wp:term":[{"taxonomy":"category","embeddable":true,"href":"https:\/\/www.tucomarca.com\/wordpress\/segunda\/wp-json\/wp\/v2\/categories?post=206739"},{"taxonomy":"post_tag","embeddable":true,"href":"https:\/\/www.tucomarca.com\/wordpress\/segunda\/wp-json\/wp\/v2\/tags?post=206739"}],"curies":[{"name":"wp","href":"https:\/\/api.w.org\/{rel}","templated":true}]}}