{"id":206918,"date":"2024-01-11T07:07:00","date_gmt":"2024-01-11T06:07:00","guid":{"rendered":"https:\/\/www.tucomarca.com\/wordpress\/segunda\/?p=206918"},"modified":"2024-01-10T22:20:24","modified_gmt":"2024-01-10T21:20:24","slug":"arranca-el-taller-de-empleo-utiel-mejora-iv-que-formara-a-30-alumnos-trabajadores-en-jardineria-albanileria-y-soldadura","status":"publish","type":"post","link":"https:\/\/www.tucomarca.com\/wordpress\/segunda\/arranca-el-taller-de-empleo-utiel-mejora-iv-que-formara-a-30-alumnos-trabajadores-en-jardineria-albanileria-y-soldadura\/","title":{"rendered":"Arranca el Taller de Empleo \u201cUtiel Mejora IV\u201d que formar\u00e1 a 30 alumnos-trabajadores en jardiner\u00eda, alba\u00f1iler\u00eda y soldadura"},"content":{"rendered":"\n<p>El Ayuntamiento de Utiel ha recibido casi 800.000 \u20ac de subvenci\u00f3n de LABORA para la puesta en marcha de este programa mixto de formaci\u00f3n y empleo con una duraci\u00f3n de 1 a\u00f1o.<\/p>\n\n\n\n<figure class=\"wp-block-image size-full\"><img loading=\"lazy\" decoding=\"async\" width=\"886\" height=\"571\" src=\"https:\/\/www.tucomarca.com\/wordpress\/segunda\/wp-content\/uploads\/2024\/01\/UtielTallerEmpleo1.jpg\" alt=\"\" class=\"wp-image-206922\" srcset=\"https:\/\/www.tucomarca.com\/wordpress\/segunda\/wp-content\/uploads\/2024\/01\/UtielTallerEmpleo1.jpg 886w, https:\/\/www.tucomarca.com\/wordpress\/segunda\/wp-content\/uploads\/2024\/01\/UtielTallerEmpleo1-300x193.jpg 300w, https:\/\/www.tucomarca.com\/wordpress\/segunda\/wp-content\/uploads\/2024\/01\/UtielTallerEmpleo1-768x495.jpg 768w\" sizes=\"auto, (max-width: 886px) 100vw, 886px\" \/><\/figure>\n\n\n\n<p>El alcalde de Utiel, Ricardo Gabald\u00f3n y el concejal de Desarrollo Econ\u00f3mico, Aitor Iniesta se han trasladado a las instalaciones para evaluar las l\u00edneas de trabajo a desarrollar en Utiel y pedan\u00edas a trav\u00e9s de las diferentes especialidades.&nbsp;<\/p>\n\n\n\n<p>Con el inicio del a\u00f1o, un total de 30 participantes comenzaban su periodo de formaci\u00f3n y empleo durante un a\u00f1o como alumnado- trabajador en el Taller de Empleo \u201cUtiel Mejora IV\u201d.<\/p>\n\n\n\n<p>El Ayuntamiento de Utiel ha recibido un total 798.721,20 euros euros de Generalitat Valenciana \u2013 LABORA para la realizaci\u00f3n de este taller de empleo en las especialidades de jardiner\u00eda, alba\u00f1iler\u00eda y soldadura.&nbsp;<\/p>\n\n\n\n<p>El programa mixto de formaci\u00f3n y empleo arrancaba el pasado 2 de enero con una duraci\u00f3n de un a\u00f1o que beneficia a 30 personas desempleadas y que ha supuesto la contrataci\u00f3n de un total de personal directivo, administrativo y profesorado.<\/p>\n\n\n\n<p>El alcalde de Utiel, Ricardo Gabald\u00f3n y el concejal de Desarrollo Econ\u00f3mico, Aitor Iniesta se trasladaban a las instalaciones del centro formativo municipal para conocer a profesorado y alumnado y analizar las diferentes actuaciones a llevar a cabo a trav\u00e9s de las especialidades de jardiner\u00eda, soldadura y alba\u00f1iler\u00eda con las que mejorar el estado de v\u00edas, equipamiento e instalaciones municipales.<\/p>\n\n\n\n<p><strong>Taller de Empleo \u201cUtiel Mejora IV\u201d<\/strong>&nbsp;<\/p>\n\n\n\n<p>El taller de empleo \u201cUtiel Mejora\u201d cuenta con la participaci\u00f3n de 30 alumnos\/as-trabajadores\/as distribuidos entre las especialidades de jardiner\u00eda, soldadura y alba\u00f1iler\u00eda (10 personas por secci\u00f3n).&nbsp;<\/p>\n\n\n\n<p>La Direcci\u00f3n General de LABORA \u2013 Servicio Valenciano de Empleo y Formaci\u00f3n conced\u00eda en esta convocatoria una subvenci\u00f3n de 798.721,20 euros para el desarrollo del programa formativo y de empleo con m\u00f3dulos te\u00f3rico-pr\u00e1cticos que finalizar\u00e1 el 29 de diciembre de 2024.<\/p>\n\n\n\n<p>En el caso de la especialidad de jardiner\u00eda, el alumnado desarrollar\u00e1 varias l\u00edneas de actuaci\u00f3n, como la creaci\u00f3n de un semillero de planta ornamental y silvestre aut\u00f3ctona en el t\u00fanel invernadero del centro, as\u00ed como el desarrollo de tareas de conservaci\u00f3n, poda, limpieza&nbsp;<\/p>\n\n\n\n<p>desbrozado y aplicaci\u00f3n de productos fitosanitarios en arbolado y jardines en diferentes zonas de Utiel y pedan\u00edas.&nbsp;<\/p>\n\n\n\n<p>En la especialidad de alba\u00f1iler\u00eda, el alumnado se centrar\u00e1 en la rehabilitaci\u00f3n de solera, retejado y construcci\u00f3n de una sala-comedor en el propio centro formativo del Taller de Empleo. Adem\u00e1s, se realizar\u00e1n trabajos de mantenimiento y reparaci\u00f3n de pavimento en v\u00edas e instalaciones municipales, as\u00ed como la adecuaci\u00f3n de mobiliario urbano en parques y jardines de Utiel y pedan\u00edas.&nbsp;<\/p>\n\n\n\n<p>Por su parte, el alumnado de soldadura realizar\u00e1 trabajos de mejora de protecciones en espacios viales o dotacionales en diferentes zonas del municipio.<\/p>\n\n\n\n<p>Este programa mixto de formaci\u00f3n y empleo incluye teor\u00eda y pr\u00e1ctica en las diferentes especialidades con las que el alumnado obtendr\u00e1 los correspondientes certificados de profesionalidad y por tanto aumentar\u00e1 sus posibilidades de inserci\u00f3n y&nbsp; acceso al mundo laboral.<\/p>\n","protected":false},"excerpt":{"rendered":"<div class=\"mh-excerpt\">El Ayuntamiento de Utiel ha recibido casi 800.000 \u20ac de subvenci\u00f3n de LABORA para la puesta en marcha de este programa mixto de formaci\u00f3n y empleo con una duraci\u00f3n de 1 a\u00f1o. El alcalde de <a class=\"mh-excerpt-more\" href=\"https:\/\/www.tucomarca.com\/wordpress\/segunda\/arranca-el-taller-de-empleo-utiel-mejora-iv-que-formara-a-30-alumnos-trabajadores-en-jardineria-albanileria-y-soldadura\/\" title=\"Arranca el Taller de Empleo \u201cUtiel Mejora IV\u201d que formar\u00e1 a 30 alumnos-trabajadores en jardiner\u00eda, alba\u00f1iler\u00eda y soldadura\">[+] <\/a><\/div>\n","protected":false},"author":12,"featured_media":206920,"comment_status":"open","ping_status":"open","sticky":false,"template":"","format":"image","meta":{"footnotes":""},"categories":[128,8,142,27,3,29],"tags":[10387,10389,20080],"class_list":{"0":"post-206918","1":"post","2":"type-post","3":"status-publish","4":"format-image","5":"has-post-thumbnail","7":"category-infraestructuras","8":"category-la-comarca","9":"category-politica-la-comarca","10":"category-requena-utiel","11":"category-seccion","12":"category-utiel","13":"tag-requena-utiel","14":"tag-utiel","15":"tag-utiel-mejora-iv","16":"post_format-post-format-image"},"_links":{"self":[{"href":"https:\/\/www.tucomarca.com\/wordpress\/segunda\/wp-json\/wp\/v2\/posts\/206918","targetHints":{"allow":["GET"]}}],"collection":[{"href":"https:\/\/www.tucomarca.com\/wordpress\/segunda\/wp-json\/wp\/v2\/posts"}],"about":[{"href":"https:\/\/www.tucomarca.com\/wordpress\/segunda\/wp-json\/wp\/v2\/types\/post"}],"author":[{"embeddable":true,"href":"https:\/\/www.tucomarca.com\/wordpress\/segunda\/wp-json\/wp\/v2\/users\/12"}],"replies":[{"embeddable":true,"href":"https:\/\/www.tucomarca.com\/wordpress\/segunda\/wp-json\/wp\/v2\/comments?post=206918"}],"version-history":[{"count":0,"href":"https:\/\/www.tucomarca.com\/wordpress\/segunda\/wp-json\/wp\/v2\/posts\/206918\/revisions"}],"wp:featuredmedia":[{"embeddable":true,"href":"https:\/\/www.tucomarca.com\/wordpress\/segunda\/wp-json\/wp\/v2\/media\/206920"}],"wp:attachment":[{"href":"https:\/\/www.tucomarca.com\/wordpress\/segunda\/wp-json\/wp\/v2\/media?parent=206918"}],"wp:term":[{"taxonomy":"category","embeddable":true,"href":"https:\/\/www.tucomarca.com\/wordpress\/segunda\/wp-json\/wp\/v2\/categories?post=206918"},{"taxonomy":"post_tag","embeddable":true,"href":"https:\/\/www.tucomarca.com\/wordpress\/segunda\/wp-json\/wp\/v2\/tags?post=206918"}],"curies":[{"name":"wp","href":"https:\/\/api.w.org\/{rel}","templated":true}]}}