{"id":207015,"date":"2024-01-11T07:10:00","date_gmt":"2024-01-11T06:10:00","guid":{"rendered":"https:\/\/www.tucomarca.com\/wordpress\/segunda\/?p=207015"},"modified":"2024-01-10T22:42:20","modified_gmt":"2024-01-10T21:42:20","slug":"la-diputacio-de-valencia-pone-a-punto-su-dispositivo-invernal-en-carreteras","status":"publish","type":"post","link":"https:\/\/www.tucomarca.com\/wordpress\/segunda\/la-diputacio-de-valencia-pone-a-punto-su-dispositivo-invernal-en-carreteras\/","title":{"rendered":"<strong>La Diputaci\u00f3 de Val\u00e8ncia pone a punto su dispositivo invernal en carreteras&nbsp;<\/strong>"},"content":{"rendered":"\n<h3 class=\"wp-block-heading\"><strong>El \u00e1rea que dirige la vicepresidenta segunda, Reme Mazzolari, cuenta con cuatro camiones quitanieves, nueve retroexcavadoras y seis camiones para esparcir sal en las v\u00edas que se pudieran ver afectadas<\/strong>.<\/h3>\n\n\n\n<h3 class=\"wp-block-heading\"><strong>Desde el \u00e1rea de Bienestar Social coordinada por Imma Gonz\u00e1lez se trabaja conjuntamente con Cruz Roja en distintos proyectos de atenci\u00f3n a personas vulnerables en La Serran\u00eda, La Vall y el Rinc\u00f3n de Ademuz<\/strong>.<\/h3>\n\n\n\n<p>La Diputaci\u00f3 de Val\u00e8ncia que preside Vicent Momp\u00f3 ha puesto ya a punto el dispositivo t\u00e9cnico y humano necesario para afrontar posibles intervenciones en los municipios derivadas de las olas de fr\u00edo que puedan llegar en las pr\u00f3ximas semanas. Este dispositivo de vialidad invernal, coordinado por el \u00e1rea de Carreteras que dirige la vicepresidenta segunda, Reme Mazzolari, \u201ctiene como objetivo mantener en buenas condiciones de circulaci\u00f3n en las carreteras de las zonas propensas a heladas y nevadas\u201d.<\/p>\n\n\n\n<p>Mazzolari explica que la prioridad es \u201cprevenir y garantizar las condiciones de seguridad de nuestras v\u00edas de comunicaci\u00f3n, evitando en la medida de lo posible restricciones de paso de veh\u00edculos, o limit\u00e1ndolas al m\u00ednimo tiempo en caso de que sean necesarias\u201d. Para ello, la Diputaci\u00f3 de Val\u00e9ncia ha puesto a punto seis camiones con esparcidores de sal, nueve retroexcavadoras para retirada de nieve y cuatro camiones quitanieves, y acumula 169 toneladas de sal para posibles actuaciones en carreteras heladas.<\/p>\n\n\n\n<p>Para la resoluci\u00f3n de incidencias, el \u00e1rea de Carreteras cuenta con brigadas de conservaci\u00f3n, un equipo de conductores y trabajadores encargados de la maquinaria quitanieves y los camiones esparcidores. Todos ellos coordinados por un ingeniero de caminos y cuatro ingenieros t\u00e9cnicos de Obras P\u00fablicas. En total, el dispositivo humano lo integran 58 personas.<\/p>\n\n\n\n<p>Las intervenciones en caso de heladas o acumulaci\u00f3n de nieve pueden ser de dos tipos: el esparcimiento de sal para rebajar el punto de congelaci\u00f3n del agua, evitando as\u00ed la formaci\u00f3n de placas de hielo; y la retirada de nieve en caso de que la sal extendida no haya sido suficiente y se haya acumulado en las v\u00edas.<\/p>\n\n\n\n<p><strong>Atenci\u00f3n a personas vulnerables<\/strong><\/p>\n\n\n\n<p>Por otro lado, el \u00e1rea de Bienestar Social que dirige Imma Gonz\u00e1lez trabaja conjuntamente con Cruz Roja en distintas iniciativas de atenci\u00f3n a personas y colectivos vulnerables. En concreto, el proyecto \u2018Acompa\u00f1amiento en procesos de inclusi\u00f3n en comarcas de la provincia de Valencia\u2019 se desarrolla en peque\u00f1os municipios de las comarcas del Rinc\u00f3n de Ademuz, La Vall d\u2019Albaida y La Serran\u00eda, atendiendo a personas en situaci\u00f3n de vulnerabilidad mediante llamadas telef\u00f3nicas.&nbsp;<\/p>\n\n\n\n<p>El programa, subvencionado por la corporaci\u00f3n provincial, se centra en la atenci\u00f3n a personas derivadas por los servicios sociales de estos ayuntamientos, mientras que Cruz Roja complementa las ayudas municipales con productos b\u00e1sicos que, en ocasiones, incluyen productos de abrigo o pagos de suministro el\u00e9ctrico.<\/p>\n\n\n\n<p>Asimismo, Cruz Roja incrementa estos d\u00edas el contacto telef\u00f3nico de personas mayores para comprobar su estado de salud, proporcionarles consejos para afrontar la bajada de temperaturas y revisar las medidas preventivas en sus hogares. La acci\u00f3n de Cruz Roja se completa con los talleres de ahorro energ\u00e9tico, que dan pautas a personas en situaci\u00f3n de vulnerabilidad para rebajar el consumo de suministros en el hogar y reparto de kits de eficiencia energ\u00e9tica.<\/p>\n","protected":false},"excerpt":{"rendered":"<div class=\"mh-excerpt\">El \u00e1rea que dirige la vicepresidenta segunda, Reme Mazzolari, cuenta con cuatro camiones quitanieves, nueve retroexcavadoras y seis camiones para esparcir sal en las v\u00edas que se pudieran ver afectadas. Desde el \u00e1rea de Bienestar <a class=\"mh-excerpt-more\" href=\"https:\/\/www.tucomarca.com\/wordpress\/segunda\/la-diputacio-de-valencia-pone-a-punto-su-dispositivo-invernal-en-carreteras\/\" title=\"La Diputaci\u00f3 de Val\u00e8ncia pone a punto su dispositivo invernal en carreteras&nbsp;\">[+] <\/a><\/div>\n","protected":false},"author":1,"featured_media":207016,"comment_status":"open","ping_status":"open","sticky":false,"template":"","format":"standard","meta":{"footnotes":""},"categories":[49,128,8,72,59,117,142,3,116,45],"tags":[10397,2142,3912,10400],"class_list":{"0":"post-207015","1":"post","2":"type-post","3":"status-publish","4":"format-standard","5":"has-post-thumbnail","7":"category-ademuz","8":"category-infraestructuras","9":"category-la-comarca","10":"category-sin-categorizar","11":"category-los-serranos","12":"category-medio-ambiente-la-comarca","13":"category-politica-la-comarca","14":"category-seccion","15":"category-sucesos-la-comarca","16":"category-ventana","17":"tag-ademuz","18":"tag-la-comunitat","19":"tag-la-serrania","20":"tag-los-serranos"},"_links":{"self":[{"href":"https:\/\/www.tucomarca.com\/wordpress\/segunda\/wp-json\/wp\/v2\/posts\/207015","targetHints":{"allow":["GET"]}}],"collection":[{"href":"https:\/\/www.tucomarca.com\/wordpress\/segunda\/wp-json\/wp\/v2\/posts"}],"about":[{"href":"https:\/\/www.tucomarca.com\/wordpress\/segunda\/wp-json\/wp\/v2\/types\/post"}],"author":[{"embeddable":true,"href":"https:\/\/www.tucomarca.com\/wordpress\/segunda\/wp-json\/wp\/v2\/users\/1"}],"replies":[{"embeddable":true,"href":"https:\/\/www.tucomarca.com\/wordpress\/segunda\/wp-json\/wp\/v2\/comments?post=207015"}],"version-history":[{"count":0,"href":"https:\/\/www.tucomarca.com\/wordpress\/segunda\/wp-json\/wp\/v2\/posts\/207015\/revisions"}],"wp:featuredmedia":[{"embeddable":true,"href":"https:\/\/www.tucomarca.com\/wordpress\/segunda\/wp-json\/wp\/v2\/media\/207016"}],"wp:attachment":[{"href":"https:\/\/www.tucomarca.com\/wordpress\/segunda\/wp-json\/wp\/v2\/media?parent=207015"}],"wp:term":[{"taxonomy":"category","embeddable":true,"href":"https:\/\/www.tucomarca.com\/wordpress\/segunda\/wp-json\/wp\/v2\/categories?post=207015"},{"taxonomy":"post_tag","embeddable":true,"href":"https:\/\/www.tucomarca.com\/wordpress\/segunda\/wp-json\/wp\/v2\/tags?post=207015"}],"curies":[{"name":"wp","href":"https:\/\/api.w.org\/{rel}","templated":true}]}}