{"id":207058,"date":"2024-01-11T06:30:00","date_gmt":"2024-01-11T05:30:00","guid":{"rendered":"https:\/\/www.tucomarca.com\/wordpress\/segunda\/?p=207058"},"modified":"2024-01-11T21:43:15","modified_gmt":"2024-01-11T20:43:15","slug":"los-pueblos-del-valle-de-ayora-cofrentes-recibiran-mas-de-ocho-millones-de-euros-del-nuevo-pla-obert-dinversions-de-la-diputacion-de-valencia","status":"publish","type":"post","link":"https:\/\/www.tucomarca.com\/wordpress\/segunda\/los-pueblos-del-valle-de-ayora-cofrentes-recibiran-mas-de-ocho-millones-de-euros-del-nuevo-pla-obert-dinversions-de-la-diputacion-de-valencia\/","title":{"rendered":"Los pueblos del Valle de Ayora-Cofrentes recibir\u00e1n m\u00e1s de ocho millones de euros del nuevo Pla Obert d\u2019Inversions de la Diputaci\u00f3n de Valencia"},"content":{"rendered":"\n<h3 class=\"wp-block-heading\">En las comarcas de interior, Los Serranos tendr\u00e1n una asignaci\u00f3n de 19,1 millones de euros para los pr\u00f3ximos cuatro a\u00f1os, por los 12,9 millones de La Hoya de Bu\u00f1ol-Chiva, los 11,9 millones de la Plana de Utiel-Requena, los 9,4 millones de La Canal de Navarr\u00e9s, los m\u00e1s de ocho millones que le corresponden al Valle de Ayora-Cofrentes y los 5,9 millones de euros del Rinc\u00f3n de Ademuz.<\/h3>\n\n\n\n<h3 class=\"wp-block-heading\"><strong>El primer plazo para la presentaci\u00f3n de proyectos se abrir\u00e1 a finales del primer trimestre de 2024, y a lo largo del a\u00f1o habr\u00e1 otras dos convocatorias para que los ayuntamientos presenten solicitudes sin ninguna presi\u00f3n<\/strong><\/h3>\n\n\n\n<h3 class=\"wp-block-heading\"><strong>Un total de 264 consistorios han recibido este viernes, tal y como avanz\u00f3 la vicepresidenta primera, Nat\u00e0lia Enguix, un mensaje con el dinero asignado y con el que podr\u00e1n \u201cplanificar sus necesidades a corto y medio plazo\u201d<\/strong><\/h3>\n\n\n\n<p>La vicepresidenta primera de la Diputaci\u00f3 de Val\u00e8ncia, Nat\u00e1lia Enguix, ha comunicado a los ayuntamientos de la provincia su asignaci\u00f3n en el nuevo Pla Obert d\u2019Inversions, un programa cuatrienal que cuenta con una dotaci\u00f3n global de 350 millones de euros, frente a los 288 millones de la pasada legislatura. \u201cDe esta forma cumplimos la palabra que dimos a los alcaldes y alcaldesas de que les dar\u00edamos esta cantidad a principios de enero, una vez conoci\u00e9ramos la actualizaci\u00f3n del padr\u00f3n que hace el INE\u201d, ha se\u00f1alado la propia Enguix, quien se ha comunicado con los responsables locales a trav\u00e9s de Whatsapp y correo electr\u00f3nico, coincidiendo con la v\u00edspera de la festividad de los Reyes Magos.<\/p>\n\n\n\n<p>La tambi\u00e9n responsable de Cooperaci\u00f3n Municipal explica que las bases del Pla Obert d\u2019Inversions y las cantidades anunciadas este viernes a los consistorios se aprobar\u00e1n en el pleno ordinario de enero, que tendr\u00e1 lugar a final de mes. \u201cEn ese momento podremos dar m\u00e1s detalles de la primera convocatoria del a\u00f1o en la que podr\u00e1n presentarse proyectos, que previsiblemente se abrir\u00e1 a finales del primer trimestre\u201d, ha detallado Enguix, quien ha recordado que habr\u00e1 dos plazos m\u00e1s a lo largo del ejercicio para que los municipios \u201cpresenten sus solicitudes de obras sin presiones y sin temor a no disponer de tiempo para ejecutarlas\u201d.<\/p>\n\n\n\n<p>El Pla Obert d\u2019Inversions fue presentado el pasado 4 de diciembre en Torrent por el presidente de la Diputaci\u00f3n, Vicent Momp\u00f3, y la vicepresidenta Nat\u00e0lia Enguix, quienes destacaron la partida inversora m\u00e1s elevada en la historia de la corporaci\u00f3n, pero sobre todo \u201clas facilidades que se ofrecer\u00e1n a los ayuntamientos para que, m\u00e1s all\u00e1 del anuncio, puedan ejecutar las obras que nos propongan\u201d. El programa cuenta con \u201c340 millones de euros para los municipios y otros 10 millones para las mancomunidades, lo que supone que cada a\u00f1o invertiremos en nuestras comarcas m\u00e1s de 87 millones frente a los 72 millones de la pasada legislatura\u201d, ha a\u00f1adido Enguix.&nbsp;<\/p>\n\n\n\n<p>Junto al esfuerzo inversor, lo m\u00e1s significativo son \u201clas novedades que introduce el plan para ayudar a los ayuntamientos a ejecutar los proyectos, con el objetivo de que el dinero con el que se financian acabe repercutiendo \u00edntegramente en los municipios y mejorando la calidad de vida de las personas que en ellos habitan\u201d. En este sentido, \u201cen el gobierno provincial compartimos la visi\u00f3n que tenemos de trabajar el municipalismo\u201d, ha asegurado la vicepresidenta.<\/p>\n\n\n\n<p>En cuanto a la f\u00f3rmula de reparto, \u201chemos potenciado variables como la poblaci\u00f3n y la poblaci\u00f3n estacional y las zonas verdes y parajes naturales, al tiempo que se introduce un nuevo criterio que punt\u00faa de forma favorable, como es pertenecer a la Red de Municipios Protegidos contra la Violencia de G\u00e9nero de la Diputaci\u00f3n\u201d. Nat\u00e0lia Enguix recuerda que el programa inversor incluye las ayudas del ciclo integral del agua, el plan Reacciona y la energ\u00eda, y ha puntualizado que al ser un plan plurianual, \u201cla corporaci\u00f3n no tendr\u00e1 que pedir este a\u00f1o ning\u00fan pr\u00e9stamo, ajustando el presupuesto a las necesidades reales de los municipios\u201d.<\/p>\n\n\n\n<figure class=\"wp-block-image size-large\"><img loading=\"lazy\" decoding=\"async\" width=\"1024\" height=\"431\" src=\"https:\/\/www.tucomarca.com\/wordpress\/segunda\/wp-content\/uploads\/2024\/01\/ValledeAyora-1024x431.jpg\" alt=\"\" class=\"wp-image-207064\" srcset=\"https:\/\/www.tucomarca.com\/wordpress\/segunda\/wp-content\/uploads\/2024\/01\/ValledeAyora-1024x431.jpg 1024w, https:\/\/www.tucomarca.com\/wordpress\/segunda\/wp-content\/uploads\/2024\/01\/ValledeAyora-300x126.jpg 300w, https:\/\/www.tucomarca.com\/wordpress\/segunda\/wp-content\/uploads\/2024\/01\/ValledeAyora-768x323.jpg 768w, https:\/\/www.tucomarca.com\/wordpress\/segunda\/wp-content\/uploads\/2024\/01\/ValledeAyora-1536x646.jpg 1536w, https:\/\/www.tucomarca.com\/wordpress\/segunda\/wp-content\/uploads\/2024\/01\/ValledeAyora.jpg 2028w\" sizes=\"auto, (max-width: 1024px) 100vw, 1024px\" \/><\/figure>\n\n\n\n<p><strong>Principales novedades e incentivos<\/strong><\/p>\n\n\n\n<p>La vicepresidenta primera y diputada de Cooperaci\u00f3n, Nat\u00e0lia Enguix, ha destacado el esp\u00edritu novedoso del Pla Obert d\u2019Inversions, ya que \u201cfavorece e impulsa proyectos arriesgados e innovadores que pueden transformar nuestros municipios y ciudades\u201d. Enguix, responsable adem\u00e1s de Igualdad, ha avanzado que el plan \u201ctambi\u00e9n incentivar\u00e1 la eficiencia urbana, con m\u00e1s espacios verdes, y el urbanismo con perspectiva de g\u00e9nero\u201d.<\/p>\n\n\n\n<p>En este sentido, Enguix ha anunciado la convocatoria de \u201cuna conferencia anual que reconocer\u00e1 esos proyectos transformadores y que constituyan ejemplos de buenas pr\u00e1cticas\u201d, y ha puntualizado que los consistorios dispondr\u00e1n de mayor liquidez, ya que \u201cpodr\u00e1n pedir que se les transfiera un 75% de los fondos una vez concedida la subvenci\u00f3n, y recibir el cien por cien si la obra se acaba en el mismo ejercicio en el que se ha presentado\u201d.<\/p>\n\n\n\n<p>En cuanto a los criterios que han llevado a establecer el reparto comarcal, la nueva f\u00f3rmula concede un 34% de la asignaci\u00f3n por el criterio poblacional, frente a un 30% del valor marginal que establece una cantidad fija para cada ayuntamiento. Otros porcentajes son un 10% en funci\u00f3n de la superficie, un 5% seg\u00fan las viviendas y la poblaci\u00f3n estacional, otro 5% por el coste efectivo de los servicios y otro 5% por pertenecer a la Red contra la Violencia de G\u00e9nero de la Diputaci\u00f3n. Adem\u00e1s, la tasa de desempleo y el esfuerzo fiscal se valoran en un 3% y en un 2,5% tanto las zonas verdes como los parajes naturales.<\/p>\n","protected":false},"excerpt":{"rendered":"<div class=\"mh-excerpt\">En las comarcas de interior, Los Serranos tendr\u00e1n una asignaci\u00f3n de 19,1 millones de euros para los pr\u00f3ximos cuatro a\u00f1os, por los 12,9 millones de La Hoya de Bu\u00f1ol-Chiva, los 11,9 millones de la Plana <a class=\"mh-excerpt-more\" href=\"https:\/\/www.tucomarca.com\/wordpress\/segunda\/los-pueblos-del-valle-de-ayora-cofrentes-recibiran-mas-de-ocho-millones-de-euros-del-nuevo-pla-obert-dinversions-de-la-diputacion-de-valencia\/\" title=\"Los pueblos del Valle de Ayora-Cofrentes recibir\u00e1n m\u00e1s de ocho millones de euros del nuevo Pla Obert d\u2019Inversions de la Diputaci\u00f3n de Valencia\">[+] <\/a><\/div>\n","protected":false},"author":1,"featured_media":114635,"comment_status":"open","ping_status":"open","sticky":false,"template":"","format":"standard","meta":{"footnotes":""},"categories":[39,38,41,40,128,230,231,8,142,3,232,45,233],"tags":[3677,10651,19987],"class_list":{"0":"post-207058","1":"post","2":"type-post","3":"status-publish","4":"format-standard","5":"has-post-thumbnail","7":"category-ayora","8":"category-ayora-cofrentes","9":"category-cofrentes","10":"category-cortes-de-pallas","11":"category-infraestructuras","12":"category-jalance","13":"category-jarafuel","14":"category-la-comarca","15":"category-politica-la-comarca","16":"category-seccion","17":"category-teresa-de-cofrentes","18":"category-ventana","19":"category-zarra","20":"tag-diputacio-de-valencia","21":"tag-el-valle-de-ayora-cofrentes","22":"tag-pla-obert-dinversions"},"_links":{"self":[{"href":"https:\/\/www.tucomarca.com\/wordpress\/segunda\/wp-json\/wp\/v2\/posts\/207058","targetHints":{"allow":["GET"]}}],"collection":[{"href":"https:\/\/www.tucomarca.com\/wordpress\/segunda\/wp-json\/wp\/v2\/posts"}],"about":[{"href":"https:\/\/www.tucomarca.com\/wordpress\/segunda\/wp-json\/wp\/v2\/types\/post"}],"author":[{"embeddable":true,"href":"https:\/\/www.tucomarca.com\/wordpress\/segunda\/wp-json\/wp\/v2\/users\/1"}],"replies":[{"embeddable":true,"href":"https:\/\/www.tucomarca.com\/wordpress\/segunda\/wp-json\/wp\/v2\/comments?post=207058"}],"version-history":[{"count":0,"href":"https:\/\/www.tucomarca.com\/wordpress\/segunda\/wp-json\/wp\/v2\/posts\/207058\/revisions"}],"wp:featuredmedia":[{"embeddable":true,"href":"https:\/\/www.tucomarca.com\/wordpress\/segunda\/wp-json\/wp\/v2\/media\/114635"}],"wp:attachment":[{"href":"https:\/\/www.tucomarca.com\/wordpress\/segunda\/wp-json\/wp\/v2\/media?parent=207058"}],"wp:term":[{"taxonomy":"category","embeddable":true,"href":"https:\/\/www.tucomarca.com\/wordpress\/segunda\/wp-json\/wp\/v2\/categories?post=207058"},{"taxonomy":"post_tag","embeddable":true,"href":"https:\/\/www.tucomarca.com\/wordpress\/segunda\/wp-json\/wp\/v2\/tags?post=207058"}],"curies":[{"name":"wp","href":"https:\/\/api.w.org\/{rel}","templated":true}]}}