{"id":207285,"date":"2024-01-15T09:00:00","date_gmt":"2024-01-15T08:00:00","guid":{"rendered":"https:\/\/www.tucomarca.com\/wordpress\/segunda\/?p=207285"},"modified":"2024-01-15T12:19:03","modified_gmt":"2024-01-15T11:19:03","slug":"ximo-puig-se-reune-en-cheste-con-militantes-de-la-hoya-de-bunol-chiva","status":"publish","type":"post","link":"https:\/\/www.tucomarca.com\/wordpress\/segunda\/ximo-puig-se-reune-en-cheste-con-militantes-de-la-hoya-de-bunol-chiva\/","title":{"rendered":"Ximo Puig se re\u00fane en Cheste con militantes de La Hoya de Bu\u00f1ol-Chiva"},"content":{"rendered":"\n<p>El secretario general del PSPV-PSOE, Ximo Puig, ha participado este domingo,&nbsp;&nbsp;junto al alcalde de Cheste, Jose Morell, en un encuentro con militantes de la comarca de la Hoya de Bu\u00f1ol durante el que ha marcado \u201clas tres palancas\u201d a seguir este 2024: \u201cHay que hacer una oposici\u00f3n eficaz, potente y rigurosa, seguir trabajando la conexi\u00f3n entre el Gobierno de Espa\u00f1a y los ayuntamientos, y construir una alternativa fuerte que contin\u00fae con la transformaci\u00f3n que hemos iniciado estos 8 a\u00f1os de Gobierno de la Generalitat\u201d.&nbsp;<\/p>\n\n\n\n<figure class=\"wp-block-gallery has-nested-images columns-default is-cropped wp-block-gallery-1 is-layout-flex wp-block-gallery-is-layout-flex\">\n<figure class=\"wp-block-image size-large\"><img loading=\"lazy\" decoding=\"async\" width=\"1024\" height=\"768\" data-id=\"207292\" src=\"https:\/\/www.tucomarca.com\/wordpress\/segunda\/wp-content\/uploads\/2024\/01\/XimoPuigCheste.jpeg\" alt=\"\" class=\"wp-image-207292\" srcset=\"https:\/\/www.tucomarca.com\/wordpress\/segunda\/wp-content\/uploads\/2024\/01\/XimoPuigCheste.jpeg 1024w, https:\/\/www.tucomarca.com\/wordpress\/segunda\/wp-content\/uploads\/2024\/01\/XimoPuigCheste-300x225.jpeg 300w, https:\/\/www.tucomarca.com\/wordpress\/segunda\/wp-content\/uploads\/2024\/01\/XimoPuigCheste-768x576.jpeg 768w, https:\/\/www.tucomarca.com\/wordpress\/segunda\/wp-content\/uploads\/2024\/01\/XimoPuigCheste-678x509.jpeg 678w, https:\/\/www.tucomarca.com\/wordpress\/segunda\/wp-content\/uploads\/2024\/01\/XimoPuigCheste-326x245.jpeg 326w, https:\/\/www.tucomarca.com\/wordpress\/segunda\/wp-content\/uploads\/2024\/01\/XimoPuigCheste-80x60.jpeg 80w\" sizes=\"auto, (max-width: 1024px) 100vw, 1024px\" \/><\/figure>\n\n\n\n<figure class=\"wp-block-image size-large\"><img loading=\"lazy\" decoding=\"async\" width=\"1024\" height=\"768\" data-id=\"207290\" src=\"https:\/\/www.tucomarca.com\/wordpress\/segunda\/wp-content\/uploads\/2024\/01\/PSOEComarcaCheste.jpeg\" alt=\"\" class=\"wp-image-207290\" srcset=\"https:\/\/www.tucomarca.com\/wordpress\/segunda\/wp-content\/uploads\/2024\/01\/PSOEComarcaCheste.jpeg 1024w, https:\/\/www.tucomarca.com\/wordpress\/segunda\/wp-content\/uploads\/2024\/01\/PSOEComarcaCheste-300x225.jpeg 300w, https:\/\/www.tucomarca.com\/wordpress\/segunda\/wp-content\/uploads\/2024\/01\/PSOEComarcaCheste-768x576.jpeg 768w, https:\/\/www.tucomarca.com\/wordpress\/segunda\/wp-content\/uploads\/2024\/01\/PSOEComarcaCheste-678x509.jpeg 678w, https:\/\/www.tucomarca.com\/wordpress\/segunda\/wp-content\/uploads\/2024\/01\/PSOEComarcaCheste-326x245.jpeg 326w, https:\/\/www.tucomarca.com\/wordpress\/segunda\/wp-content\/uploads\/2024\/01\/PSOEComarcaCheste-80x60.jpeg 80w\" sizes=\"auto, (max-width: 1024px) 100vw, 1024px\" \/><\/figure>\n<\/figure>\n\n\n\n<p>En este sentido, Ximo Puig ha recordado que \u201cen este tiempo hemos generado un proyecto pol\u00edtico potente para la Comunitat Valenciana, un proyecto abierto con la conviciencia como pilar fundamental\u201d y ha subrayado que \u201ceso es lo que debe persistir y demos reimpulsar\u201d.&nbsp;<\/p>\n\n\n\n<p>Durante el encuentro, el alcalde de Cheste ha querido agradecer \u201cel compromiso que Ximo Puig ha demostrado tener con nuestro municipio en todo este tiempo\u201d y ha puesto en valor \u201cinversiones tan importantes como los 2 millones de euros del Plan Edificant para poner al d\u00eda los centros educativos: Tu trabajo nos va a servir como inspiraci\u00f3n para reforzar nuestra idea de que la socialdemocracia es la mejor forma de guiar nuestra sociedad\u201d.<\/p>\n","protected":false},"excerpt":{"rendered":"<div class=\"mh-excerpt\">El secretario general del PSPV-PSOE, Ximo Puig, ha participado este domingo,&nbsp;&nbsp;junto al alcalde de Cheste, Jose Morell, en un encuentro con militantes de la comarca de la Hoya de Bu\u00f1ol durante el que ha marcado <a class=\"mh-excerpt-more\" href=\"https:\/\/www.tucomarca.com\/wordpress\/segunda\/ximo-puig-se-reune-en-cheste-con-militantes-de-la-hoya-de-bunol-chiva\/\" title=\"Ximo Puig se re\u00fane en Cheste con militantes de La Hoya de Bu\u00f1ol-Chiva\">[+] <\/a><\/div>\n","protected":false},"author":12,"featured_media":207288,"comment_status":"open","ping_status":"open","sticky":false,"template":"","format":"gallery","meta":{"footnotes":""},"categories":[17,128,8,10,142,3,45],"tags":[339,5952,12260],"class_list":{"0":"post-207285","1":"post","2":"type-post","3":"status-publish","4":"format-gallery","5":"has-post-thumbnail","7":"category-cheste","8":"category-infraestructuras","9":"category-la-comarca","10":"category-la-hoya","11":"category-politica-la-comarca","12":"category-seccion","13":"category-ventana","14":"tag-cheste-2","15":"tag-la-hoya-de-bunol-chiva","16":"tag-pspv-psoe-comarca-hoya-de-bunol-chiva","17":"post_format-post-format-gallery"},"_links":{"self":[{"href":"https:\/\/www.tucomarca.com\/wordpress\/segunda\/wp-json\/wp\/v2\/posts\/207285","targetHints":{"allow":["GET"]}}],"collection":[{"href":"https:\/\/www.tucomarca.com\/wordpress\/segunda\/wp-json\/wp\/v2\/posts"}],"about":[{"href":"https:\/\/www.tucomarca.com\/wordpress\/segunda\/wp-json\/wp\/v2\/types\/post"}],"author":[{"embeddable":true,"href":"https:\/\/www.tucomarca.com\/wordpress\/segunda\/wp-json\/wp\/v2\/users\/12"}],"replies":[{"embeddable":true,"href":"https:\/\/www.tucomarca.com\/wordpress\/segunda\/wp-json\/wp\/v2\/comments?post=207285"}],"version-history":[{"count":0,"href":"https:\/\/www.tucomarca.com\/wordpress\/segunda\/wp-json\/wp\/v2\/posts\/207285\/revisions"}],"wp:featuredmedia":[{"embeddable":true,"href":"https:\/\/www.tucomarca.com\/wordpress\/segunda\/wp-json\/wp\/v2\/media\/207288"}],"wp:attachment":[{"href":"https:\/\/www.tucomarca.com\/wordpress\/segunda\/wp-json\/wp\/v2\/media?parent=207285"}],"wp:term":[{"taxonomy":"category","embeddable":true,"href":"https:\/\/www.tucomarca.com\/wordpress\/segunda\/wp-json\/wp\/v2\/categories?post=207285"},{"taxonomy":"post_tag","embeddable":true,"href":"https:\/\/www.tucomarca.com\/wordpress\/segunda\/wp-json\/wp\/v2\/tags?post=207285"}],"curies":[{"name":"wp","href":"https:\/\/api.w.org\/{rel}","templated":true}]}}