{"id":207473,"date":"2024-01-16T09:00:00","date_gmt":"2024-01-16T08:00:00","guid":{"rendered":"https:\/\/www.tucomarca.com\/wordpress\/segunda\/?p=207473"},"modified":"2024-01-16T11:59:02","modified_gmt":"2024-01-16T10:59:02","slug":"ava-asaja-alerta-de-que-la-comunitat-valenciana-bate-su-record-historico-de-tierras-abandonadas-con-173-676-hectareas","status":"publish","type":"post","link":"https:\/\/www.tucomarca.com\/wordpress\/segunda\/ava-asaja-alerta-de-que-la-comunitat-valenciana-bate-su-record-historico-de-tierras-abandonadas-con-173-676-hectareas\/","title":{"rendered":"AVA-Asaja alerta de que la Comunitat Valenciana bate su r\u00e9cord hist\u00f3rico de tierras abandonadas con 173.676 hect\u00e1reas"},"content":{"rendered":"\n<h4 class=\"wp-block-heading\">Un estudio de AVA-ASAJA a partir de datos del Ministerio revela la p\u00e9rdida de 2.290 hect\u00e1reas en la agricultura valenciana y la recuperaci\u00f3n de 5.365 Ha. en Espa\u00f1a.<\/h4>\n\n\n\n<p>Un estudio de la Asociaci\u00f3n Valenciana de Agricultores (AVA-ASAJA), elaborado a partir de la encuesta Esyrce del Ministerio de Agricultura, revela que la Comunitat Valenciana sum\u00f3 2.290 hect\u00e1reas de cultivo abandonadas en 2023 y bati\u00f3 su r\u00e9cord hist\u00f3rico de tierras agr\u00edcolas dejadas de cultivar al alcanzar las 173.676 hect\u00e1reas. De cada cinco hect\u00e1reas disponibles para realizar un cultivo agr\u00edcola o un pasto hay ya una que est\u00e1 abandonada.&nbsp;<\/p>\n\n\n\n<p>La valenciana sigue siendo la comunidad aut\u00f3noma con mayor superficie abandonada de toda Espa\u00f1a, seguida por Castilla-La Mancha (157.621 Ha), Andaluc\u00eda (127.492 Ha), Castilla y Le\u00f3n (118.428 Ha) y Arag\u00f3n (114.991 Ha). Mientras la agricultura valenciana perdi\u00f3 superficie agraria, el conjunto de Espa\u00f1a recuper\u00f3 5.365 hect\u00e1reas de cultivo en 2023 y se qued\u00f3 en 1.037.874 hect\u00e1reas bald\u00edas. Adem\u00e1s de la Comunitat Valenciana, las regiones que experimentaron incrementos significativos de superficie abandonada fueron Extremadura (+19%) y Arag\u00f3n (+2,3%), frente a los descensos sobre todo en Castilla y Le\u00f3n (-4%), Murcia (-2,3%) y Catalu\u00f1a (-2%).&nbsp;<\/p>\n\n\n\n<p>Los principales cultivos valencianos sufrieron importantes retrocesos en sus superficies. Los c\u00edtricos (naranjas, mandarinas y limones principalmente) perdieron 1.633 hect\u00e1reas, el vi\u00f1edo 921 Ha, el almendro 592 Ha y las frutas de hueso (melocotones, nectarinas, albaricoques, ciruelos, n\u00edsperos y cerezas) descendieron 635 Ha. Por el contrario, remontaron las tierras en el olivar (778 Ha recuperadas), el algarrobo (337 Ha) y las hortalizas y flores (577 Ha). El caqui fren\u00f3 su elevado ritmo de abandono de campos con 51 hect\u00e1reas menos en 2023. Finalmente, alternativas de cultivo como el aguacate y el kiwi crecieron un 30% en el \u00faltimo a\u00f1o: 848 hect\u00e1reas m\u00e1s de aguacate y 142 hect\u00e1reas m\u00e1s de kiwi.&nbsp;<\/p>\n\n\n\n<p>El presidente de AVA-ASAJA, Crist\u00f3bal Aguado, asegur\u00f3 que \u201cla mancha marr\u00f3n de los campos abandonados continuar\u00e1 multiplic\u00e1ndose mientras haya crisis de rentabilidad y los j\u00f3venes no vean en el campo una actividad atractiva, viable y homologable a cualquier otro \u00e1mbito econ\u00f3mico. Somos cada vez m\u00e1s el farolillo rojo de Espa\u00f1a y probablemente de Europa. Nuestros pol\u00edticos deben pasar de las sostenibilidad econ\u00f3mica de las explotaciones agrarias, reactivar el relevo generacional y recuperar campos abandonados\u201d.&nbsp;<\/p>\n\n\n\n<figure class=\"wp-block-image size-large\"><img loading=\"lazy\" decoding=\"async\" width=\"1024\" height=\"962\" src=\"https:\/\/www.tucomarca.com\/wordpress\/segunda\/wp-content\/uploads\/2024\/01\/graficaAVA-1024x962.jpg\" alt=\"\" class=\"wp-image-207475\" srcset=\"https:\/\/www.tucomarca.com\/wordpress\/segunda\/wp-content\/uploads\/2024\/01\/graficaAVA-1024x962.jpg 1024w, https:\/\/www.tucomarca.com\/wordpress\/segunda\/wp-content\/uploads\/2024\/01\/graficaAVA-300x282.jpg 300w, https:\/\/www.tucomarca.com\/wordpress\/segunda\/wp-content\/uploads\/2024\/01\/graficaAVA-768x722.jpg 768w, https:\/\/www.tucomarca.com\/wordpress\/segunda\/wp-content\/uploads\/2024\/01\/graficaAVA.jpg 1492w\" sizes=\"auto, (max-width: 1024px) 100vw, 1024px\" \/><\/figure>\n","protected":false},"excerpt":{"rendered":"<div class=\"mh-excerpt\">Un estudio de AVA-ASAJA a partir de datos del Ministerio revela la p\u00e9rdida de 2.290 hect\u00e1reas en la agricultura valenciana y la recuperaci\u00f3n de 5.365 Ha. en Espa\u00f1a. Un estudio de la Asociaci\u00f3n Valenciana de <a class=\"mh-excerpt-more\" href=\"https:\/\/www.tucomarca.com\/wordpress\/segunda\/ava-asaja-alerta-de-que-la-comunitat-valenciana-bate-su-record-historico-de-tierras-abandonadas-con-173-676-hectareas\/\" title=\"AVA-Asaja alerta de que la Comunitat Valenciana bate su r\u00e9cord hist\u00f3rico de tierras abandonadas con 173.676 hect\u00e1reas\">[+] <\/a><\/div>\n","protected":false},"author":12,"featured_media":207478,"comment_status":"open","ping_status":"open","sticky":false,"template":"","format":"standard","meta":{"footnotes":""},"categories":[49,169,38,46,128,70,8,72,10,42,59,117,142,27,3,45],"tags":[328,3545,20097],"class_list":{"0":"post-207473","1":"post","2":"type-post","3":"status-publish","4":"format-standard","5":"has-post-thumbnail","7":"category-ademuz","8":"category-agricultura-la-comarca","9":"category-ayora-cofrentes","10":"category-camp-de-turia","11":"category-infraestructuras","12":"category-la-canal-de-navarres","13":"category-la-comarca","14":"category-sin-categorizar","15":"category-la-hoya","16":"category-la-ribera","17":"category-los-serranos","18":"category-medio-ambiente-la-comarca","19":"category-politica-la-comarca","20":"category-requena-utiel","21":"category-seccion","22":"category-ventana","23":"tag-ava-asaja","24":"tag-comunitat-valenciana","25":"tag-tierras-abandonadas"},"_links":{"self":[{"href":"https:\/\/www.tucomarca.com\/wordpress\/segunda\/wp-json\/wp\/v2\/posts\/207473","targetHints":{"allow":["GET"]}}],"collection":[{"href":"https:\/\/www.tucomarca.com\/wordpress\/segunda\/wp-json\/wp\/v2\/posts"}],"about":[{"href":"https:\/\/www.tucomarca.com\/wordpress\/segunda\/wp-json\/wp\/v2\/types\/post"}],"author":[{"embeddable":true,"href":"https:\/\/www.tucomarca.com\/wordpress\/segunda\/wp-json\/wp\/v2\/users\/12"}],"replies":[{"embeddable":true,"href":"https:\/\/www.tucomarca.com\/wordpress\/segunda\/wp-json\/wp\/v2\/comments?post=207473"}],"version-history":[{"count":0,"href":"https:\/\/www.tucomarca.com\/wordpress\/segunda\/wp-json\/wp\/v2\/posts\/207473\/revisions"}],"wp:featuredmedia":[{"embeddable":true,"href":"https:\/\/www.tucomarca.com\/wordpress\/segunda\/wp-json\/wp\/v2\/media\/207478"}],"wp:attachment":[{"href":"https:\/\/www.tucomarca.com\/wordpress\/segunda\/wp-json\/wp\/v2\/media?parent=207473"}],"wp:term":[{"taxonomy":"category","embeddable":true,"href":"https:\/\/www.tucomarca.com\/wordpress\/segunda\/wp-json\/wp\/v2\/categories?post=207473"},{"taxonomy":"post_tag","embeddable":true,"href":"https:\/\/www.tucomarca.com\/wordpress\/segunda\/wp-json\/wp\/v2\/tags?post=207473"}],"curies":[{"name":"wp","href":"https:\/\/api.w.org\/{rel}","templated":true}]}}