{"id":207638,"date":"2024-01-17T10:00:00","date_gmt":"2024-01-17T09:00:00","guid":{"rendered":"https:\/\/www.tucomarca.com\/wordpress\/segunda\/?p=207638"},"modified":"2024-01-17T13:26:57","modified_gmt":"2024-01-17T12:26:57","slug":"utiel-adelanta-las-labores-de-control-de-la-procesionaria-del-pino","status":"publish","type":"post","link":"https:\/\/www.tucomarca.com\/wordpress\/segunda\/utiel-adelanta-las-labores-de-control-de-la-procesionaria-del-pino\/","title":{"rendered":"Utiel adelanta las labores de control de la procesionaria del pino"},"content":{"rendered":"\n<h4 class=\"wp-block-heading\">Este a\u00f1o la plaga est\u00e1 manifest\u00e1ndose meses antes de lo habitual y los operarios municipales ya han iniciado los trabajos para erradicar la procesionaria.<\/h4>\n\n\n\n<p>El Ayuntamiento de Utiel ya ha iniciado la campa\u00f1a de control de la procesionaria del pino debido a que este a\u00f1o se ha adelantado un par de meses la aparici\u00f3n de esta plaga debido a las suaves temperaturas registradas durante el oto\u00f1o y la escasa pluviometr\u00eda.<\/p>\n\n\n\n<p>Ayer los operarios municipales iniciaban los trabajos de eliminaci\u00f3n de la procesionaria en las zonas en las que hay especial incidencia de esta plaga. Como las restricciones legales y medioambientales limitan el tipo de producto qu\u00edmico que puede emplearse en entornos urbanos se act\u00faa con la eliminaci\u00f3n manual de los bolsones de orugas que penden de los \u00e1rboles para proceder a su posterior incinerado y de este modo erradicar por completo la plaga.&nbsp;<\/p>\n\n\n\n<p>Principalmente la procesionaria afecta a pinos carrascos por lo que se est\u00e1 actuando en zonas que cuentan con mayor presencia de este tipo de ejemplares como es el caso del Barrio de la Constituci\u00f3n y C\/ Beneficencia donde ya se han retirado m\u00e1s de un centenar de nidos.&nbsp;<\/p>\n\n\n\n<p>Tambi\u00e9n se realizar\u00e1 un seguimiento en otros espacios como Polideportivo Municipal, zonas pr\u00f3ximas a colegios Enrique Rambal y Can\u00f3nigo Mu\u00f1oz y sectores de pedan\u00edas.<\/p>\n\n\n\n<p>La conocida como \u201cProcesionaria\u00bb debe su nombre a que se desplaza en grupo de forma alineada, a modo de procesi\u00f3n y debe tratarse ya que las&nbsp;orugas (larvas)&nbsp;est\u00e1n cubiertas de&nbsp;pelos urticantes&nbsp;que se desprenden y flotan en el aire. Entre las reacciones adversas, pueden provocar irritaci\u00f3n en o\u00eddos, nariz y garganta, urticaria y alergias con especial incidencia en animales dom\u00e9sticos como perros o gatos que pueden lamer o ingerir esta oruga venenosa.<\/p>\n\n\n\n<p>Desde el Ayuntamiento de Utiel se recomienda a la ciudadan\u00eda especial precauci\u00f3n en zonas con este tipo de pinadas para evitar cualquier posible contacto con esta plaga.<\/p>\n","protected":false},"excerpt":{"rendered":"<div class=\"mh-excerpt\">Este a\u00f1o la plaga est\u00e1 manifest\u00e1ndose meses antes de lo habitual y los operarios municipales ya han iniciado los trabajos para erradicar la procesionaria. El Ayuntamiento de Utiel ya ha iniciado la campa\u00f1a de control <a class=\"mh-excerpt-more\" href=\"https:\/\/www.tucomarca.com\/wordpress\/segunda\/utiel-adelanta-las-labores-de-control-de-la-procesionaria-del-pino\/\" title=\"Utiel adelanta las labores de control de la procesionaria del pino\">[+] <\/a><\/div>\n","protected":false},"author":12,"featured_media":207640,"comment_status":"open","ping_status":"open","sticky":false,"template":"","format":"standard","meta":{"footnotes":""},"categories":[128,8,117,142,27,3,29],"tags":[13993,10387,10389],"class_list":{"0":"post-207638","1":"post","2":"type-post","3":"status-publish","4":"format-standard","5":"has-post-thumbnail","7":"category-infraestructuras","8":"category-la-comarca","9":"category-medio-ambiente-la-comarca","10":"category-politica-la-comarca","11":"category-requena-utiel","12":"category-seccion","13":"category-utiel","14":"tag-procesionaria","15":"tag-requena-utiel","16":"tag-utiel"},"_links":{"self":[{"href":"https:\/\/www.tucomarca.com\/wordpress\/segunda\/wp-json\/wp\/v2\/posts\/207638","targetHints":{"allow":["GET"]}}],"collection":[{"href":"https:\/\/www.tucomarca.com\/wordpress\/segunda\/wp-json\/wp\/v2\/posts"}],"about":[{"href":"https:\/\/www.tucomarca.com\/wordpress\/segunda\/wp-json\/wp\/v2\/types\/post"}],"author":[{"embeddable":true,"href":"https:\/\/www.tucomarca.com\/wordpress\/segunda\/wp-json\/wp\/v2\/users\/12"}],"replies":[{"embeddable":true,"href":"https:\/\/www.tucomarca.com\/wordpress\/segunda\/wp-json\/wp\/v2\/comments?post=207638"}],"version-history":[{"count":0,"href":"https:\/\/www.tucomarca.com\/wordpress\/segunda\/wp-json\/wp\/v2\/posts\/207638\/revisions"}],"wp:featuredmedia":[{"embeddable":true,"href":"https:\/\/www.tucomarca.com\/wordpress\/segunda\/wp-json\/wp\/v2\/media\/207640"}],"wp:attachment":[{"href":"https:\/\/www.tucomarca.com\/wordpress\/segunda\/wp-json\/wp\/v2\/media?parent=207638"}],"wp:term":[{"taxonomy":"category","embeddable":true,"href":"https:\/\/www.tucomarca.com\/wordpress\/segunda\/wp-json\/wp\/v2\/categories?post=207638"},{"taxonomy":"post_tag","embeddable":true,"href":"https:\/\/www.tucomarca.com\/wordpress\/segunda\/wp-json\/wp\/v2\/tags?post=207638"}],"curies":[{"name":"wp","href":"https:\/\/api.w.org\/{rel}","templated":true}]}}