{"id":207708,"date":"2024-01-18T08:15:00","date_gmt":"2024-01-18T07:15:00","guid":{"rendered":"https:\/\/www.tucomarca.com\/wordpress\/segunda\/?p=207708"},"modified":"2024-01-18T14:58:08","modified_gmt":"2024-01-18T13:58:08","slug":"la-diputacion-de-valencia-presentara-en-fitur-bajo-el-lema-espectacular-la-diversidad-turistica-de-nuestra-provincia-y-apostara-por-los-pequenos-municipios-en-riesgo-de-despoblacion","status":"publish","type":"post","link":"https:\/\/www.tucomarca.com\/wordpress\/segunda\/la-diputacion-de-valencia-presentara-en-fitur-bajo-el-lema-espectacular-la-diversidad-turistica-de-nuestra-provincia-y-apostara-por-los-pequenos-municipios-en-riesgo-de-despoblacion\/","title":{"rendered":"La Diputaci\u00f3n de Valencia presentar\u00e1 en Fitur bajo el lema &#8216;Espectacular&#8217; la diversidad tur\u00edstica de nuestra provincia y apostar\u00e1 por los peque\u00f1os municipios en riesgo de despoblaci\u00f3n"},"content":{"rendered":"\n<h3 class=\"wp-block-heading\"><strong>Bajo ese lema el diputado de Turismo, Pedro Cuesta, ha explicado las novedades que Val\u00e8ncia Turisme llevar\u00e1 a la Feria Internacional de Turismo que se celebra en Madrid entre el 24 y el 28 de enero<\/strong>.<\/h3>\n\n\n\n<h3 class=\"wp-block-heading\"><strong>La corporaci\u00f3n provincial dispone de un espacio de 205 metros cuadrados en el que participar\u00e1n un total de 34 municipios y 5 mancomunidades de la provincia<\/strong>.<\/h3>\n\n\n\n<h3 class=\"wp-block-heading\"><strong>En la edici\u00f3n de este a\u00f1o destaca la apuesta por los municipios peque\u00f1os y en riesgo de despoblaci\u00f3n, que contar\u00e1n con un espacio propio, y la inclusi\u00f3n de un espacio gastron\u00f3mico en colaboraci\u00f3n con la Fundaci\u00f3n Asindown<\/strong>.<\/h3>\n\n\n\n<figure class=\"wp-block-image size-large\"><img loading=\"lazy\" decoding=\"async\" width=\"1024\" height=\"415\" src=\"https:\/\/www.tucomarca.com\/wordpress\/segunda\/wp-content\/uploads\/2024\/01\/PedroCuestaFitur-1024x415.jpg\" alt=\"\" class=\"wp-image-207718\" srcset=\"https:\/\/www.tucomarca.com\/wordpress\/segunda\/wp-content\/uploads\/2024\/01\/PedroCuestaFitur-1024x415.jpg 1024w, https:\/\/www.tucomarca.com\/wordpress\/segunda\/wp-content\/uploads\/2024\/01\/PedroCuestaFitur-300x122.jpg 300w, https:\/\/www.tucomarca.com\/wordpress\/segunda\/wp-content\/uploads\/2024\/01\/PedroCuestaFitur-768x311.jpg 768w, https:\/\/www.tucomarca.com\/wordpress\/segunda\/wp-content\/uploads\/2024\/01\/PedroCuestaFitur-1536x622.jpg 1536w, https:\/\/www.tucomarca.com\/wordpress\/segunda\/wp-content\/uploads\/2024\/01\/PedroCuestaFitur-2048x830.jpg 2048w\" sizes=\"auto, (max-width: 1024px) 100vw, 1024px\" \/><\/figure>\n\n\n\n<p>La Diputaci\u00f3 de Val\u00e8ncia ha presentado este jueves las propuestas con las que acudir\u00e1 a la 44\u00aa Feria Internacional de Turismo (Fitur), que se celebra en Madrid entre el 24 y el 28 de enero. En un acto que ha tenido lugar en el espacio La Mare Que Va, el centro de formaci\u00f3n en hosteler\u00eda y turismo puesto en marcha por la Fundaci\u00f3n Asindown, el diputado de Turismo, Pedro Cuesta, ha desgranado las principales novedades que ofrecer\u00e1 la corporaci\u00f3n en esta edici\u00f3n.&nbsp;<\/p>\n\n\n\n<p>Bajo el lema \u2018Espectacular\u2019, Cuesta ha subrayado que \u201cel objetivo que nos hemos propuesto es hacer brillar nuestra provincia en medio de toda la oferta tur\u00edstica. Para ello tenemos nuevos proyectos e iniciativas que se dar\u00e1n a conocer en el acto institucional que tendr\u00e1 lugar en la feria el mi\u00e9rcoles 24 enero por la tarde. \u201cLo que tenemos claro es que, sobre los pilares de nuestra gastronom\u00eda, nuestra cultura, nuestra naturaleza y nuestro patrimonio material e inmaterial, mostraremos en FITUR todo lo que es, supone y ofrece el destino Valencia para el visitante\u201d, ha afirmado en un acto en el que tambi\u00e9n han estado presentes varios alcaldes y concejales de los municipios que acudir\u00e1n a la feria.<\/p>\n\n\n\n<p>De este modo, la marca Val\u00e8ncia Turisme acompa\u00f1ar\u00e1 un a\u00f1o m\u00e1s a los principales destinos tur\u00edsticos de la provincia en Fitur, con un stand de 205 metros cuadrados, integrado en el espacio expositivo de la Comunitat, en el que participar\u00e1n un total de 34 municipios y cinco mancomunidades. Bajo el paraguas de la Diputaci\u00f3 de Val\u00e8ncia, los ayuntamientos de estas localidades celebrar\u00e1n durante la feria cerca de 100 actividades entre las que se incluyen presentaciones de experiencias tur\u00edsticas, showcookings, catas de productos y actividades de dinamizaci\u00f3n de cara al fin de semana, que es cuando Fitur abre sus puertas al p\u00fablico en general.<\/p>\n\n\n\n<figure class=\"wp-block-image size-large\"><img loading=\"lazy\" decoding=\"async\" width=\"1024\" height=\"683\" src=\"https:\/\/www.tucomarca.com\/wordpress\/segunda\/wp-content\/uploads\/2024\/01\/PresFitur2024_4-1024x683.jpg\" alt=\"\" class=\"wp-image-207713\" srcset=\"https:\/\/www.tucomarca.com\/wordpress\/segunda\/wp-content\/uploads\/2024\/01\/PresFitur2024_4-1024x683.jpg 1024w, https:\/\/www.tucomarca.com\/wordpress\/segunda\/wp-content\/uploads\/2024\/01\/PresFitur2024_4-300x200.jpg 300w, https:\/\/www.tucomarca.com\/wordpress\/segunda\/wp-content\/uploads\/2024\/01\/PresFitur2024_4-768x512.jpg 768w, https:\/\/www.tucomarca.com\/wordpress\/segunda\/wp-content\/uploads\/2024\/01\/PresFitur2024_4.jpg 1181w\" sizes=\"auto, (max-width: 1024px) 100vw, 1024px\" \/><\/figure>\n\n\n\n<p><strong>Novedades de esta edici\u00f3n<\/strong><\/p>\n\n\n\n<p>Entre las novedades que la Diputaci\u00f3 de Val\u00e8ncia presenta este a\u00f1o en Fitur hay que se\u00f1alar la destacada presencia de los municipios peque\u00f1os y en riesgo de despoblaci\u00f3n, que contar\u00e1n con un espacio espec\u00edfico dedicado al programa provincial \u201cFem Poble, Turismo contra la Despoblaci\u00f3n\u201d, puesto en marcha por la corporaci\u00f3n provincial.<\/p>\n\n\n\n<p>As\u00ed, entre los municipios del interior de la provincia de Valencia que participar\u00e1n este a\u00f1o bajo el amparo de la Diputaci\u00f3n se encuentra varios de las comarcas de La Hoya de Bu\u00f1ol-Chiva (como es el caso de Bu\u00f1ol), Requena-Utiel (Requena y Utiel), Camp de T\u00faria (B\u00e9tera, Lll\u00edria, Riba-roja de T\u00faria y Vilamarxant), el Rinc\u00f3n de Ademuz (Ademuz), La Ribera Alta (Algemes\u00ed y Alzira) y El Valle de Ayora-Cofrentes (Ayora y Cofrentes). Adem\u00e1s, tambi\u00e9n llevar\u00e1n sus atractivos tur\u00edsticos hasta Madrid las mancomunidades de La Canal de Navarr\u00e9s y El Rinc\u00f3n de Ademuz.<\/p>\n\n\n\n<figure class=\"wp-block-image size-large\"><img loading=\"lazy\" decoding=\"async\" width=\"1024\" height=\"682\" src=\"https:\/\/www.tucomarca.com\/wordpress\/segunda\/wp-content\/uploads\/2024\/01\/PresFitur2024_3-1024x682.jpg\" alt=\"\" class=\"wp-image-207711\" srcset=\"https:\/\/www.tucomarca.com\/wordpress\/segunda\/wp-content\/uploads\/2024\/01\/PresFitur2024_3-1024x682.jpg 1024w, https:\/\/www.tucomarca.com\/wordpress\/segunda\/wp-content\/uploads\/2024\/01\/PresFitur2024_3-300x200.jpg 300w, https:\/\/www.tucomarca.com\/wordpress\/segunda\/wp-content\/uploads\/2024\/01\/PresFitur2024_3-768x512.jpg 768w, https:\/\/www.tucomarca.com\/wordpress\/segunda\/wp-content\/uploads\/2024\/01\/PresFitur2024_3.jpg 1181w\" sizes=\"auto, (max-width: 1024px) 100vw, 1024px\" \/><\/figure>\n\n\n\n<p>La otra gran novedad de esta edici\u00f3n es la creaci\u00f3n de un espacio gastron\u00f3mico, dentro del propio estand de Val\u00e8ncia Turisme, con el fin de promocionar productos t\u00edpicos de la provincia. Ello se lleva a cabo en colaboraci\u00f3n con la Fundaci\u00f3n Asindown, ya que el espacio ser\u00e1 gestionado por alumnos y personal del centro de formaci\u00f3n en hosteler\u00eda y turismo de inclusi\u00f3n socio-laboral La Mare Que Va, \u201cen el que hoy hemos querido celebrar este acto con el mismo objetivo, que es potenciar nuestro apoyo a este proyecto y darle visibilidad y proyecci\u00f3n\u201d, seg\u00fan ha declarado el diputado Pedro Cuesta. Los alumnos contar\u00e1n con la asistencia de la empresa Gourmet Catering.<\/p>\n\n\n\n<p>Tambi\u00e9n hay que resaltar el apoyo que se va a dar desde la Diputaci\u00f3n a empresas peque\u00f1as del sector tur\u00edstico de la provincia con presencia en el certamen, para lo cual se ha ampliado el espacio para reuniones y encuentros de trabajo entre los profesionales. Asimismo, se ha generado un photocall en el estand para incrementar y multiplicar la proyecci\u00f3n de la provincia de forma instant\u00e1nea y muy din\u00e1mica en la feria.<\/p>\n\n\n\n<p>La promoci\u00f3n de la oferta tur\u00edstica provincial se ver\u00e1 reforzada mediante la difusi\u00f3n del Cat\u00e1logo de Experiencias Tur\u00edsticas de la provincia (que re\u00fane m\u00e1s de 100 experiencias de los distintos \u00e1mbitos tur\u00edsticos) y del Cat\u00e1logo de Experiencias Tur\u00edsticas \u2018Fem Poble\u2019 de la Diputaci\u00f3n.<\/p>\n\n\n\n<figure class=\"wp-block-image size-large\"><img loading=\"lazy\" decoding=\"async\" width=\"1024\" height=\"682\" src=\"https:\/\/www.tucomarca.com\/wordpress\/segunda\/wp-content\/uploads\/2024\/01\/PresFitur2024_5-1024x682.jpg\" alt=\"\" class=\"wp-image-207715\" srcset=\"https:\/\/www.tucomarca.com\/wordpress\/segunda\/wp-content\/uploads\/2024\/01\/PresFitur2024_5-1024x682.jpg 1024w, https:\/\/www.tucomarca.com\/wordpress\/segunda\/wp-content\/uploads\/2024\/01\/PresFitur2024_5-300x200.jpg 300w, https:\/\/www.tucomarca.com\/wordpress\/segunda\/wp-content\/uploads\/2024\/01\/PresFitur2024_5-768x512.jpg 768w, https:\/\/www.tucomarca.com\/wordpress\/segunda\/wp-content\/uploads\/2024\/01\/PresFitur2024_5.jpg 1181w\" sizes=\"auto, (max-width: 1024px) 100vw, 1024px\" \/><\/figure>\n\n\n\n<p><strong>Diversificaci\u00f3n del turismo<\/strong><\/p>\n\n\n\n<p>Adem\u00e1s de dar a conocer los grandes destinos de playa, como Gandia, Cullera, Canet y Oliva, culturales, como Sagunto, y de interior; la Diputaci\u00f3 de Val\u00e8ncia tambi\u00e9n va a potenciar otros tipos de turismo. Por ello estar\u00e1 presente en esta edici\u00f3n en Fitur Screen-Cine, el espacio de Fitur donde se conectan la industria tur\u00edstica y la cinematogr\u00e1fica, a trav\u00e9s de Film Valencia. Del mismo modo, la corporaci\u00f3n participar\u00e1 tambi\u00e9n en Fitur LGTBIQ+, en el estand de la C.Valenciana. En este espacio se promociona nuestra provincia como destino de turismo LGTBIQ+ e inclusivo en todos los aspectos, en colaboraci\u00f3n con los destinos Gandia y Cullera.<\/p>\n\n\n\n<figure class=\"wp-block-gallery has-nested-images columns-1 is-cropped wp-block-gallery-1 is-layout-flex wp-block-gallery-is-layout-flex\">\n<figure class=\"wp-block-image size-large\"><img loading=\"lazy\" decoding=\"async\" width=\"2560\" height=\"1440\" data-id=\"207721\" src=\"https:\/\/www.tucomarca.com\/wordpress\/segunda\/wp-content\/uploads\/2024\/01\/VivirValencia-scaled.jpg\" alt=\"\" class=\"wp-image-207721\" srcset=\"https:\/\/www.tucomarca.com\/wordpress\/segunda\/wp-content\/uploads\/2024\/01\/VivirValencia-scaled.jpg 2560w, https:\/\/www.tucomarca.com\/wordpress\/segunda\/wp-content\/uploads\/2024\/01\/VivirValencia-300x169.jpg 300w, https:\/\/www.tucomarca.com\/wordpress\/segunda\/wp-content\/uploads\/2024\/01\/VivirValencia-1024x576.jpg 1024w, https:\/\/www.tucomarca.com\/wordpress\/segunda\/wp-content\/uploads\/2024\/01\/VivirValencia-768x432.jpg 768w, https:\/\/www.tucomarca.com\/wordpress\/segunda\/wp-content\/uploads\/2024\/01\/VivirValencia-1536x864.jpg 1536w, https:\/\/www.tucomarca.com\/wordpress\/segunda\/wp-content\/uploads\/2024\/01\/VivirValencia-2048x1152.jpg 2048w, https:\/\/www.tucomarca.com\/wordpress\/segunda\/wp-content\/uploads\/2024\/01\/VivirValencia-678x381.jpg 678w\" sizes=\"auto, (max-width: 2560px) 100vw, 2560px\" \/><\/figure>\n\n\n\n<figure class=\"wp-block-image size-large\"><img loading=\"lazy\" decoding=\"async\" width=\"1181\" height=\"787\" data-id=\"207706\" src=\"https:\/\/www.tucomarca.com\/wordpress\/segunda\/wp-content\/uploads\/2024\/01\/PresFitur2024.jpg\" alt=\"\" class=\"wp-image-207706\" srcset=\"https:\/\/www.tucomarca.com\/wordpress\/segunda\/wp-content\/uploads\/2024\/01\/PresFitur2024.jpg 1181w, https:\/\/www.tucomarca.com\/wordpress\/segunda\/wp-content\/uploads\/2024\/01\/PresFitur2024-300x200.jpg 300w, https:\/\/www.tucomarca.com\/wordpress\/segunda\/wp-content\/uploads\/2024\/01\/PresFitur2024-1024x682.jpg 1024w, https:\/\/www.tucomarca.com\/wordpress\/segunda\/wp-content\/uploads\/2024\/01\/PresFitur2024-768x512.jpg 768w\" sizes=\"auto, (max-width: 1181px) 100vw, 1181px\" \/><\/figure>\n\n\n\n<figure class=\"wp-block-image size-large\"><img loading=\"lazy\" decoding=\"async\" width=\"1181\" height=\"809\" data-id=\"207709\" src=\"https:\/\/www.tucomarca.com\/wordpress\/segunda\/wp-content\/uploads\/2024\/01\/PresFitur2024_1.jpg\" alt=\"\" class=\"wp-image-207709\" srcset=\"https:\/\/www.tucomarca.com\/wordpress\/segunda\/wp-content\/uploads\/2024\/01\/PresFitur2024_1.jpg 1181w, https:\/\/www.tucomarca.com\/wordpress\/segunda\/wp-content\/uploads\/2024\/01\/PresFitur2024_1-300x206.jpg 300w, https:\/\/www.tucomarca.com\/wordpress\/segunda\/wp-content\/uploads\/2024\/01\/PresFitur2024_1-1024x701.jpg 1024w, https:\/\/www.tucomarca.com\/wordpress\/segunda\/wp-content\/uploads\/2024\/01\/PresFitur2024_1-768x526.jpg 768w\" sizes=\"auto, (max-width: 1181px) 100vw, 1181px\" \/><\/figure>\n<\/figure>\n","protected":false},"excerpt":{"rendered":"<div class=\"mh-excerpt\">Bajo ese lema el diputado de Turismo, Pedro Cuesta, ha explicado las novedades que Val\u00e8ncia Turisme llevar\u00e1 a la Feria Internacional de Turismo que se celebra en Madrid entre el 24 y el 28 de <a class=\"mh-excerpt-more\" href=\"https:\/\/www.tucomarca.com\/wordpress\/segunda\/la-diputacion-de-valencia-presentara-en-fitur-bajo-el-lema-espectacular-la-diversidad-turistica-de-nuestra-provincia-y-apostara-por-los-pequenos-municipios-en-riesgo-de-despoblacion\/\" title=\"La Diputaci\u00f3n de Valencia presentar\u00e1 en Fitur bajo el lema &#8216;Espectacular&#8217; la diversidad tur\u00edstica de nuestra provincia y apostar\u00e1 por los peque\u00f1os municipios en riesgo de despoblaci\u00f3n\">[+] <\/a><\/div>\n","protected":false},"author":1,"featured_media":207718,"comment_status":"open","ping_status":"open","sticky":false,"template":"","format":"gallery","meta":{"footnotes":""},"categories":[49,38,46,128,70,8,72,10,42,59,7,142,27,3,45],"tags":[10540,1452,5952,10387],"class_list":{"0":"post-207708","1":"post","2":"type-post","3":"status-publish","4":"format-gallery","5":"has-post-thumbnail","7":"category-ademuz","8":"category-ayora-cofrentes","9":"category-camp-de-turia","10":"category-infraestructuras","11":"category-la-canal-de-navarres","12":"category-la-comarca","13":"category-sin-categorizar","14":"category-la-hoya","15":"category-la-ribera","16":"category-los-serranos","17":"category-ocio-y-cultura","18":"category-politica-la-comarca","19":"category-requena-utiel","20":"category-seccion","21":"category-ventana","22":"tag-ayora-cofrentes","23":"tag-la-canal-de-navarres-2","24":"tag-la-hoya-de-bunol-chiva","25":"tag-requena-utiel","26":"post_format-post-format-gallery"},"_links":{"self":[{"href":"https:\/\/www.tucomarca.com\/wordpress\/segunda\/wp-json\/wp\/v2\/posts\/207708","targetHints":{"allow":["GET"]}}],"collection":[{"href":"https:\/\/www.tucomarca.com\/wordpress\/segunda\/wp-json\/wp\/v2\/posts"}],"about":[{"href":"https:\/\/www.tucomarca.com\/wordpress\/segunda\/wp-json\/wp\/v2\/types\/post"}],"author":[{"embeddable":true,"href":"https:\/\/www.tucomarca.com\/wordpress\/segunda\/wp-json\/wp\/v2\/users\/1"}],"replies":[{"embeddable":true,"href":"https:\/\/www.tucomarca.com\/wordpress\/segunda\/wp-json\/wp\/v2\/comments?post=207708"}],"version-history":[{"count":0,"href":"https:\/\/www.tucomarca.com\/wordpress\/segunda\/wp-json\/wp\/v2\/posts\/207708\/revisions"}],"wp:featuredmedia":[{"embeddable":true,"href":"https:\/\/www.tucomarca.com\/wordpress\/segunda\/wp-json\/wp\/v2\/media\/207718"}],"wp:attachment":[{"href":"https:\/\/www.tucomarca.com\/wordpress\/segunda\/wp-json\/wp\/v2\/media?parent=207708"}],"wp:term":[{"taxonomy":"category","embeddable":true,"href":"https:\/\/www.tucomarca.com\/wordpress\/segunda\/wp-json\/wp\/v2\/categories?post=207708"},{"taxonomy":"post_tag","embeddable":true,"href":"https:\/\/www.tucomarca.com\/wordpress\/segunda\/wp-json\/wp\/v2\/tags?post=207708"}],"curies":[{"name":"wp","href":"https:\/\/api.w.org\/{rel}","templated":true}]}}