{"id":207769,"date":"2024-01-18T16:00:00","date_gmt":"2024-01-18T15:00:00","guid":{"rendered":"https:\/\/www.tucomarca.com\/wordpress\/segunda\/?p=207769"},"modified":"2024-01-18T21:48:27","modified_gmt":"2024-01-18T20:48:27","slug":"mompo-vuelve-a-confiar-en-estela-darocas-para-coordinar-el-pp-en-la-canal-de-navarres","status":"publish","type":"post","link":"https:\/\/www.tucomarca.com\/wordpress\/segunda\/mompo-vuelve-a-confiar-en-estela-darocas-para-coordinar-el-pp-en-la-canal-de-navarres\/","title":{"rendered":"Momp\u00f3 vuelve a confiar en Estela Darocas para coordinar el PP en la Canal de Navarr\u00e9s"},"content":{"rendered":"\n<h4 class=\"wp-block-heading\">El Comit\u00e9 Ejecutivo Provincial del PP ha nombrado a Estela Darocas, coordinadora comarcal y a Miguel Mar\u00edn, secretario<\/h4>\n\n\n\n<figure class=\"wp-block-gallery has-nested-images columns-default is-cropped wp-block-gallery-1 is-layout-flex wp-block-gallery-is-layout-flex\">\n<figure class=\"wp-block-image size-large\"><img loading=\"lazy\" decoding=\"async\" width=\"886\" height=\"886\" data-id=\"207775\" src=\"https:\/\/www.tucomarca.com\/wordpress\/segunda\/wp-content\/uploads\/2024\/01\/EstelaDarocasCanalPP.jpg\" alt=\"\" class=\"wp-image-207775\" srcset=\"https:\/\/www.tucomarca.com\/wordpress\/segunda\/wp-content\/uploads\/2024\/01\/EstelaDarocasCanalPP.jpg 886w, https:\/\/www.tucomarca.com\/wordpress\/segunda\/wp-content\/uploads\/2024\/01\/EstelaDarocasCanalPP-300x300.jpg 300w, https:\/\/www.tucomarca.com\/wordpress\/segunda\/wp-content\/uploads\/2024\/01\/EstelaDarocasCanalPP-290x290.jpg 290w, https:\/\/www.tucomarca.com\/wordpress\/segunda\/wp-content\/uploads\/2024\/01\/EstelaDarocasCanalPP-768x768.jpg 768w\" sizes=\"auto, (max-width: 886px) 100vw, 886px\" \/><\/figure>\n\n\n\n<figure class=\"wp-block-image size-large\"><img loading=\"lazy\" decoding=\"async\" width=\"886\" height=\"885\" data-id=\"207777\" src=\"https:\/\/www.tucomarca.com\/wordpress\/segunda\/wp-content\/uploads\/2024\/01\/MiguelMarinCanalPP.jpg\" alt=\"\" class=\"wp-image-207777\" srcset=\"https:\/\/www.tucomarca.com\/wordpress\/segunda\/wp-content\/uploads\/2024\/01\/MiguelMarinCanalPP.jpg 886w, https:\/\/www.tucomarca.com\/wordpress\/segunda\/wp-content\/uploads\/2024\/01\/MiguelMarinCanalPP-300x300.jpg 300w, https:\/\/www.tucomarca.com\/wordpress\/segunda\/wp-content\/uploads\/2024\/01\/MiguelMarinCanalPP-290x290.jpg 290w, https:\/\/www.tucomarca.com\/wordpress\/segunda\/wp-content\/uploads\/2024\/01\/MiguelMarinCanalPP-768x767.jpg 768w\" sizes=\"auto, (max-width: 886px) 100vw, 886px\" \/><\/figure>\n<\/figure>\n\n\n\n<p>El PP de la provincia de Valencia, liderado por el presidente Vicent Momp\u00f3, conf\u00eda de nuevo en Estela Darocas como coordinadora comarcal de la Canal de Navarr\u00e9s. La tambi\u00e9n senadora estar\u00e1 acompa\u00f1ada en la direcci\u00f3n por el alcalde de Anna, Miguel Mar\u00edn Beneyto.&nbsp;<\/p>\n\n\n\n<p>\u201cTenemos la vista fijada en las elecciones de 2027 y tenemos claro que hasta llegar ah\u00ed, hemos de trabajar por y para nuestros pueblos sin bajar la guardia\u201d, ha explicado Darocas, quien ha esgrimido que \u201cel fin \u00faltimo es siempre mejorar la vida de la ciudadan\u00eda\u201d. \u201cAs\u00ed lo estamos haciendo desde las distintas instituciones donde tenemos representaci\u00f3n y desde el partido\u201d, ha asegurado, al tiempo que ha destacado que desde el Senado, donde forma parte de todas las comisones sociales, trabaja \u201cpor las personas, para incrementar su bienestar y su calidad de vida\u201d. &nbsp;<\/p>\n\n\n\n<p>Adem\u00e1s, ha defendido, \u201ces necesario seguir avanzando en la vertebraci\u00f3n de la provincia y para ello hemos de coordinar nuestro trabajo con el resto de comarcas\u201d. \u201cPara llevar a cabo nuestro proyecto municipalista en pro de mejorar los pueblos, contamos con talento, experiencia y juventud\u201d, ha subrayado, al tiempo que ha resaltado la incorporaci\u00f3n del alcalde de Anna a la direcci\u00f3n de la comarca por ser un \u201cperfil joven y preparado tal y como lo est\u00e1 demostrando al frente de la alcald\u00eda de Anna\u201d.<\/p>\n","protected":false},"excerpt":{"rendered":"<div class=\"mh-excerpt\">El Comit\u00e9 Ejecutivo Provincial del PP ha nombrado a Estela Darocas, coordinadora comarcal y a Miguel Mar\u00edn, secretario El PP de la provincia de Valencia, liderado por el presidente Vicent Momp\u00f3, conf\u00eda de nuevo en <a class=\"mh-excerpt-more\" href=\"https:\/\/www.tucomarca.com\/wordpress\/segunda\/mompo-vuelve-a-confiar-en-estela-darocas-para-coordinar-el-pp-en-la-canal-de-navarres\/\" title=\"Momp\u00f3 vuelve a confiar en Estela Darocas para coordinar el PP en la Canal de Navarr\u00e9s\">[+] <\/a><\/div>\n","protected":false},"author":12,"featured_media":207772,"comment_status":"open","ping_status":"open","sticky":false,"template":"","format":"standard","meta":{"footnotes":""},"categories":[78,70,8,142,3],"tags":[1452,7279,5500],"class_list":{"0":"post-207769","1":"post","2":"type-post","3":"status-publish","4":"format-standard","5":"has-post-thumbnail","7":"category-anna","8":"category-la-canal-de-navarres","9":"category-la-comarca","10":"category-politica-la-comarca","11":"category-seccion","12":"tag-la-canal-de-navarres-2","13":"tag-partido-popular","14":"tag-ppcv"},"_links":{"self":[{"href":"https:\/\/www.tucomarca.com\/wordpress\/segunda\/wp-json\/wp\/v2\/posts\/207769","targetHints":{"allow":["GET"]}}],"collection":[{"href":"https:\/\/www.tucomarca.com\/wordpress\/segunda\/wp-json\/wp\/v2\/posts"}],"about":[{"href":"https:\/\/www.tucomarca.com\/wordpress\/segunda\/wp-json\/wp\/v2\/types\/post"}],"author":[{"embeddable":true,"href":"https:\/\/www.tucomarca.com\/wordpress\/segunda\/wp-json\/wp\/v2\/users\/12"}],"replies":[{"embeddable":true,"href":"https:\/\/www.tucomarca.com\/wordpress\/segunda\/wp-json\/wp\/v2\/comments?post=207769"}],"version-history":[{"count":0,"href":"https:\/\/www.tucomarca.com\/wordpress\/segunda\/wp-json\/wp\/v2\/posts\/207769\/revisions"}],"wp:featuredmedia":[{"embeddable":true,"href":"https:\/\/www.tucomarca.com\/wordpress\/segunda\/wp-json\/wp\/v2\/media\/207772"}],"wp:attachment":[{"href":"https:\/\/www.tucomarca.com\/wordpress\/segunda\/wp-json\/wp\/v2\/media?parent=207769"}],"wp:term":[{"taxonomy":"category","embeddable":true,"href":"https:\/\/www.tucomarca.com\/wordpress\/segunda\/wp-json\/wp\/v2\/categories?post=207769"},{"taxonomy":"post_tag","embeddable":true,"href":"https:\/\/www.tucomarca.com\/wordpress\/segunda\/wp-json\/wp\/v2\/tags?post=207769"}],"curies":[{"name":"wp","href":"https:\/\/api.w.org\/{rel}","templated":true}]}}