{"id":20779,"date":"2013-12-09T15:56:53","date_gmt":"2013-12-09T12:56:53","guid":{"rendered":"http:\/\/www.tucomarca.com\/wordpress\/segunda\/?p=20779"},"modified":"2013-12-09T15:57:00","modified_gmt":"2013-12-09T12:57:00","slug":"el-viii-concurso-de-relatos-solidarios-de-chiva-ya-conoce-a-sus-ganadores","status":"publish","type":"post","link":"https:\/\/www.tucomarca.com\/wordpress\/segunda\/el-viii-concurso-de-relatos-solidarios-de-chiva-ya-conoce-a-sus-ganadores\/","title":{"rendered":"El VIII Concurso de Relatos Solidarios de Chiva ya conoce a sus ganadores"},"content":{"rendered":"<p><figure id=\"attachment_20780\" aria-describedby=\"caption-attachment-20780\" style=\"width: 300px\" class=\"wp-caption alignleft\"><a href=\"https:\/\/www.tucomarca.com\/wordpress\/segunda\/?attachment_id=20780\" rel=\"attachment wp-att-20780\"><img loading=\"lazy\" decoding=\"async\" src=\"https:\/\/www.tucomarca.com\/wordpress\/segunda\/wp-content\/uploads\/2013\/12\/VIII-relatos-solidarios-300x153.jpg\" alt=\"\" title=\"VIII relatos solidarios\" width=\"300\" height=\"153\" class=\"size-medium wp-image-20780\" srcset=\"https:\/\/www.tucomarca.com\/wordpress\/segunda\/wp-content\/uploads\/2013\/12\/VIII-relatos-solidarios-300x153.jpg 300w, https:\/\/www.tucomarca.com\/wordpress\/segunda\/wp-content\/uploads\/2013\/12\/VIII-relatos-solidarios-1024x523.jpg 1024w\" sizes=\"auto, (max-width: 300px) 100vw, 300px\" \/><\/a><figcaption id=\"caption-attachment-20780\" class=\"wp-caption-text\">Participantes en el concurso de relatos solidarios frente al consistorio. tc.c<\/figcaption><\/figure>El pasado jueves 5 de diciembre, con motivo del D\u00eda Internacional del Voluntariado, el Centro de Voluntariado de Chiva entreg\u00f3 los premios a los ganadores del Concurso de Relatos Solidarios, que este a\u00f1o ha celebrado su VIII edici\u00f3n. <\/p>\n<p>Esta convocatoria ha vuelto a ser un \u00e9xito de participaci\u00f3n con 157 relatos de alumnos de diferentes colegios de Chiva y Cheste, concretamente del IES Marjana, Colegio Internacional de Levante, Dr. Corach\u00e1n, La Murta, el IES Ricardo Mar\u00edn, Vicente Blasco Ib\u00e1\u00f1ez y San Jos\u00e9 de la Monta\u00f1a de Cheste.  El argumento de los escritos ha girado en torno a la labor social que desempe\u00f1an los voluntarios, una loable tarea que los escolares han sabido reflejar perfectamente a trav\u00e9s del papel.<\/p>\n<p>Los relatos ganadores de esta VIII edici\u00f3n han sido los de B\u00e1rbara De Lacruz Morell, de 2\u00ba ESO del IES Ricardo Mar\u00edn de Cheste, que ha obtenido el primer Premio que ha consistido en un vale valorado en 100 euros, para realizar compras en los comercios de Chiva.<\/p>\n<p>Marcos Cantero Garc\u00eda, de 6\u00ba Primaria del Colegio Vicente Blasco Ib\u00e1\u00f1ez de Cheste ha quedado en segundo lugar seguido de Isabel Company Ricart, de 3\u00ba ESO del Colegio Internacional de Levante con el 3\u00ba Premio. <\/p>\n<p>Debido a la alta participaci\u00f3n y con el fin de reconocer el gran trabajo que han hecho todos los chavales, se ha entregado adem\u00e1s de los premios, ocho \u00e1ccessits consistentes en una novela juvenil. <\/p>\n<p>Los \u00e1ccessits han reca\u00eddo en Ana Monta\u00f1\u00e9s Blay, de 6\u00ba Primaria del Colegio Dr. Corach\u00e1n. Juli\u00e1n Torres Obrador, de 6\u00ba Primaria del Colegio La Murta. Adriana Tar\u00edn Albi\u00f1ana, de 1\u00ba ESO del Colegio San Jos\u00e9 de la Monta\u00f1a de Cheste. C\u00e9sar Cervera Cajas, de 4\u00ba ESO del IES Marjana. Mar\u00eda Alca\u00f1\u00edz Balaguer, de 1\u00ba ESO del IES Ricardo Mar\u00edn de Cheste y Antonio Garc\u00eda Tejedor, de 2\u00ba ESO del IES Ricardo Mar\u00edn de Cheste.   <\/p>\n<p>Asimismo, se ha concedido un diploma nominativo y un detalle de participaci\u00f3n a todos los alumnos que entregaron sus relatos.<\/p>\n","protected":false},"excerpt":{"rendered":"<div class=\"mh-excerpt\">El pasado jueves 5 de diciembre, con motivo del D\u00eda Internacional del Voluntariado, el Centro de Voluntariado de Chiva entreg\u00f3 los premios a los ganadores del Concurso de Relatos Solidarios, que este a\u00f1o ha celebrado <a class=\"mh-excerpt-more\" href=\"https:\/\/www.tucomarca.com\/wordpress\/segunda\/el-viii-concurso-de-relatos-solidarios-de-chiva-ya-conoce-a-sus-ganadores\/\" title=\"El VIII Concurso de Relatos Solidarios de Chiva ya conoce a sus ganadores\">[+] <\/a><\/div>\n","protected":false},"author":2,"featured_media":20780,"comment_status":"open","ping_status":"open","sticky":false,"template":"","format":"standard","meta":{"footnotes":""},"categories":[16,8,10,3],"tags":[10384,711,2552,1771],"class_list":{"0":"post-20779","1":"post","2":"type-post","3":"status-publish","4":"format-standard","5":"has-post-thumbnail","7":"category-chiva","8":"category-la-comarca","9":"category-la-hoya","10":"category-seccion","11":"tag-chiva","12":"tag-concurso","13":"tag-ganadores","14":"tag-relatos-solidarios"},"_links":{"self":[{"href":"https:\/\/www.tucomarca.com\/wordpress\/segunda\/wp-json\/wp\/v2\/posts\/20779","targetHints":{"allow":["GET"]}}],"collection":[{"href":"https:\/\/www.tucomarca.com\/wordpress\/segunda\/wp-json\/wp\/v2\/posts"}],"about":[{"href":"https:\/\/www.tucomarca.com\/wordpress\/segunda\/wp-json\/wp\/v2\/types\/post"}],"author":[{"embeddable":true,"href":"https:\/\/www.tucomarca.com\/wordpress\/segunda\/wp-json\/wp\/v2\/users\/2"}],"replies":[{"embeddable":true,"href":"https:\/\/www.tucomarca.com\/wordpress\/segunda\/wp-json\/wp\/v2\/comments?post=20779"}],"version-history":[{"count":0,"href":"https:\/\/www.tucomarca.com\/wordpress\/segunda\/wp-json\/wp\/v2\/posts\/20779\/revisions"}],"wp:featuredmedia":[{"embeddable":true,"href":"https:\/\/www.tucomarca.com\/wordpress\/segunda\/wp-json\/wp\/v2\/media\/20780"}],"wp:attachment":[{"href":"https:\/\/www.tucomarca.com\/wordpress\/segunda\/wp-json\/wp\/v2\/media?parent=20779"}],"wp:term":[{"taxonomy":"category","embeddable":true,"href":"https:\/\/www.tucomarca.com\/wordpress\/segunda\/wp-json\/wp\/v2\/categories?post=20779"},{"taxonomy":"post_tag","embeddable":true,"href":"https:\/\/www.tucomarca.com\/wordpress\/segunda\/wp-json\/wp\/v2\/tags?post=20779"}],"curies":[{"name":"wp","href":"https:\/\/api.w.org\/{rel}","templated":true}]}}