{"id":207847,"date":"2024-01-19T09:00:00","date_gmt":"2024-01-19T08:00:00","guid":{"rendered":"https:\/\/www.tucomarca.com\/wordpress\/segunda\/?p=207847"},"modified":"2024-01-19T14:59:19","modified_gmt":"2024-01-19T13:59:19","slug":"la-junta-de-gobierno-local-de-la-pobla-de-vallbona-autoriza-el-derribo-de-la-finca-de-la-cens","status":"publish","type":"post","link":"https:\/\/www.tucomarca.com\/wordpress\/segunda\/la-junta-de-gobierno-local-de-la-pobla-de-vallbona-autoriza-el-derribo-de-la-finca-de-la-cens\/","title":{"rendered":"La Junta de Gobierno Local de La Pobla de Vallbona autoriza el derribo de la finca de la Cens"},"content":{"rendered":"\n<p><strong>Abel Mart\u00ed: \u201cEliminamos un punto negro urban\u00edstico de la Pobla de Vallbona\u201d<\/strong>.<\/p>\n\n\n\n<p><strong>El \u00f3rgano de gobierno ha aprobado el proyecto de demolici\u00f3n, as\u00ed como el Plan de Seguridad y Salud de la obra<\/strong>.<\/p>\n\n\n\n<p>La finca de la Cens al fin ser\u00e1 historia. Este m\u00edtico edificio se hab\u00eda vuelto uno de los mayores problemas de la Pobla de Vallbona en los \u00faltimos a\u00f1os debido a su estado ruinoso y a la imposibilidad de ser derribado como consecuencia de los procesos judiciales entorno al mismo. Sin embargo, y tras muchos meses de arduo trabajo por parte del gobierno municipal, la Junta de Gobierno Local (JGL) del consistorio poblano ha autorizado la demolici\u00f3n de la finca de la Cens, cuyo inicio llegar\u00e1 ya el pr\u00f3ximo lunes.<\/p>\n\n\n\n<p>La JGL ha aprobado tanto el proyecto de la obra como la autorizaci\u00f3n de la demolici\u00f3n del edificio, lo cual ha ido tambi\u00e9n acompa\u00f1ado del Plan de Seguridad y Salud de la misma. Unos pasos que han venido precedidos de intensos movimientos desde la administraci\u00f3n local para que el derribo de la Cens fuera una realidad durante el inicio de este 2024, una vez concluidas las fiestas patronales.<\/p>\n\n\n\n<p>\u201cLa pol\u00edtica de este nuevo gobierno es mantener un urbanismo amable, m\u00e1s accesible para los vecinos y vecinas de la Pobla de Vallbona\u201d, ha afirmado Abel Mart\u00ed, alcalde de la Pobla de Vallbona. La celeridad ha sido un factor relevante para el gobierno municipal porque \u201cno pod\u00edamos mantener m\u00e1s tiempo este punto negro urban\u00edstico en el coraz\u00f3n de nuestro pueblo\u201d, ha se\u00f1alado Mart\u00ed. Sin embargo, \u201ctampoco pod\u00edamos acelerar m\u00e1s, ya que es un proceso delicado y quer\u00edamos que se llevase a cabo con la m\u00e1ximas garant\u00edas y reduciendo cualquier riesgo\u201d.<\/p>\n\n\n\n<p>Y es que desde el ayuntamiento se ha trabajado desde hace semanas para que los vecinos de las fincas colindantes pudieran ser reubicados, ofreciendo una soluci\u00f3n habitacional para aquellas personas que no dispusieran de otra vivienda a la que trasladarse durante el periodo que duren los trabajos. Del mismo modo, se producir\u00e1n en los pr\u00f3ximos d\u00edas reuniones con los comercios que tambi\u00e9n podr\u00edan verse afectados por el proceso de derribo de la Cens, con el fin de ofrecerles el apoyo de la administraci\u00f3n local para que sus negocios no se vean afectados durante el tiempo que dure la obra, la cual tiene un periodo m\u00e1ximo estimado de seis meses para llegar a la finalizaci\u00f3n de los trabajos.<\/p>\n\n\n\n<p>El lunes 22 de enero ya estar\u00e1n los operarios de la empresa adjudicataria para el derribo de la finca de la Cens. Unos trabajos que ser\u00e1n minuciosos y se llevar\u00e1n planta a planta, ya que las m\u00e1quinas de gran tama\u00f1o todav\u00eda tardar\u00e1n unas semanas en hacer acto de presencia para las grandes actuaciones.<\/p>\n\n\n\n<p>Un paso definitivo que permitir\u00e1 a la Pobla de Vallbona despedirse de un punto negro urban\u00edstico y, una vez finalizado el derribo del edificio, disponer de un espacio habilitado en pleno centro del municipio, el cual abre nuevas posibilidades para el futuro y una nueva etapa urban\u00edstica en la Pobla de Vallbona.<\/p>\n","protected":false},"excerpt":{"rendered":"<div class=\"mh-excerpt\">Abel Mart\u00ed: \u201cEliminamos un punto negro urban\u00edstico de la Pobla de Vallbona\u201d. El \u00f3rgano de gobierno ha aprobado el proyecto de demolici\u00f3n, as\u00ed como el Plan de Seguridad y Salud de la obra. La finca <a class=\"mh-excerpt-more\" href=\"https:\/\/www.tucomarca.com\/wordpress\/segunda\/la-junta-de-gobierno-local-de-la-pobla-de-vallbona-autoriza-el-derribo-de-la-finca-de-la-cens\/\" title=\"La Junta de Gobierno Local de La Pobla de Vallbona autoriza el derribo de la finca de la Cens\">[+] <\/a><\/div>\n","protected":false},"author":12,"featured_media":207852,"comment_status":"open","ping_status":"open","sticky":false,"template":"","format":"standard","meta":{"footnotes":""},"categories":[46,128,8,174,142,3],"tags":[10395,10412,1335],"class_list":{"0":"post-207847","1":"post","2":"type-post","3":"status-publish","4":"format-standard","5":"has-post-thumbnail","7":"category-camp-de-turia","8":"category-infraestructuras","9":"category-la-comarca","10":"category-la-pobla","11":"category-politica-la-comarca","12":"category-seccion","13":"tag-camp-de-turia","14":"tag-infraestructuras","15":"tag-la-pobla-de-vallbona"},"_links":{"self":[{"href":"https:\/\/www.tucomarca.com\/wordpress\/segunda\/wp-json\/wp\/v2\/posts\/207847","targetHints":{"allow":["GET"]}}],"collection":[{"href":"https:\/\/www.tucomarca.com\/wordpress\/segunda\/wp-json\/wp\/v2\/posts"}],"about":[{"href":"https:\/\/www.tucomarca.com\/wordpress\/segunda\/wp-json\/wp\/v2\/types\/post"}],"author":[{"embeddable":true,"href":"https:\/\/www.tucomarca.com\/wordpress\/segunda\/wp-json\/wp\/v2\/users\/12"}],"replies":[{"embeddable":true,"href":"https:\/\/www.tucomarca.com\/wordpress\/segunda\/wp-json\/wp\/v2\/comments?post=207847"}],"version-history":[{"count":0,"href":"https:\/\/www.tucomarca.com\/wordpress\/segunda\/wp-json\/wp\/v2\/posts\/207847\/revisions"}],"wp:featuredmedia":[{"embeddable":true,"href":"https:\/\/www.tucomarca.com\/wordpress\/segunda\/wp-json\/wp\/v2\/media\/207852"}],"wp:attachment":[{"href":"https:\/\/www.tucomarca.com\/wordpress\/segunda\/wp-json\/wp\/v2\/media?parent=207847"}],"wp:term":[{"taxonomy":"category","embeddable":true,"href":"https:\/\/www.tucomarca.com\/wordpress\/segunda\/wp-json\/wp\/v2\/categories?post=207847"},{"taxonomy":"post_tag","embeddable":true,"href":"https:\/\/www.tucomarca.com\/wordpress\/segunda\/wp-json\/wp\/v2\/tags?post=207847"}],"curies":[{"name":"wp","href":"https:\/\/api.w.org\/{rel}","templated":true}]}}