{"id":20845,"date":"2013-12-10T21:08:25","date_gmt":"2013-12-10T18:08:25","guid":{"rendered":"http:\/\/www.tucomarca.com\/wordpress\/segunda\/?p=20845"},"modified":"2013-12-10T21:08:25","modified_gmt":"2013-12-10T18:08:25","slug":"turis-muestra-su-interes-por-incorporar-la-carrera-%e2%80%9craimon-soria%e2%80%9d-en-el-circuito-de-la-diputacion","status":"publish","type":"post","link":"https:\/\/www.tucomarca.com\/wordpress\/segunda\/turis-muestra-su-interes-por-incorporar-la-carrera-%e2%80%9craimon-soria%e2%80%9d-en-el-circuito-de-la-diputacion\/","title":{"rendered":"Tur\u00eds muestra su inter\u00e9s por incorporar la carrera \u201cRaimon Soria\u201d en el circuito de la Diputaci\u00f3n"},"content":{"rendered":"<figure id=\"attachment_20846\" aria-describedby=\"caption-attachment-20846\" style=\"width: 300px\" class=\"wp-caption alignleft\"><a href=\"https:\/\/www.tucomarca.com\/wordpress\/segunda\/wp-content\/uploads\/2013\/12\/Turis-Dipu.jpg\"><img loading=\"lazy\" decoding=\"async\" class=\"size-medium wp-image-20846\" title=\"Turis-Dipu\" src=\"https:\/\/www.tucomarca.com\/wordpress\/segunda\/wp-content\/uploads\/2013\/12\/Turis-Dipu-300x180.jpg\" alt=\"El diputado de Juventud, Bailach, se re\u00fane con la alcaldesa de Tur\u00eds.\" width=\"300\" height=\"180\" srcset=\"https:\/\/www.tucomarca.com\/wordpress\/segunda\/wp-content\/uploads\/2013\/12\/Turis-Dipu-300x180.jpg 300w, https:\/\/www.tucomarca.com\/wordpress\/segunda\/wp-content\/uploads\/2013\/12\/Turis-Dipu-1024x617.jpg 1024w\" sizes=\"auto, (max-width: 300px) 100vw, 300px\" \/><\/a><figcaption id=\"caption-attachment-20846\" class=\"wp-caption-text\">El diputado de Juventud, Bailach, se re\u00fane con la alcaldesa de Tur\u00eds.<\/figcaption><\/figure>\n<p>El diputado de Juventud y Deportes de la Diputaci\u00f3n de Valencia, Miguel Bailach, ha recibido hoy a la alcaldesa de Tur\u00eds, Pilar Lozano, quien ha acudido a la instituci\u00f3n provincial acompa\u00f1ada del concejal de Deportes, Javier Marchuet.<\/p>\n<p>Durante la reuni\u00f3n, la alcaldesa de Tur\u00eds ha mostrado el inter\u00e9s del ayuntamiento por incorporar al Circuito Provincial de Carreras Populares la marcha local \u201cRaimon Soria\u201d, \u201cque organizamos anualmente, en primavera, en honor de un joven deportista de Tur\u00eds, que falleci\u00f3 en un accidente\u201d.<\/p>\n<p>Pilar Lozano tambi\u00e9n ha trasladado al diputado de Deportes la necesidad de colaborar, en la medida de posible, en el fomento de los deportistas de \u00e9lite de Tur\u00eds, como es el caso de Elena L\u00f3pez, una joven gimnasta que junto con el equipo nacional es campeona del mundo en la disciplina de gimnasia r\u00edtimica.<\/p>\n<p>La alcaldesa ha destacado la labor de la instituci\u00f3n provincial: \u201ctodo lo que tenemos es gracias a la Diputaci\u00f3n. Recientemente hemos recibido una ayuda de casi 60.000 euros para eliminar riesgos geol\u00f3gicos y los planes provinciales de inversi\u00f3n son vitales para garantizar los servicios municipales m\u00e1s b\u00e1sicos\u201d.<\/p>\n<p>&nbsp;<\/p>\n","protected":false},"excerpt":{"rendered":"<div class=\"mh-excerpt\">El diputado de Juventud y Deportes de la Diputaci\u00f3n de Valencia, Miguel Bailach, ha recibido hoy a la alcaldesa de Tur\u00eds, Pilar Lozano, quien ha acudido a la instituci\u00f3n provincial acompa\u00f1ada del concejal de Deportes, <a class=\"mh-excerpt-more\" href=\"https:\/\/www.tucomarca.com\/wordpress\/segunda\/turis-muestra-su-interes-por-incorporar-la-carrera-%e2%80%9craimon-soria%e2%80%9d-en-el-circuito-de-la-diputacion\/\" title=\"Tur\u00eds muestra su inter\u00e9s por incorporar la carrera \u201cRaimon Soria\u201d en el circuito de la Diputaci\u00f3n\">[+] <\/a><\/div>\n","protected":false},"author":1,"featured_media":20846,"comment_status":"open","ping_status":"open","sticky":false,"template":"","format":"standard","meta":{"footnotes":""},"categories":[98,6,42,3,43,45],"tags":[],"class_list":{"0":"post-20845","1":"post","2":"type-post","3":"status-publish","4":"format-standard","5":"has-post-thumbnail","7":"category-atletismo","8":"category-deportes","9":"category-la-ribera","10":"category-seccion","11":"category-turis","12":"category-ventana"},"_links":{"self":[{"href":"https:\/\/www.tucomarca.com\/wordpress\/segunda\/wp-json\/wp\/v2\/posts\/20845","targetHints":{"allow":["GET"]}}],"collection":[{"href":"https:\/\/www.tucomarca.com\/wordpress\/segunda\/wp-json\/wp\/v2\/posts"}],"about":[{"href":"https:\/\/www.tucomarca.com\/wordpress\/segunda\/wp-json\/wp\/v2\/types\/post"}],"author":[{"embeddable":true,"href":"https:\/\/www.tucomarca.com\/wordpress\/segunda\/wp-json\/wp\/v2\/users\/1"}],"replies":[{"embeddable":true,"href":"https:\/\/www.tucomarca.com\/wordpress\/segunda\/wp-json\/wp\/v2\/comments?post=20845"}],"version-history":[{"count":0,"href":"https:\/\/www.tucomarca.com\/wordpress\/segunda\/wp-json\/wp\/v2\/posts\/20845\/revisions"}],"wp:featuredmedia":[{"embeddable":true,"href":"https:\/\/www.tucomarca.com\/wordpress\/segunda\/wp-json\/wp\/v2\/media\/20846"}],"wp:attachment":[{"href":"https:\/\/www.tucomarca.com\/wordpress\/segunda\/wp-json\/wp\/v2\/media?parent=20845"}],"wp:term":[{"taxonomy":"category","embeddable":true,"href":"https:\/\/www.tucomarca.com\/wordpress\/segunda\/wp-json\/wp\/v2\/categories?post=20845"},{"taxonomy":"post_tag","embeddable":true,"href":"https:\/\/www.tucomarca.com\/wordpress\/segunda\/wp-json\/wp\/v2\/tags?post=20845"}],"curies":[{"name":"wp","href":"https:\/\/api.w.org\/{rel}","templated":true}]}}