{"id":2087,"date":"2012-05-21T11:46:20","date_gmt":"2012-05-21T10:46:20","guid":{"rendered":"http:\/\/www.tucomarca.com\/wordpress\/segunda\/?p=2087"},"modified":"2012-05-21T12:01:16","modified_gmt":"2012-05-21T11:01:16","slug":"barbera-se-mantiene-en-la-decima-posicion-de-la-general-de-moto-gp","status":"publish","type":"post","link":"https:\/\/www.tucomarca.com\/wordpress\/segunda\/barbera-se-mantiene-en-la-decima-posicion-de-la-general-de-moto-gp\/","title":{"rendered":"Barber\u00e1 se mantiene en la d\u00e9cima posici\u00f3n de la general de Moto GP"},"content":{"rendered":"<figure id=\"attachment_2094\" aria-describedby=\"caption-attachment-2094\" style=\"width: 574px\" class=\"wp-caption aligncenter\"><a href=\"https:\/\/www.tucomarca.com\/wordpress\/segunda\/wp-content\/uploads\/2012\/05\/IMGP2374.jpg\"><img loading=\"lazy\" decoding=\"async\" class=\"size-large wp-image-2094  \" title=\"IMGP2374\" src=\"https:\/\/www.tucomarca.com\/wordpress\/segunda\/wp-content\/uploads\/2012\/05\/IMGP2374-1024x768.jpg\" alt=\"Barber\u00e1 lee tucomarca.com durante el encuentro motero realizado d\u00edas atr\u00e1s en Dos Aguas.\" width=\"574\" height=\"430\" \/><\/a><figcaption id=\"caption-attachment-2094\" class=\"wp-caption-text\">Barber\u00e1 lee tucomarca.com durante el encuentro motero realizado d\u00edas atr\u00e1s en Dos Aguas.<\/figcaption><\/figure>\n<p style=\"text-align: center;\">&nbsp;<\/p>\n<p style=\"text-align: left;\">El pasado fin de semana no fue todo lo rentable que nuestros pilotos Hector Barbera y Adrian Martin \u00a0hubiesen deseado. Comenzando por el circuito de Le Mans; y con un fin de semana muy lluvioso, se conjunto las peores condiciones para una pista con poco grip (agarre) y la lluvia.<\/p>\n<p style=\"text-align: left;\">Todos los pilotos iban a sufrir mucho, pero los de Moto 3 \u2014categor\u00eda de Adrian\u2014 era la que m\u00e1s se notaba, ya que sus neumaticos de agua (peludos) no tenian el agarre necesario para ir seguro en dicho circuito; por todo eso Adrian desde el comienzo del fin de semana vio sus oportunidades de estar en cabeza bastante reducidas, aunque un 12\u00ba puesto en parrilla le anim\u00f3 un poco de cara a la carrera. Pero el domingo la lluvia era muy fuerte cuando arrancaron los pilotos de Moto 3 y la criba de pilotos comenz\u00f3 en la vuelta 3\u00aa, y \u00a0en la 8\u00aa Adrian sufr\u00eda lo mismo que un pu\u00f1ado de pilotos que no pudieron finalizar la prueba a 24 vueltas. Con lo que en la clasificaci\u00f3n general sigue sin conseguir puntuar y esto en la 5\u00aa prueba desata los nervios en el Equipo.<\/p>\n<p>Por parte de nuestro H\u00e9ctor Barbera, ya repuesto del tumultuoso fin de semana de la Matinal Motera de Dos Aguas <strong>\u2014unas fotos que podr\u00e9is ver pronto en nuestro Canal de Flickr\u2014<\/strong>, estuvo todo el fin de semana con muchisimo cuidado para no hacerse da\u00f1o en las cientos de caidas que se produjeron en Le \u00a0Mans.<\/p>\n<p>Pero en los entrenos clasificatorios pele\u00f3 contra todos sus rivales Ducati y aguanto el tipo consiguiendo la 9\u00aa posici\u00f3n. Las previsiones de lluvia eran casi del 100% por lo que la carrera igualmente tendr\u00eda que ser muy prudente y poder coger algun punto, as\u00ed fue pues despues de luchar por conservar su puesto finaliz\u00f3 en esa 9\u00aa posici\u00f3n con lo que sigue 10\u00ba en la tabla general. Esperamos impacientes para el 3 de junio que se disputar\u00e1 el Gran Premio de Catalu\u00f1a en Montmel\u00f3 y los nuestros podran luchar mejor de tu a tu contra sus rivales.<\/p>\n","protected":false},"excerpt":{"rendered":"<div class=\"mh-excerpt\">&nbsp; El pasado fin de semana no fue todo lo rentable que nuestros pilotos Hector Barbera y Adrian Martin \u00a0hubiesen deseado. Comenzando por el circuito de Le Mans; y con un fin de semana muy <a class=\"mh-excerpt-more\" href=\"https:\/\/www.tucomarca.com\/wordpress\/segunda\/barbera-se-mantiene-en-la-decima-posicion-de-la-general-de-moto-gp\/\" title=\"Barber\u00e1 se mantiene en la d\u00e9cima posici\u00f3n de la general de Moto GP\">[+] <\/a><\/div>\n","protected":false},"author":1,"featured_media":2094,"comment_status":"open","ping_status":"open","sticky":false,"template":"","format":"standard","meta":{"footnotes":""},"categories":[6,15,10,91,3,45],"tags":[],"class_list":{"0":"post-2087","1":"post","2":"type-post","3":"status-publish","4":"format-standard","5":"has-post-thumbnail","7":"category-deportes","8":"category-dos-aguas","9":"category-la-hoya","10":"category-motociclismo","11":"category-seccion","12":"category-ventana"},"_links":{"self":[{"href":"https:\/\/www.tucomarca.com\/wordpress\/segunda\/wp-json\/wp\/v2\/posts\/2087","targetHints":{"allow":["GET"]}}],"collection":[{"href":"https:\/\/www.tucomarca.com\/wordpress\/segunda\/wp-json\/wp\/v2\/posts"}],"about":[{"href":"https:\/\/www.tucomarca.com\/wordpress\/segunda\/wp-json\/wp\/v2\/types\/post"}],"author":[{"embeddable":true,"href":"https:\/\/www.tucomarca.com\/wordpress\/segunda\/wp-json\/wp\/v2\/users\/1"}],"replies":[{"embeddable":true,"href":"https:\/\/www.tucomarca.com\/wordpress\/segunda\/wp-json\/wp\/v2\/comments?post=2087"}],"version-history":[{"count":0,"href":"https:\/\/www.tucomarca.com\/wordpress\/segunda\/wp-json\/wp\/v2\/posts\/2087\/revisions"}],"wp:featuredmedia":[{"embeddable":true,"href":"https:\/\/www.tucomarca.com\/wordpress\/segunda\/wp-json\/wp\/v2\/media\/2094"}],"wp:attachment":[{"href":"https:\/\/www.tucomarca.com\/wordpress\/segunda\/wp-json\/wp\/v2\/media?parent=2087"}],"wp:term":[{"taxonomy":"category","embeddable":true,"href":"https:\/\/www.tucomarca.com\/wordpress\/segunda\/wp-json\/wp\/v2\/categories?post=2087"},{"taxonomy":"post_tag","embeddable":true,"href":"https:\/\/www.tucomarca.com\/wordpress\/segunda\/wp-json\/wp\/v2\/tags?post=2087"}],"curies":[{"name":"wp","href":"https:\/\/api.w.org\/{rel}","templated":true}]}}