{"id":208980,"date":"2024-01-30T08:45:00","date_gmt":"2024-01-30T07:45:00","guid":{"rendered":"https:\/\/www.tucomarca.com\/wordpress\/segunda\/?p=208980"},"modified":"2024-01-30T19:11:31","modified_gmt":"2024-01-30T18:11:31","slug":"fotogaleria-cheste-clama-por-la-paz","status":"publish","type":"post","link":"https:\/\/www.tucomarca.com\/wordpress\/segunda\/fotogaleria-cheste-clama-por-la-paz\/","title":{"rendered":"Fotogaler\u00eda: Cheste clama por la Paz"},"content":{"rendered":"\n<p>Esta ma\u00f1ana el alumnado y profesorado de los centros educativos de Cheste se ha reunido en la plaza Doctor Cajal en un emotivo acto por La Paz organizado junto con el Ayuntamiento.<\/p>\n\n\n\n<p>La concejala de Educaci\u00f3n, M\u00aa \u00c1ngeles Llorente, ha introducido el acto reivindicando el fin de las guerras. \u201cCada a\u00f1o, el 30 de enero, se celebra el D\u00eda escolar de la No Violencia y de la Paz, y se conmemora en esta fecha porque en 1948 fue asesinado Gandi, l\u00edder pacifista que defendi\u00f3 la resistencia pac\u00edfica frente a la injusticia y que fue asesinado por defender estas ideas. Este a\u00f1o todos los colegios de Cheste, junto con el Ayuntamiento, decidimos hacer esta concentraci\u00f3n y la posterior marcha para pedir que paren las guerras, todas las guerras, y para defender los derechos de las ni\u00f1as y ni\u00f1os inocentes que est\u00e1n muriendo a miles. Hoy vamos a levantar la voz en un c\u00e1ntico colectivo, que llegue al cielo y que vaya volando por las nubes, agitando las conciencias, pidiendo paz, siempre paz\u201d, manifestaba la concejala. Tras ella, el alumnado de los cuatro centros educativos, junto con sus directoras, sub\u00edan al escenario para leer sus manifiestos por la paz y soltar dos palomas. En sus mensajes han pedido amor, respeto a la diversidad y empat\u00eda para una convivencia pac\u00edfica, y han rechazado cualquier forma de violencia.<\/p>\n\n\n\n<p>Tras las lecturas, todos y todas han cantado y bailado la canci\u00f3n <em>Color esperanza, <\/em>junto con los vecinos y vecinas que se han sumado al acto<em>, <\/em>y han realizado una marcha por el centro urbano con pancartas y mensajes pacifistas.<\/p>\n\n\n\n<figure class=\"wp-block-gallery has-nested-images columns-1 is-cropped wp-block-gallery-1 is-layout-flex wp-block-gallery-is-layout-flex\">\n<figure class=\"wp-block-image size-large\"><img loading=\"lazy\" decoding=\"async\" width=\"886\" height=\"591\" data-id=\"208990\" src=\"https:\/\/www.tucomarca.com\/wordpress\/segunda\/wp-content\/uploads\/2024\/01\/Cheste_DiaPaz03.jpg\" alt=\"\" class=\"wp-image-208990\" srcset=\"https:\/\/www.tucomarca.com\/wordpress\/segunda\/wp-content\/uploads\/2024\/01\/Cheste_DiaPaz03.jpg 886w, https:\/\/www.tucomarca.com\/wordpress\/segunda\/wp-content\/uploads\/2024\/01\/Cheste_DiaPaz03-300x200.jpg 300w, https:\/\/www.tucomarca.com\/wordpress\/segunda\/wp-content\/uploads\/2024\/01\/Cheste_DiaPaz03-768x512.jpg 768w\" sizes=\"auto, (max-width: 886px) 100vw, 886px\" \/><\/figure>\n\n\n\n<figure class=\"wp-block-image size-large\"><img loading=\"lazy\" decoding=\"async\" width=\"886\" height=\"591\" data-id=\"208986\" src=\"https:\/\/www.tucomarca.com\/wordpress\/segunda\/wp-content\/uploads\/2024\/01\/Cheste_DiaPaz01.jpg\" alt=\"\" class=\"wp-image-208986\" srcset=\"https:\/\/www.tucomarca.com\/wordpress\/segunda\/wp-content\/uploads\/2024\/01\/Cheste_DiaPaz01.jpg 886w, https:\/\/www.tucomarca.com\/wordpress\/segunda\/wp-content\/uploads\/2024\/01\/Cheste_DiaPaz01-300x200.jpg 300w, https:\/\/www.tucomarca.com\/wordpress\/segunda\/wp-content\/uploads\/2024\/01\/Cheste_DiaPaz01-768x512.jpg 768w\" sizes=\"auto, (max-width: 886px) 100vw, 886px\" \/><\/figure>\n\n\n\n<figure class=\"wp-block-image size-large\"><img loading=\"lazy\" decoding=\"async\" width=\"886\" height=\"591\" data-id=\"208992\" src=\"https:\/\/www.tucomarca.com\/wordpress\/segunda\/wp-content\/uploads\/2024\/01\/Cheste_DiaPaz04.jpg\" alt=\"\" class=\"wp-image-208992\" srcset=\"https:\/\/www.tucomarca.com\/wordpress\/segunda\/wp-content\/uploads\/2024\/01\/Cheste_DiaPaz04.jpg 886w, https:\/\/www.tucomarca.com\/wordpress\/segunda\/wp-content\/uploads\/2024\/01\/Cheste_DiaPaz04-300x200.jpg 300w, https:\/\/www.tucomarca.com\/wordpress\/segunda\/wp-content\/uploads\/2024\/01\/Cheste_DiaPaz04-768x512.jpg 768w\" sizes=\"auto, (max-width: 886px) 100vw, 886px\" \/><\/figure>\n\n\n\n<figure class=\"wp-block-image size-large\"><img loading=\"lazy\" decoding=\"async\" width=\"886\" height=\"591\" data-id=\"208994\" src=\"https:\/\/www.tucomarca.com\/wordpress\/segunda\/wp-content\/uploads\/2024\/01\/Cheste_DiaPaz05.jpg\" alt=\"\" class=\"wp-image-208994\" srcset=\"https:\/\/www.tucomarca.com\/wordpress\/segunda\/wp-content\/uploads\/2024\/01\/Cheste_DiaPaz05.jpg 886w, https:\/\/www.tucomarca.com\/wordpress\/segunda\/wp-content\/uploads\/2024\/01\/Cheste_DiaPaz05-300x200.jpg 300w, https:\/\/www.tucomarca.com\/wordpress\/segunda\/wp-content\/uploads\/2024\/01\/Cheste_DiaPaz05-768x512.jpg 768w\" sizes=\"auto, (max-width: 886px) 100vw, 886px\" \/><\/figure>\n\n\n\n<figure class=\"wp-block-image size-large\"><img loading=\"lazy\" decoding=\"async\" width=\"886\" height=\"591\" data-id=\"208996\" src=\"https:\/\/www.tucomarca.com\/wordpress\/segunda\/wp-content\/uploads\/2024\/01\/Cheste_DiaPaz06.jpg\" alt=\"\" class=\"wp-image-208996\" srcset=\"https:\/\/www.tucomarca.com\/wordpress\/segunda\/wp-content\/uploads\/2024\/01\/Cheste_DiaPaz06.jpg 886w, https:\/\/www.tucomarca.com\/wordpress\/segunda\/wp-content\/uploads\/2024\/01\/Cheste_DiaPaz06-300x200.jpg 300w, https:\/\/www.tucomarca.com\/wordpress\/segunda\/wp-content\/uploads\/2024\/01\/Cheste_DiaPaz06-768x512.jpg 768w\" sizes=\"auto, (max-width: 886px) 100vw, 886px\" \/><\/figure>\n\n\n\n<figure class=\"wp-block-image size-large\"><img loading=\"lazy\" decoding=\"async\" width=\"886\" height=\"591\" data-id=\"209000\" src=\"https:\/\/www.tucomarca.com\/wordpress\/segunda\/wp-content\/uploads\/2024\/01\/Cheste_DiaPaz08.jpg\" alt=\"\" class=\"wp-image-209000\" srcset=\"https:\/\/www.tucomarca.com\/wordpress\/segunda\/wp-content\/uploads\/2024\/01\/Cheste_DiaPaz08.jpg 886w, https:\/\/www.tucomarca.com\/wordpress\/segunda\/wp-content\/uploads\/2024\/01\/Cheste_DiaPaz08-300x200.jpg 300w, https:\/\/www.tucomarca.com\/wordpress\/segunda\/wp-content\/uploads\/2024\/01\/Cheste_DiaPaz08-768x512.jpg 768w\" sizes=\"auto, (max-width: 886px) 100vw, 886px\" \/><\/figure>\n\n\n\n<figure class=\"wp-block-image size-large\"><img loading=\"lazy\" decoding=\"async\" width=\"886\" height=\"591\" data-id=\"208998\" src=\"https:\/\/www.tucomarca.com\/wordpress\/segunda\/wp-content\/uploads\/2024\/01\/Cheste_DiaPaz07.jpg\" alt=\"\" class=\"wp-image-208998\" srcset=\"https:\/\/www.tucomarca.com\/wordpress\/segunda\/wp-content\/uploads\/2024\/01\/Cheste_DiaPaz07.jpg 886w, https:\/\/www.tucomarca.com\/wordpress\/segunda\/wp-content\/uploads\/2024\/01\/Cheste_DiaPaz07-300x200.jpg 300w, https:\/\/www.tucomarca.com\/wordpress\/segunda\/wp-content\/uploads\/2024\/01\/Cheste_DiaPaz07-768x512.jpg 768w\" sizes=\"auto, (max-width: 886px) 100vw, 886px\" \/><\/figure>\n<\/figure>\n","protected":false},"excerpt":{"rendered":"<div class=\"mh-excerpt\">Esta ma\u00f1ana el alumnado y profesorado de los centros educativos de Cheste se ha reunido en la plaza Doctor Cajal en un emotivo acto por La Paz organizado junto con el Ayuntamiento. La concejala de <a class=\"mh-excerpt-more\" href=\"https:\/\/www.tucomarca.com\/wordpress\/segunda\/fotogaleria-cheste-clama-por-la-paz\/\" title=\"Fotogaler\u00eda: Cheste clama por la Paz\">[+] <\/a><\/div>\n","protected":false},"author":12,"featured_media":208988,"comment_status":"open","ping_status":"open","sticky":false,"template":"","format":"gallery","meta":{"footnotes":""},"categories":[17,8,10,7,3],"tags":[339,20162,5952],"class_list":{"0":"post-208980","1":"post","2":"type-post","3":"status-publish","4":"format-gallery","5":"has-post-thumbnail","7":"category-cheste","8":"category-la-comarca","9":"category-la-hoya","10":"category-ocio-y-cultura","11":"category-seccion","12":"tag-cheste-2","13":"tag-dia-de-la-paz","14":"tag-la-hoya-de-bunol-chiva","15":"post_format-post-format-gallery"},"_links":{"self":[{"href":"https:\/\/www.tucomarca.com\/wordpress\/segunda\/wp-json\/wp\/v2\/posts\/208980","targetHints":{"allow":["GET"]}}],"collection":[{"href":"https:\/\/www.tucomarca.com\/wordpress\/segunda\/wp-json\/wp\/v2\/posts"}],"about":[{"href":"https:\/\/www.tucomarca.com\/wordpress\/segunda\/wp-json\/wp\/v2\/types\/post"}],"author":[{"embeddable":true,"href":"https:\/\/www.tucomarca.com\/wordpress\/segunda\/wp-json\/wp\/v2\/users\/12"}],"replies":[{"embeddable":true,"href":"https:\/\/www.tucomarca.com\/wordpress\/segunda\/wp-json\/wp\/v2\/comments?post=208980"}],"version-history":[{"count":0,"href":"https:\/\/www.tucomarca.com\/wordpress\/segunda\/wp-json\/wp\/v2\/posts\/208980\/revisions"}],"wp:featuredmedia":[{"embeddable":true,"href":"https:\/\/www.tucomarca.com\/wordpress\/segunda\/wp-json\/wp\/v2\/media\/208988"}],"wp:attachment":[{"href":"https:\/\/www.tucomarca.com\/wordpress\/segunda\/wp-json\/wp\/v2\/media?parent=208980"}],"wp:term":[{"taxonomy":"category","embeddable":true,"href":"https:\/\/www.tucomarca.com\/wordpress\/segunda\/wp-json\/wp\/v2\/categories?post=208980"},{"taxonomy":"post_tag","embeddable":true,"href":"https:\/\/www.tucomarca.com\/wordpress\/segunda\/wp-json\/wp\/v2\/tags?post=208980"}],"curies":[{"name":"wp","href":"https:\/\/api.w.org\/{rel}","templated":true}]}}