{"id":209080,"date":"2024-01-30T18:00:00","date_gmt":"2024-01-30T17:00:00","guid":{"rendered":"https:\/\/www.tucomarca.com\/wordpress\/segunda\/?p=209080"},"modified":"2024-01-30T21:23:36","modified_gmt":"2024-01-30T20:23:36","slug":"la-diputacio-de-valencia-aprueba-el-pla-obert-dinversions-seis-meses-antes-que-el-anterior-y-sin-votos-en-contra","status":"publish","type":"post","link":"https:\/\/www.tucomarca.com\/wordpress\/segunda\/la-diputacio-de-valencia-aprueba-el-pla-obert-dinversions-seis-meses-antes-que-el-anterior-y-sin-votos-en-contra\/","title":{"rendered":"La Diputaci\u00f3 de Val\u00e8ncia aprueba el Pla Obert d\u2019Inversions seis meses antes que el anterior y sin votos en contra"},"content":{"rendered":"\n<h3 class=\"wp-block-heading\">La vicepresidenta Nat\u00e0lia Enguix, responsable de Cooperaci\u00f3n, defiende que todos los municipios saldr\u00e1n beneficiados con el mayor plan inversor en la historia de la corporaci\u00f3n. PP, Ens Uneix, PSPV y Vox votan a favor.<\/h3>\n\n\n\n<h3 class=\"wp-block-heading\">El pleno de enero aprueba por unanimidad la pr\u00f3rroga del plan 2022-23, que presenta una ejecuci\u00f3n inferior al 10% de los proyectos solicitados, con el objetivo de que \u201clas obras se finalicen y el dinero se quede en los pueblos\u201d.<\/h3>\n\n\n\n<p>La Diputaci\u00f3 de Val\u00e8ncia ha aprobado el Pla Obert d\u2019Inversions 2024-27 con los votos a favor del PP, Ens Uneix, el PSPV y Vox, y la abstenci\u00f3n de los tres diputados de Comprom\u00eds. El pleno de enero ha dado luz verde al mayor programa inversor en la historia de la corporaci\u00f3n provincial, con 340 millones para los municipios y 10 para las mancomunidades en los pr\u00f3ximos cuatro a\u00f1os, con un incremento del 21% respecto a la dotaci\u00f3n de los planes de inversi\u00f3n de la pasada legislatura.<\/p>\n\n\n\n<p>La vicepresidenta primera y responsable de Cooperaci\u00f3n, Nat\u00e0lia Enguix, ha agradecido el voto favorable a un plan que \u201cbeneficiar\u00e1 a todos los municipios valencianos y que se aprueba seis meses antes de lo que aprob\u00f3 su \u00faltimo plan el anterior gobierno provincial\u201d. Enguix ha defendido, adem\u00e1s, que el Pla Obert \u201cofrecer\u00e1 todas las facilidades a los ayuntamientos para que puedan presentar sus proyectos en cualquier momento, sin presiones ni plazos que les condicionen, y que dispongan del tiempo suficiente para ejecutarlos y que el dinero que les llega de la Diputaci\u00f3n se quede en los municipios en forma de mejoras reales\u201d.<\/p>\n\n\n\n<p>En la sesi\u00f3n plenaria de enero se han aprobado tambi\u00e9n, por unanimidad, sendas pr\u00f3rrogas o ampliaciones de plazos para que los consistorios puedan finalizar obras incluidas en el Plan de Inversiones 2022-23 y el plan inversor de 2021 para grandes municipios. \u201cSomos conscientes de que el retraso en la aprobaci\u00f3n del \u00faltimo plan del anterior gobierno dificult\u00f3 a los municipios la ejecuci\u00f3n de los proyectos, con 100 millones de euros por adjudicar, y tambi\u00e9n que, en el caso del plan de 2021, se han visto condicionados por los efectos de la pandemia y el conflicto en Ucrania, teniendo en cuenta el desabastecimiento y el incremento del precio de los materiales y el coste de las obras\u201d, ha explicado la vicepresidenta Enguix.<\/p>\n\n\n\n<p>Las grandes ciudades que presentaron proyectos en el plan 2021 dispondr\u00e1n de cinco meses m\u00e1s, como permite la ley, para finalizar las obras, hasta el 23 de septiembre; mientras que los plazos del Plan de Inversiones 2022-23 se ampl\u00edan hasta el 19 de mayo de 2025 para ejecutar y octubre de ese mismo a\u00f1o para justificar las obras. La propia Enguix a\u00f1ade que los ayuntamientos \u201cpueden solicitar un cambio en los proyectos con la intenci\u00f3n de que estos puedan finalizarse y no tengan que renunciar a las ayudas, en respuesta a estos tiempos cambiantes en los que pueden alterarse tambi\u00e9n las necesidades de los municipios\u201d.<\/p>\n\n\n\n<p><strong>Una \u00fanica abstenci\u00f3n<\/strong><\/p>\n\n\n\n<p>El Pla Obert d\u2019Inversions del gobierno que preside Vicent Momp\u00f3 ha salido adelante \u201cen el primer pleno del a\u00f1o, tal y como prometimos en su presentaci\u00f3n a principios de diciembre\u201d, ha recordado Enguix. Solo el grupo Comprom\u00eds se ha abstenido al considerar que \u201cse desmantela la estrategia Reacciona contra la emergencia clim\u00e1tica\u201d que inclu\u00eda el anterior ejecutivo. En palabras del diputado Josep Riera, \u201cel nuevo plan de inversiones reparte m\u00e1s dinero pero de otra manera, incluyendo las actuaciones del ciclo del agua y las zonas verdes, pero dejando fuera otras l\u00edneas que beneficiaban a los pueblos m\u00e1s peque\u00f1os\u201d.<\/p>\n\n\n\n<p>En respuesta a Riera, la responsable de Cooperaci\u00f3n Municipal ha dejado claro que \u201cel Reacciona no desaparece\u201d. Nat\u00e0lia Enguix ha explicado que lo que ha hecho el nuevo gobierno provincial es \u201cincluir dos l\u00edneas, la de agua y la de energ\u00eda, en el Pla Obert, y el resto de l\u00edneas, como movilidad, gesti\u00f3n forestal o de residuos, se mantendr\u00e1n en otras \u00e1reas\u201d.&nbsp;<\/p>\n\n\n\n<p>En cuanto a la f\u00f3rmula de reparto, que en esta ocasi\u00f3n refuerza el criterio poblacional frente a la superficie, Enguix ha defendido que \u201cdesde 2015 esta Diputaci\u00f3n se ha encargado de garantizar la financiaci\u00f3n de los pueblos m\u00e1s peque\u00f1os para equipararlos a los grandes, y ahora que hemos conseguido que todos tengan esos servicios y equipamientos b\u00e1sicos, creemos que es momento de, sin descuidar las necesidades de esos peque\u00f1os municipios a los que vamos a seguir ayudando, fijarnos tambi\u00e9n en los consistorios que prestan servicios a miles de habitantes, en la l\u00ednea de lo que esta autonom\u00eda reclama al Estado en el marco de la financiaci\u00f3n auton\u00f3mica\u201d.<\/p>\n","protected":false},"excerpt":{"rendered":"<div class=\"mh-excerpt\">La vicepresidenta Nat\u00e0lia Enguix, responsable de Cooperaci\u00f3n, defiende que todos los municipios saldr\u00e1n beneficiados con el mayor plan inversor en la historia de la corporaci\u00f3n. PP, Ens Uneix, PSPV y Vox votan a favor. El <a class=\"mh-excerpt-more\" href=\"https:\/\/www.tucomarca.com\/wordpress\/segunda\/la-diputacio-de-valencia-aprueba-el-pla-obert-dinversions-seis-meses-antes-que-el-anterior-y-sin-votos-en-contra\/\" title=\"La Diputaci\u00f3 de Val\u00e8ncia aprueba el Pla Obert d\u2019Inversions seis meses antes que el anterior y sin votos en contra\">[+] <\/a><\/div>\n","protected":false},"author":12,"featured_media":209083,"comment_status":"open","ping_status":"open","sticky":false,"template":"","format":"standard","meta":{"footnotes":""},"categories":[128,8,72,142,3,45],"tags":[3677,19987],"class_list":{"0":"post-209080","1":"post","2":"type-post","3":"status-publish","4":"format-standard","5":"has-post-thumbnail","7":"category-infraestructuras","8":"category-la-comarca","9":"category-sin-categorizar","10":"category-politica-la-comarca","11":"category-seccion","12":"category-ventana","13":"tag-diputacio-de-valencia","14":"tag-pla-obert-dinversions"},"_links":{"self":[{"href":"https:\/\/www.tucomarca.com\/wordpress\/segunda\/wp-json\/wp\/v2\/posts\/209080","targetHints":{"allow":["GET"]}}],"collection":[{"href":"https:\/\/www.tucomarca.com\/wordpress\/segunda\/wp-json\/wp\/v2\/posts"}],"about":[{"href":"https:\/\/www.tucomarca.com\/wordpress\/segunda\/wp-json\/wp\/v2\/types\/post"}],"author":[{"embeddable":true,"href":"https:\/\/www.tucomarca.com\/wordpress\/segunda\/wp-json\/wp\/v2\/users\/12"}],"replies":[{"embeddable":true,"href":"https:\/\/www.tucomarca.com\/wordpress\/segunda\/wp-json\/wp\/v2\/comments?post=209080"}],"version-history":[{"count":0,"href":"https:\/\/www.tucomarca.com\/wordpress\/segunda\/wp-json\/wp\/v2\/posts\/209080\/revisions"}],"wp:featuredmedia":[{"embeddable":true,"href":"https:\/\/www.tucomarca.com\/wordpress\/segunda\/wp-json\/wp\/v2\/media\/209083"}],"wp:attachment":[{"href":"https:\/\/www.tucomarca.com\/wordpress\/segunda\/wp-json\/wp\/v2\/media?parent=209080"}],"wp:term":[{"taxonomy":"category","embeddable":true,"href":"https:\/\/www.tucomarca.com\/wordpress\/segunda\/wp-json\/wp\/v2\/categories?post=209080"},{"taxonomy":"post_tag","embeddable":true,"href":"https:\/\/www.tucomarca.com\/wordpress\/segunda\/wp-json\/wp\/v2\/tags?post=209080"}],"curies":[{"name":"wp","href":"https:\/\/api.w.org\/{rel}","templated":true}]}}