{"id":209115,"date":"2024-01-31T08:00:00","date_gmt":"2024-01-31T07:00:00","guid":{"rendered":"https:\/\/www.tucomarca.com\/wordpress\/segunda\/?p=209115"},"modified":"2024-01-31T13:00:29","modified_gmt":"2024-01-31T12:00:29","slug":"la-diputacio-de-valencia-y-el-levante-ud-colaboraran-para-impulsar-el-deporte-femenino","status":"publish","type":"post","link":"https:\/\/www.tucomarca.com\/wordpress\/segunda\/la-diputacio-de-valencia-y-el-levante-ud-colaboraran-para-impulsar-el-deporte-femenino\/","title":{"rendered":"La Diputaci\u00f3 de Val\u00e8ncia y el Levante UD colaborar\u00e1n para impulsar el deporte femenino"},"content":{"rendered":"\n<h4 class=\"wp-block-heading\">El presidente de la corporaci\u00f3n provincial, Vicent Momp\u00f3, se re\u00fane con el presidente del club granota, Pablo S\u00e1nchez, para promover la igualdad en el deporte en todos los municipios de la provincia<\/h4>\n\n\n\n<p>El presidente de la Diputaci\u00f3 de Val\u00e8ncia, Vicent Momp\u00f3, y el presidente del Levante UD, Pablo S\u00e1nchez, han mantenido una reuni\u00f3n de trabajo para buscar sinergias y comenzar a colaborar en la promoci\u00f3n e impulso del deporte femenino en la provincia. Durante el encuentro tambi\u00e9n han estado presentes el diputado de Turismo y Deportes de la corporaci\u00f3n provincial, Pedro Cuesta; el director general del club granota, Pedro S\u00e1iz; la directora de Comunicaci\u00f3n y Relaciones Externas, Puri Naya; la consejera Ruth Garc\u00eda; y la coordinadora general del Levante UD Femenino, Maider Castillo; junto a un equipo de trabajo por ambas partes.<\/p>\n\n\n\n<p>Ambas entidades, que quieren consolidar su relaci\u00f3n, pretenden aprovechar la fuerte presencia que mantienen en la provincia de Valencia, en la que pueden llegar juntas a todos los municipios. El objetivo es que en todo el territorio puedan desarrollarse actividades deportivas que promuevan la igualdad y el deporte como valores b\u00e1sicos para el desarrollo educativo. Y, a partir de estas reuniones de trabajo, fortalecer la presencia y la potenciaci\u00f3n del deporte femenino, del que ambas entidades son referentes, en las localidades y pueblos de nuestra provincia.<\/p>\n\n\n\n<p>La primera reuni\u00f3n entre la Diputaci\u00f3 de Val\u00e8ncia y el Levante UD ha sido un punto de partida en el que ambas partes se han comprometido a seguir desarrollando el proyecto y se han emplazado para futuros encuentros con un calendario de acciones.<\/p>\n","protected":false},"excerpt":{"rendered":"<div class=\"mh-excerpt\">El presidente de la corporaci\u00f3n provincial, Vicent Momp\u00f3, se re\u00fane con el presidente del club granota, Pablo S\u00e1nchez, para promover la igualdad en el deporte en todos los municipios de la provincia El presidente de <a class=\"mh-excerpt-more\" href=\"https:\/\/www.tucomarca.com\/wordpress\/segunda\/la-diputacio-de-valencia-y-el-levante-ud-colaboraran-para-impulsar-el-deporte-femenino\/\" title=\"La Diputaci\u00f3 de Val\u00e8ncia y el Levante UD colaborar\u00e1n para impulsar el deporte femenino\">[+] <\/a><\/div>\n","protected":false},"author":12,"featured_media":209117,"comment_status":"open","ping_status":"open","sticky":false,"template":"","format":"standard","meta":{"footnotes":""},"categories":[50,6,8,72,142,3],"tags":[20168,3677,6858],"class_list":{"0":"post-209115","1":"post","2":"type-post","3":"status-publish","4":"format-standard","5":"has-post-thumbnail","7":"category-futbol-deportes","8":"category-deportes","9":"category-la-comarca","10":"category-sin-categorizar","11":"category-politica-la-comarca","12":"category-seccion","13":"tag-deporte-femenino","14":"tag-diputacio-de-valencia","15":"tag-levante-ud"},"_links":{"self":[{"href":"https:\/\/www.tucomarca.com\/wordpress\/segunda\/wp-json\/wp\/v2\/posts\/209115","targetHints":{"allow":["GET"]}}],"collection":[{"href":"https:\/\/www.tucomarca.com\/wordpress\/segunda\/wp-json\/wp\/v2\/posts"}],"about":[{"href":"https:\/\/www.tucomarca.com\/wordpress\/segunda\/wp-json\/wp\/v2\/types\/post"}],"author":[{"embeddable":true,"href":"https:\/\/www.tucomarca.com\/wordpress\/segunda\/wp-json\/wp\/v2\/users\/12"}],"replies":[{"embeddable":true,"href":"https:\/\/www.tucomarca.com\/wordpress\/segunda\/wp-json\/wp\/v2\/comments?post=209115"}],"version-history":[{"count":0,"href":"https:\/\/www.tucomarca.com\/wordpress\/segunda\/wp-json\/wp\/v2\/posts\/209115\/revisions"}],"wp:featuredmedia":[{"embeddable":true,"href":"https:\/\/www.tucomarca.com\/wordpress\/segunda\/wp-json\/wp\/v2\/media\/209117"}],"wp:attachment":[{"href":"https:\/\/www.tucomarca.com\/wordpress\/segunda\/wp-json\/wp\/v2\/media?parent=209115"}],"wp:term":[{"taxonomy":"category","embeddable":true,"href":"https:\/\/www.tucomarca.com\/wordpress\/segunda\/wp-json\/wp\/v2\/categories?post=209115"},{"taxonomy":"post_tag","embeddable":true,"href":"https:\/\/www.tucomarca.com\/wordpress\/segunda\/wp-json\/wp\/v2\/tags?post=209115"}],"curies":[{"name":"wp","href":"https:\/\/api.w.org\/{rel}","templated":true}]}}