{"id":209122,"date":"2024-01-31T08:15:00","date_gmt":"2024-01-31T07:15:00","guid":{"rendered":"https:\/\/www.tucomarca.com\/wordpress\/segunda\/?p=209122"},"modified":"2024-01-31T13:06:18","modified_gmt":"2024-01-31T12:06:18","slug":"la-diputacio-de-valencia-declara-el-2024-como-ano-estelles","status":"publish","type":"post","link":"https:\/\/www.tucomarca.com\/wordpress\/segunda\/la-diputacio-de-valencia-declara-el-2024-como-ano-estelles\/","title":{"rendered":"La Diputaci\u00f3 de Val\u00e8ncia declara 2024 como a\u00f1o Estell\u00e9s\u00a0"},"content":{"rendered":"\n<h4 class=\"wp-block-heading\">Paco Teruel, diputado de Cultura, destaca el consenso pol\u00edtico alcanzado en el pleno y afirma que \u201ces un reconocimiento merecido porque Vicent Andr\u00e9s Estell\u00e9s es, sin duda, uno de los grandes poetas europeos; llevamos meses trabajando para conmemorar su nacimiento\u201d<\/h4>\n\n\n\n<p>La Diputaci\u00f3n de Val\u00e8ncia ha declarado 2024 como a\u00f1o Estell\u00e9s para conmemorar el centenario del nacimiento del poeta de Burjassot Vicent Andr\u00e9s Estell\u00e9s. En pleno ordinario celebrado esta ma\u00f1ana ha aprobado una moci\u00f3n de Comprom\u00eds enmendada por el PP. Todos los grupos pol\u00edticos, a excepci\u00f3n de Vox, defienden la importancia de la obra del escritor para la cultura valenciana y la oportunidad que supone el aniversario de su nacimiento para promocionarla.<\/p>\n\n\n\n<p>En este sentido, el diputado de Cultura, Paco Teruel, ha explicado que \u201cla Diputaci\u00f3n lleva meses trabajando en este centenario tal y como presentamos la semana pasada\u201d. \u201cEs un reconocimiento merecido, ya que Estell\u00e9s es, sin duda, uno de los grandes poetas europeos\u201d, ha esgrimido.<\/p>\n\n\n\n<p>Igualmente, ha detallado Teruel, \u201csus versos se adaptan a la perfecci\u00f3n a cualquier partitura, sigue siendo un referente para valencianos, espa\u00f1oles y europeos, y este aniversario es motivo para seguir explorando aspectos desconocidos de su prol\u00edfica obra\u201d. De hecho, ha recordado, \u201cla Generalitat Valenciana ya lo declar\u00f3 escritor del a\u00f1o en 2012 y fue una iniciativa de \u00e9xito para fomentar su obra\u201d. &nbsp;<\/p>\n\n\n\n<p>Para el diputado de Comprom\u00eds, Pau Andr\u00e9s, \u201creconocer a Estell\u00e9s es acto de justicia hist\u00f3rica y cultural\u201d. \u201cEs uno de los poetas valencianos m\u00e1s importantes desde Roig de Corella o Ausi\u00e0s March\u201d, ha destacado a la vez que ha subrayado \u201csu repercusi\u00f3n en la m\u00fasica valenciana a trav\u00e9s de distintos cantantes y grupos\u201d.<\/p>\n\n\n\n<p>En la misma l\u00ednea, el diputado del PSPV, Roger Cerd\u00e0, ha calificado a Estell\u00e9s \u201ccomo uno de los poetas m\u00e1s importantes de nuestra tierra\u201d. Adem\u00e1s, ha resaltado, \u201crecibi\u00f3 numerosos premios y sus poemas han sido traducidos a diferentes idiomas, entre los que se encuentra el sueco, el alem\u00e1n o el japon\u00e9s\u201d.<\/p>\n\n\n\n<p>Por el contrario, el diputado de Vox, Sergio Pastor, ha argumentado su voto en contra por la procedencia de la moci\u00f3n: \u201cReconocemos la obra de Estell\u00e9s, pero no en manos de Comprom\u00eds\u201d.&nbsp;<\/p>\n\n\n\n<p><strong>A\u00f1o Estell\u00e9s&nbsp;<\/strong><\/p>\n\n\n\n<p>El \u00e1rea de Cultura de la Diputaci\u00f3n editar\u00e1 un libro de partituras de obras polif\u00f3nicas utilizando las letras del poeta, que adem\u00e1s se grabar\u00e1n para su difusi\u00f3n multiplataforma.<\/p>\n\n\n\n<p>Adem\u00e1s, junto a Paco Valldecabres, director del Orfe\u00f3n Universitario de Valencia, se ha organizado un serial de recitales que tendr\u00e1 car\u00e1cter itinerante, utilizando por supuesto el trabajo po\u00e9tico del escritor de Burjassot.&nbsp;<\/p>\n\n\n\n<p>Tambi\u00e9n se proceder\u00e1 a la reedici\u00f3n de los vol\u00famenes de Estell\u00e9s publicados por la Instituci\u00f3 Alfons el Magn\u00e0nim y que est\u00e1n agotados, con la intenci\u00f3n de enviarlos a colegios y bibliotecas de los municipios valencianos.<\/p>\n\n\n\n<p>Entre los premios que recibi\u00f3 Estell\u00e9s, los m\u00e1s importantes fueron el Ausi\u00e0s March de poes\u00eda (1966) por&nbsp;<em>L&#8217;inventari clement<\/em>; el Lletra d\u2019Or (1975) por&nbsp;<em>Les pedres de l&#8217;\u00e0mfora<\/em>; la Creu de Sant Jordi (1982); el Premio de Honor de las Letras Valencianas (1984); o la Medalla de Oro al M\u00e9rito en las Bellas Artes del Ministerio de Cultura (a t\u00edtulo p\u00f3stumo).<\/p>\n","protected":false},"excerpt":{"rendered":"<div class=\"mh-excerpt\">Paco Teruel, diputado de Cultura, destaca el consenso pol\u00edtico alcanzado en el pleno y afirma que \u201ces un reconocimiento merecido porque Vicent Andr\u00e9s Estell\u00e9s es, sin duda, uno de los grandes poetas europeos; llevamos meses <a class=\"mh-excerpt-more\" href=\"https:\/\/www.tucomarca.com\/wordpress\/segunda\/la-diputacio-de-valencia-declara-el-2024-como-ano-estelles\/\" title=\"La Diputaci\u00f3 de Val\u00e8ncia declara 2024 como a\u00f1o Estell\u00e9s\u00a0\">[+] <\/a><\/div>\n","protected":false},"author":12,"featured_media":209128,"comment_status":"open","ping_status":"open","sticky":false,"template":"","format":"standard","meta":{"footnotes":""},"categories":[8,72,7,142,3],"tags":[20170,456,3677],"class_list":{"0":"post-209122","1":"post","2":"type-post","3":"status-publish","4":"format-standard","5":"has-post-thumbnail","7":"category-la-comarca","8":"category-sin-categorizar","9":"category-ocio-y-cultura","10":"category-politica-la-comarca","11":"category-seccion","12":"tag-ano-estelles","13":"tag-cultura","14":"tag-diputacio-de-valencia"},"_links":{"self":[{"href":"https:\/\/www.tucomarca.com\/wordpress\/segunda\/wp-json\/wp\/v2\/posts\/209122","targetHints":{"allow":["GET"]}}],"collection":[{"href":"https:\/\/www.tucomarca.com\/wordpress\/segunda\/wp-json\/wp\/v2\/posts"}],"about":[{"href":"https:\/\/www.tucomarca.com\/wordpress\/segunda\/wp-json\/wp\/v2\/types\/post"}],"author":[{"embeddable":true,"href":"https:\/\/www.tucomarca.com\/wordpress\/segunda\/wp-json\/wp\/v2\/users\/12"}],"replies":[{"embeddable":true,"href":"https:\/\/www.tucomarca.com\/wordpress\/segunda\/wp-json\/wp\/v2\/comments?post=209122"}],"version-history":[{"count":0,"href":"https:\/\/www.tucomarca.com\/wordpress\/segunda\/wp-json\/wp\/v2\/posts\/209122\/revisions"}],"wp:featuredmedia":[{"embeddable":true,"href":"https:\/\/www.tucomarca.com\/wordpress\/segunda\/wp-json\/wp\/v2\/media\/209128"}],"wp:attachment":[{"href":"https:\/\/www.tucomarca.com\/wordpress\/segunda\/wp-json\/wp\/v2\/media?parent=209122"}],"wp:term":[{"taxonomy":"category","embeddable":true,"href":"https:\/\/www.tucomarca.com\/wordpress\/segunda\/wp-json\/wp\/v2\/categories?post=209122"},{"taxonomy":"post_tag","embeddable":true,"href":"https:\/\/www.tucomarca.com\/wordpress\/segunda\/wp-json\/wp\/v2\/tags?post=209122"}],"curies":[{"name":"wp","href":"https:\/\/api.w.org\/{rel}","templated":true}]}}