{"id":209145,"date":"2024-01-31T13:40:00","date_gmt":"2024-01-31T12:40:00","guid":{"rendered":"https:\/\/www.tucomarca.com\/wordpress\/segunda\/?p=209145"},"modified":"2024-01-31T14:15:16","modified_gmt":"2024-01-31T13:15:16","slug":"godelleta-acogera-la-cuarta-edicion-de-la-feria-del-toro-de-la-cuerda","status":"publish","type":"post","link":"https:\/\/www.tucomarca.com\/wordpress\/segunda\/godelleta-acogera-la-cuarta-edicion-de-la-feria-del-toro-de-la-cuerda\/","title":{"rendered":"Godelleta acoger\u00e1 la cuarta edici\u00f3n de la Feria del Toro de la Cuerda"},"content":{"rendered":"\n<p>Godelleta acoger\u00e1 durante este a\u00f1o 2024 la cuarta edici\u00f3n de la Feria del Toro de la Cuerda, tal como han informado desde el equipo de gobierno municipal, \u00abque ha tenido recientemente una reuni\u00f3n para afianzar los t\u00e9rminos del acuerdo\u00bb, en palabras de la alcaldesa de Codelleta, Amparo Pardo.<\/p>\n\n\n\n<p>Una reuni\u00f3n en la que han participado \u00ablas tres pe\u00f1as taurinas de Godelleta: la Asociaci\u00f3n todos al Torico, la pe\u00f1a taurina y la asociaci\u00f3n taurina San Roque 2013, representadas por sus presidentes: Ra\u00fal Sancho, Manolo Calvente y Paco Benlloch; junto a Julio Sede\u00f1o, Adri\u00e1n Hig\u00f3n y el presidente de la Federaci\u00f3n del Toro de la Cuerda, Juan Beneyto, con quienes se analizaron temas econ\u00f3micos, t\u00e9cnicos y de desarrollo de los festejos para un gran fin de semana\u00bb, seg\u00fan ha detallado la alcaldesa.<\/p>\n\n\n\n<p>Amparo Pardo ha incidido en que, \u00abcomo alcaldesa, estoy muy emocionada porque creo que debemos de defender las fiestas taurinas, muy arraigadas en Godelleta. Ya que estamos ante una fiesta muy nuestra y sobre la que el ayuntamiento est\u00e1 muy contento de la acogida. Adem\u00e1s de que puede servir para dar mucha visibilidad a nuestro municipio, ya que es una fiesta que mueve mucha gente. De hecho, el s\u00e1bado pasado se organiz\u00f3 la asamblea que ten\u00eda la Federaci\u00f3n Valenciana del Toro de Cuerda en Godelleta y se percibi\u00f3 el \u00e1nimo de la gente y el buen ambiente que hay de cara a acoger esta feria taurina en nuestro pueblo\u00bb.&nbsp;<\/p>\n\n\n\n<p>Desde el consistorio han querido adem\u00e1s agradecer \u00aba la Diputaci\u00f3n de Valencia y Vicente Huet por su apoyo a la fiesta taurina y por la subvenci\u00f3n concedida para promover esta cuarta Feria del Toro de la Cuerda\u00bb; y han subrayado que con esta pr\u00f3xima cita, \u00abnuestros taurinos est\u00e1n muy contentos y el ayuntamiento tambi\u00e9n\u201d, tal como ha finalizado la alcaldesa.<\/p>\n","protected":false},"excerpt":{"rendered":"<div class=\"mh-excerpt\">Godelleta acoger\u00e1 durante este a\u00f1o 2024 la cuarta edici\u00f3n de la Feria del Toro de la Cuerda, tal como han informado desde el equipo de gobierno municipal, \u00abque ha tenido recientemente una reuni\u00f3n para afianzar <a class=\"mh-excerpt-more\" href=\"https:\/\/www.tucomarca.com\/wordpress\/segunda\/godelleta-acogera-la-cuarta-edicion-de-la-feria-del-toro-de-la-cuerda\/\" title=\"Godelleta acoger\u00e1 la cuarta edici\u00f3n de la Feria del Toro de la Cuerda\">[+] <\/a><\/div>\n","protected":false},"author":12,"featured_media":209151,"comment_status":"open","ping_status":"open","sticky":false,"template":"","format":"standard","meta":{"footnotes":""},"categories":[14,8,10,7,3,45],"tags":[20173,10383,5952],"class_list":{"0":"post-209145","1":"post","2":"type-post","3":"status-publish","4":"format-standard","5":"has-post-thumbnail","7":"category-godelleta","8":"category-la-comarca","9":"category-la-hoya","10":"category-ocio-y-cultura","11":"category-seccion","12":"category-ventana","13":"tag-4a-feria-del-toro-de-la-cuerda","14":"tag-godelleta","15":"tag-la-hoya-de-bunol-chiva"},"_links":{"self":[{"href":"https:\/\/www.tucomarca.com\/wordpress\/segunda\/wp-json\/wp\/v2\/posts\/209145","targetHints":{"allow":["GET"]}}],"collection":[{"href":"https:\/\/www.tucomarca.com\/wordpress\/segunda\/wp-json\/wp\/v2\/posts"}],"about":[{"href":"https:\/\/www.tucomarca.com\/wordpress\/segunda\/wp-json\/wp\/v2\/types\/post"}],"author":[{"embeddable":true,"href":"https:\/\/www.tucomarca.com\/wordpress\/segunda\/wp-json\/wp\/v2\/users\/12"}],"replies":[{"embeddable":true,"href":"https:\/\/www.tucomarca.com\/wordpress\/segunda\/wp-json\/wp\/v2\/comments?post=209145"}],"version-history":[{"count":0,"href":"https:\/\/www.tucomarca.com\/wordpress\/segunda\/wp-json\/wp\/v2\/posts\/209145\/revisions"}],"wp:featuredmedia":[{"embeddable":true,"href":"https:\/\/www.tucomarca.com\/wordpress\/segunda\/wp-json\/wp\/v2\/media\/209151"}],"wp:attachment":[{"href":"https:\/\/www.tucomarca.com\/wordpress\/segunda\/wp-json\/wp\/v2\/media?parent=209145"}],"wp:term":[{"taxonomy":"category","embeddable":true,"href":"https:\/\/www.tucomarca.com\/wordpress\/segunda\/wp-json\/wp\/v2\/categories?post=209145"},{"taxonomy":"post_tag","embeddable":true,"href":"https:\/\/www.tucomarca.com\/wordpress\/segunda\/wp-json\/wp\/v2\/tags?post=209145"}],"curies":[{"name":"wp","href":"https:\/\/api.w.org\/{rel}","templated":true}]}}