{"id":209179,"date":"2024-01-31T08:05:00","date_gmt":"2024-01-31T07:05:00","guid":{"rendered":"https:\/\/www.tucomarca.com\/wordpress\/segunda\/?p=209179"},"modified":"2024-01-31T14:07:03","modified_gmt":"2024-01-31T13:07:03","slug":"la-diputacio-de-valencia-aprueba-su-plan-de-prevencion-de-adicciones-para-los-proximos-cuatro-anos","status":"publish","type":"post","link":"https:\/\/www.tucomarca.com\/wordpress\/segunda\/la-diputacio-de-valencia-aprueba-su-plan-de-prevencion-de-adicciones-para-los-proximos-cuatro-anos\/","title":{"rendered":"La Diputaci\u00f3 de Val\u00e8ncia aprueba su Plan de Prevenci\u00f3n de Adicciones para los pr\u00f3ximos cuatro a\u00f1os<strong>&nbsp;<\/strong>"},"content":{"rendered":"\n<h3 class=\"wp-block-heading\">El pleno del mes de enero ha ratificado por unanimidad el VIII Plan Provincial de Prevenci\u00f3n de Adicciones destinado a los municipios de menos de 20.000 habitantes.<\/h3>\n\n\n\n<h3 class=\"wp-block-heading\">El plan establece el marco de desarrollo de los programas de actividades preventivas que podr\u00e1n solicitar los ayuntamientos y que ir\u00e1n dirigidos al \u00e1mbito familiar, juvenil y profesional.<\/h3>\n\n\n\n<p>El pleno del mes de enero de la Diputaci\u00f3 de Val\u00e8ncia ha dado luz verde al \u2018VIII Plan Provincial de Prevenci\u00f3n de Adicciones 2024-2027\u2019 destinado a los municipios de menos de 20.000 habitantes, que establece el marco de desarrollo de los programas de actividades preventivas. El plan pretende favorecer y estimular la participaci\u00f3n de los municipios en talleres y actividades formativas y fomentar entre la poblaci\u00f3n y especialmente entre los m\u00e1s j\u00f3venes y sus familias, iniciativas que promuevan estilos de vida saludables y aut\u00f3nomos, as\u00ed como el rechazo al consumo de drogas y otras conductas adictivas.<\/p>\n\n\n\n<p>La diputada de Bienestar e Inclusi\u00f3n Social y Salud P\u00fablica, Imma Gonz\u00e1lez, ha apuntado que el Plan Provincial de Prevenci\u00f3n de Adicciones pretende \u201cprofundizar en la formaci\u00f3n de la poblaci\u00f3n a trav\u00e9s de una oferta continuada de acciones b\u00e1sicas y tambi\u00e9n especializadas. Asimismo, se llevar\u00e1n a cabo talleres adaptados a las necesidades de los diferentes entornos locales y de la poblaci\u00f3n, y se realizar\u00e1n evaluaciones de las acciones llevadas a cabo\u201d.<\/p>\n\n\n\n<p>A trav\u00e9s de este plan, se dise\u00f1ar\u00e1 y llevar\u00e1 a cabo un programa con sesiones informativas y talleres formativos dirigidos al \u00e1mbito familiar, juvenil y profesional. Los municipios interesados en participar en dichas actividades deber\u00e1n realizar su solicitud cuando se publique la convocatoria.&nbsp;<\/p>\n\n\n\n<p><strong>Cuatro l\u00edneas de actuaci\u00f3n<\/strong><\/p>\n\n\n\n<p>El programa recoge cuatro l\u00edneas de actuaci\u00f3n: la primera, \u2018Prevenci\u00f3n universal del consumo de drogas, dependencias a las tecnolog\u00edas de la informaci\u00f3n y comunicaci\u00f3n y adicciones a videojuegos y juegos de apuestas\u2019, servir\u00e1 para intentar sensibilizar a los menores, j\u00f3venes y familias de las consecuencias y riesgos derivados de las diferentes conductas de consumo as\u00ed como ofrecerles formaci\u00f3n para adquirir y fortalecer las habilidades adecuadas, con la finalidad de prevenir las problem\u00e1ticas derivadas de las conductas de consumo.&nbsp;<\/p>\n\n\n\n<p>En el \u00e1mbito \u2018Prevenci\u00f3n selectiva del consumo de drogas en grupos juveniles de especial vulnerabilidad\u2019, se propone tambi\u00e9n movilizar a la red local para la detecci\u00f3n precoz de poblaciones juveniles con factores de riesgo espec\u00edficos relacionados con conductas problem\u00e1ticas, y coordinar esa red para la intervenci\u00f3n psicosocioeducativa en poblaciones juveniles selectivas, con el fin de aumentar su percepci\u00f3n del riesgo frente a los consumos, as\u00ed como la promoci\u00f3n de valores saludables.&nbsp;<\/p>\n\n\n\n<p>En lo que se refiere a la l\u00ednea \u2018Formaci\u00f3n y coordinaci\u00f3n con profesionales comunitarios\u2019, se facilitar\u00e1 a los profesionales formaci\u00f3n sobre los recursos existentes y se fomentar\u00e1 el di\u00e1logo comunitario a trav\u00e9s de puntos de encuentro y reflexi\u00f3n.&nbsp;<\/p>\n\n\n\n<p>El plan incidir\u00e1 tambi\u00e9n la realizaci\u00f3n de estudios evaluativos sobre las necesidades locales y la eficacia de las acciones preventivas implementadas, todo ello enmarcado en la l\u00ednea estrat\u00e9gica \u2018Evaluaci\u00f3n, investigaci\u00f3n y difusi\u00f3n\u2019, que se centrar\u00e1 tambi\u00e9n en explorar nuevas l\u00edneas de intervenci\u00f3n innovadoras en la prevenci\u00f3n de adicciones, as\u00ed como en la publicaci\u00f3n de materiales did\u00e1cticos, investigaciones o documentos de trabajo.<\/p>\n\n\n\n<p><strong>Medidas ante el incremento de la cifra de suicidios<\/strong><\/p>\n\n\n\n<p>La corporaci\u00f3n provincial, siguiendo su hoja de ruta para reforzar el trabajo en materia de salud mental y evitar la estigmatizaci\u00f3n, tal como se ha reflejado en el cambio de nombre del Hospital Psiqui\u00e1trico, que ha pasado a denominarse Hospital de Salud Mental Provincial,&nbsp;ha aprobado una moci\u00f3n para la adopci\u00f3n de medidas ante el alarmante incremento de la cifra de suicidios, sin ning\u00fan voto en contra y con el apoyo de VOX, PP y Ens Uneix.<\/p>\n\n\n\n<p>La moci\u00f3n presentada por el diputado de VOX, Sergio Herrero, instaba a la Diputaci\u00f3n a que elabore y ponga en marcha una campa\u00f1a de prevenci\u00f3n del suicidio, presentando especial atenci\u00f3n a ni\u00f1os y j\u00f3venes. El PP, concretamente la responsable de Bienestar Social, Imma Gonz\u00e1lez, ha presentado una enmienda que ha salido adelante y que puntualiza que por un tema de competencias, la Diputaci\u00f3 de Val\u00e8ncia complemente, de forma coordinada con la Conselleria de Sanidad, las acciones que presenta el Plan de Salud Mental de la Conselleria.<\/p>\n","protected":false},"excerpt":{"rendered":"<div class=\"mh-excerpt\">El pleno del mes de enero ha ratificado por unanimidad el VIII Plan Provincial de Prevenci\u00f3n de Adicciones destinado a los municipios de menos de 20.000 habitantes. El plan establece el marco de desarrollo de <a class=\"mh-excerpt-more\" href=\"https:\/\/www.tucomarca.com\/wordpress\/segunda\/la-diputacio-de-valencia-aprueba-su-plan-de-prevencion-de-adicciones-para-los-proximos-cuatro-anos\/\" title=\"La Diputaci\u00f3 de Val\u00e8ncia aprueba su Plan de Prevenci\u00f3n de Adicciones para los pr\u00f3ximos cuatro a\u00f1os&nbsp;\">[+] <\/a><\/div>\n","protected":false},"author":12,"featured_media":209184,"comment_status":"open","ping_status":"open","sticky":false,"template":"","format":"standard","meta":{"footnotes":""},"categories":[119,8,72,142,3],"tags":[3677,20177],"class_list":{"0":"post-209179","1":"post","2":"type-post","3":"status-publish","4":"format-standard","5":"has-post-thumbnail","7":"category-sanidad-la-comarca","8":"category-la-comarca","9":"category-sin-categorizar","10":"category-politica-la-comarca","11":"category-seccion","12":"tag-diputacio-de-valencia","13":"tag-plan-de-prevencion-de-adicciones"},"_links":{"self":[{"href":"https:\/\/www.tucomarca.com\/wordpress\/segunda\/wp-json\/wp\/v2\/posts\/209179","targetHints":{"allow":["GET"]}}],"collection":[{"href":"https:\/\/www.tucomarca.com\/wordpress\/segunda\/wp-json\/wp\/v2\/posts"}],"about":[{"href":"https:\/\/www.tucomarca.com\/wordpress\/segunda\/wp-json\/wp\/v2\/types\/post"}],"author":[{"embeddable":true,"href":"https:\/\/www.tucomarca.com\/wordpress\/segunda\/wp-json\/wp\/v2\/users\/12"}],"replies":[{"embeddable":true,"href":"https:\/\/www.tucomarca.com\/wordpress\/segunda\/wp-json\/wp\/v2\/comments?post=209179"}],"version-history":[{"count":0,"href":"https:\/\/www.tucomarca.com\/wordpress\/segunda\/wp-json\/wp\/v2\/posts\/209179\/revisions"}],"wp:featuredmedia":[{"embeddable":true,"href":"https:\/\/www.tucomarca.com\/wordpress\/segunda\/wp-json\/wp\/v2\/media\/209184"}],"wp:attachment":[{"href":"https:\/\/www.tucomarca.com\/wordpress\/segunda\/wp-json\/wp\/v2\/media?parent=209179"}],"wp:term":[{"taxonomy":"category","embeddable":true,"href":"https:\/\/www.tucomarca.com\/wordpress\/segunda\/wp-json\/wp\/v2\/categories?post=209179"},{"taxonomy":"post_tag","embeddable":true,"href":"https:\/\/www.tucomarca.com\/wordpress\/segunda\/wp-json\/wp\/v2\/tags?post=209179"}],"curies":[{"name":"wp","href":"https:\/\/api.w.org\/{rel}","templated":true}]}}