{"id":209205,"date":"2024-01-31T13:10:00","date_gmt":"2024-01-31T12:10:00","guid":{"rendered":"https:\/\/www.tucomarca.com\/wordpress\/segunda\/?p=209205"},"modified":"2024-01-31T17:56:30","modified_gmt":"2024-01-31T16:56:30","slug":"los-bomberos-liberan-a-un-conductor-atrapado-en-su-vehiculo-al-volcar-en-la-cv-315-a-la-altura-de-naquera","status":"publish","type":"post","link":"https:\/\/www.tucomarca.com\/wordpress\/segunda\/los-bomberos-liberan-a-un-conductor-atrapado-en-su-vehiculo-al-volcar-en-la-cv-315-a-la-altura-de-naquera\/","title":{"rendered":"Los bomberos liberan a un conductor atrapado en su veh\u00edculo al volcar en la CV-315 a la altura de N\u00e1quera"},"content":{"rendered":"\n<p>Efectivos del Consorcio Provincial de Bomberos de Valencia han actuado a el accidente sufrido por un veh\u00edculo este mi\u00e9rcoles en la carretera CV-315 a la altura de la poblaci\u00f3n de N\u00e1quera, donde un coche ha volcado y una persona ha quedado atrapada. Por este motivo, ha sido necesario excarcelar a la persona accidentada por parte de los efectivos de bomberos.<\/p>\n\n\n\n<p>Tal como han informado fuentes del Consorcio, el siniestro se ha producido alrededor de las 12,15 horas y en \u00e9l han actuado bomberos de los parques de Puebla de Farnals y de Moncada, adem\u00e1s del sargento de Sagunto y un oficial del Consorcio.<\/p>\n\n\n\n<figure class=\"wp-block-gallery has-nested-images columns-1 is-cropped wp-block-gallery-1 is-layout-flex wp-block-gallery-is-layout-flex\">\n<figure class=\"wp-block-image size-large\"><img loading=\"lazy\" decoding=\"async\" width=\"1024\" height=\"768\" data-id=\"209212\" src=\"https:\/\/www.tucomarca.com\/wordpress\/segunda\/wp-content\/uploads\/2024\/01\/BomberosAccidenteNaquera2.jpg\" alt=\"\" class=\"wp-image-209212\" srcset=\"https:\/\/www.tucomarca.com\/wordpress\/segunda\/wp-content\/uploads\/2024\/01\/BomberosAccidenteNaquera2.jpg 1024w, https:\/\/www.tucomarca.com\/wordpress\/segunda\/wp-content\/uploads\/2024\/01\/BomberosAccidenteNaquera2-300x225.jpg 300w, https:\/\/www.tucomarca.com\/wordpress\/segunda\/wp-content\/uploads\/2024\/01\/BomberosAccidenteNaquera2-768x576.jpg 768w, https:\/\/www.tucomarca.com\/wordpress\/segunda\/wp-content\/uploads\/2024\/01\/BomberosAccidenteNaquera2-678x509.jpg 678w, https:\/\/www.tucomarca.com\/wordpress\/segunda\/wp-content\/uploads\/2024\/01\/BomberosAccidenteNaquera2-326x245.jpg 326w, https:\/\/www.tucomarca.com\/wordpress\/segunda\/wp-content\/uploads\/2024\/01\/BomberosAccidenteNaquera2-80x60.jpg 80w\" sizes=\"auto, (max-width: 1024px) 100vw, 1024px\" \/><\/figure>\n\n\n\n<figure class=\"wp-block-image size-large\"><img loading=\"lazy\" decoding=\"async\" width=\"1599\" height=\"1201\" data-id=\"209214\" src=\"https:\/\/www.tucomarca.com\/wordpress\/segunda\/wp-content\/uploads\/2024\/01\/BomberosAccidenteNaquera3.jpg\" alt=\"\" class=\"wp-image-209214\" srcset=\"https:\/\/www.tucomarca.com\/wordpress\/segunda\/wp-content\/uploads\/2024\/01\/BomberosAccidenteNaquera3.jpg 1599w, https:\/\/www.tucomarca.com\/wordpress\/segunda\/wp-content\/uploads\/2024\/01\/BomberosAccidenteNaquera3-300x225.jpg 300w, https:\/\/www.tucomarca.com\/wordpress\/segunda\/wp-content\/uploads\/2024\/01\/BomberosAccidenteNaquera3-1024x769.jpg 1024w, https:\/\/www.tucomarca.com\/wordpress\/segunda\/wp-content\/uploads\/2024\/01\/BomberosAccidenteNaquera3-768x577.jpg 768w, https:\/\/www.tucomarca.com\/wordpress\/segunda\/wp-content\/uploads\/2024\/01\/BomberosAccidenteNaquera3-1536x1154.jpg 1536w, https:\/\/www.tucomarca.com\/wordpress\/segunda\/wp-content\/uploads\/2024\/01\/BomberosAccidenteNaquera3-678x509.jpg 678w, https:\/\/www.tucomarca.com\/wordpress\/segunda\/wp-content\/uploads\/2024\/01\/BomberosAccidenteNaquera3-326x245.jpg 326w, https:\/\/www.tucomarca.com\/wordpress\/segunda\/wp-content\/uploads\/2024\/01\/BomberosAccidenteNaquera3-80x60.jpg 80w\" sizes=\"auto, (max-width: 1599px) 100vw, 1599px\" \/><\/figure>\n<\/figure>\n","protected":false},"excerpt":{"rendered":"<div class=\"mh-excerpt\">Efectivos del Consorcio Provincial de Bomberos de Valencia han actuado a el accidente sufrido por un veh\u00edculo este mi\u00e9rcoles en la carretera CV-315 a la altura de la poblaci\u00f3n de N\u00e1quera, donde un coche ha <a class=\"mh-excerpt-more\" href=\"https:\/\/www.tucomarca.com\/wordpress\/segunda\/los-bomberos-liberan-a-un-conductor-atrapado-en-su-vehiculo-al-volcar-en-la-cv-315-a-la-altura-de-naquera\/\" title=\"Los bomberos liberan a un conductor atrapado en su veh\u00edculo al volcar en la CV-315 a la altura de N\u00e1quera\">[+] <\/a><\/div>\n","protected":false},"author":1,"featured_media":209210,"comment_status":"open","ping_status":"open","sticky":false,"template":"","format":"gallery","meta":{"footnotes":""},"categories":[46,128,8,72,180,3,116,45],"tags":[264,12716,10395,10436],"class_list":{"0":"post-209205","1":"post","2":"type-post","3":"status-publish","4":"format-gallery","5":"has-post-thumbnail","7":"category-camp-de-turia","8":"category-infraestructuras","9":"category-la-comarca","10":"category-sin-categorizar","11":"category-naquera","12":"category-seccion","13":"category-sucesos-la-comarca","14":"category-ventana","15":"tag-accidente","16":"tag-bomberos-de-valencia","17":"tag-camp-de-turia","18":"tag-naquera","19":"post_format-post-format-gallery"},"_links":{"self":[{"href":"https:\/\/www.tucomarca.com\/wordpress\/segunda\/wp-json\/wp\/v2\/posts\/209205","targetHints":{"allow":["GET"]}}],"collection":[{"href":"https:\/\/www.tucomarca.com\/wordpress\/segunda\/wp-json\/wp\/v2\/posts"}],"about":[{"href":"https:\/\/www.tucomarca.com\/wordpress\/segunda\/wp-json\/wp\/v2\/types\/post"}],"author":[{"embeddable":true,"href":"https:\/\/www.tucomarca.com\/wordpress\/segunda\/wp-json\/wp\/v2\/users\/1"}],"replies":[{"embeddable":true,"href":"https:\/\/www.tucomarca.com\/wordpress\/segunda\/wp-json\/wp\/v2\/comments?post=209205"}],"version-history":[{"count":0,"href":"https:\/\/www.tucomarca.com\/wordpress\/segunda\/wp-json\/wp\/v2\/posts\/209205\/revisions"}],"wp:featuredmedia":[{"embeddable":true,"href":"https:\/\/www.tucomarca.com\/wordpress\/segunda\/wp-json\/wp\/v2\/media\/209210"}],"wp:attachment":[{"href":"https:\/\/www.tucomarca.com\/wordpress\/segunda\/wp-json\/wp\/v2\/media?parent=209205"}],"wp:term":[{"taxonomy":"category","embeddable":true,"href":"https:\/\/www.tucomarca.com\/wordpress\/segunda\/wp-json\/wp\/v2\/categories?post=209205"},{"taxonomy":"post_tag","embeddable":true,"href":"https:\/\/www.tucomarca.com\/wordpress\/segunda\/wp-json\/wp\/v2\/tags?post=209205"}],"curies":[{"name":"wp","href":"https:\/\/api.w.org\/{rel}","templated":true}]}}