{"id":209260,"date":"2024-02-01T07:05:00","date_gmt":"2024-02-01T06:05:00","guid":{"rendered":"https:\/\/www.tucomarca.com\/wordpress\/segunda\/?p=209260"},"modified":"2024-01-31T20:57:53","modified_gmt":"2024-01-31T19:57:53","slug":"la-falla-reyes-catolicos-de-bunol-presenta-este-sabado-a-lara-carrascosa-agustina-como-su-nueva-fallera-mayor","status":"publish","type":"post","link":"https:\/\/www.tucomarca.com\/wordpress\/segunda\/la-falla-reyes-catolicos-de-bunol-presenta-este-sabado-a-lara-carrascosa-agustina-como-su-nueva-fallera-mayor\/","title":{"rendered":"La Falla Reyes Cat\u00f3licos de Bu\u00f1ol presenta este s\u00e1bado a Lara Carrascosa Agustina como su nueva Fallera Mayor"},"content":{"rendered":"\n<p>Este fin de semana est\u00e1 prevista, en el incomparable marco del teatro Montecarlo de Bu\u00f1ol, la exaltaci\u00f3n de la fallera mayor de la comisi\u00f3n Reyes Cat\u00f3licos y Adyacentes.<\/p>\n\n\n\n<p>El s\u00e1bado, a partir de las 18,30 horas, est\u00e1 prevista la puesta de largo de Lara Carrascosa Agustina, que en su presentaci\u00f3n estar\u00e1 acompa\u00f1ada por la presidenta, Mar\u00eda Eugenia Gonz\u00e1lez Rodr\u00edguez. <\/p>\n\n\n\n<p>Tambi\u00e9n se dar\u00e1 a\u00a0conocer la corte de honor que acompa\u00f1ar\u00e1 a la fallera durante este 2024. La m\u00e1xima representaci\u00f3n de Reyes Cat\u00f3licos ya lo tiene todo preparado junto a su familia y a su comisi\u00f3n para vivir las Fallas de Bu\u00f1ol.<\/p>\n","protected":false},"excerpt":{"rendered":"<div class=\"mh-excerpt\">Este fin de semana est\u00e1 prevista, en el incomparable marco del teatro Montecarlo de Bu\u00f1ol, la exaltaci\u00f3n de la fallera mayor de la comisi\u00f3n Reyes Cat\u00f3licos y Adyacentes. El s\u00e1bado, a partir de las 18,30 <a class=\"mh-excerpt-more\" href=\"https:\/\/www.tucomarca.com\/wordpress\/segunda\/la-falla-reyes-catolicos-de-bunol-presenta-este-sabado-a-lara-carrascosa-agustina-como-su-nueva-fallera-mayor\/\" title=\"La Falla Reyes Cat\u00f3licos de Bu\u00f1ol presenta este s\u00e1bado a Lara Carrascosa Agustina como su nueva Fallera Mayor\">[+] <\/a><\/div>\n","protected":false},"author":12,"featured_media":209267,"comment_status":"open","ping_status":"open","sticky":false,"template":"","format":"standard","meta":{"footnotes":""},"categories":[4,18,8,10,7,3],"tags":[10385,10738,19153,5952],"class_list":{"0":"post-209260","1":"post","2":"type-post","3":"status-publish","4":"format-standard","5":"has-post-thumbnail","7":"category-agenda","8":"category-bunol","9":"category-la-comarca","10":"category-la-hoya","11":"category-ocio-y-cultura","12":"category-seccion","13":"tag-bunol","14":"tag-falla-reyes-catolicos-y-adyacentes","15":"tag-fallas-2024","16":"tag-la-hoya-de-bunol-chiva"},"_links":{"self":[{"href":"https:\/\/www.tucomarca.com\/wordpress\/segunda\/wp-json\/wp\/v2\/posts\/209260","targetHints":{"allow":["GET"]}}],"collection":[{"href":"https:\/\/www.tucomarca.com\/wordpress\/segunda\/wp-json\/wp\/v2\/posts"}],"about":[{"href":"https:\/\/www.tucomarca.com\/wordpress\/segunda\/wp-json\/wp\/v2\/types\/post"}],"author":[{"embeddable":true,"href":"https:\/\/www.tucomarca.com\/wordpress\/segunda\/wp-json\/wp\/v2\/users\/12"}],"replies":[{"embeddable":true,"href":"https:\/\/www.tucomarca.com\/wordpress\/segunda\/wp-json\/wp\/v2\/comments?post=209260"}],"version-history":[{"count":0,"href":"https:\/\/www.tucomarca.com\/wordpress\/segunda\/wp-json\/wp\/v2\/posts\/209260\/revisions"}],"wp:featuredmedia":[{"embeddable":true,"href":"https:\/\/www.tucomarca.com\/wordpress\/segunda\/wp-json\/wp\/v2\/media\/209267"}],"wp:attachment":[{"href":"https:\/\/www.tucomarca.com\/wordpress\/segunda\/wp-json\/wp\/v2\/media?parent=209260"}],"wp:term":[{"taxonomy":"category","embeddable":true,"href":"https:\/\/www.tucomarca.com\/wordpress\/segunda\/wp-json\/wp\/v2\/categories?post=209260"},{"taxonomy":"post_tag","embeddable":true,"href":"https:\/\/www.tucomarca.com\/wordpress\/segunda\/wp-json\/wp\/v2\/tags?post=209260"}],"curies":[{"name":"wp","href":"https:\/\/api.w.org\/{rel}","templated":true}]}}