{"id":209567,"date":"2024-02-02T16:05:00","date_gmt":"2024-02-02T15:05:00","guid":{"rendered":"https:\/\/www.tucomarca.com\/wordpress\/segunda\/?p=209567"},"modified":"2024-02-02T20:37:53","modified_gmt":"2024-02-02T19:37:53","slug":"el-departamento-de-salud-arnau-de-vilanova-lliria-constituye-el-consejo-de-salud-de-la-zona-basica-eliana-san-antonio-de-benageber","status":"publish","type":"post","link":"https:\/\/www.tucomarca.com\/wordpress\/segunda\/el-departamento-de-salud-arnau-de-vilanova-lliria-constituye-el-consejo-de-salud-de-la-zona-basica-eliana-san-antonio-de-benageber\/","title":{"rendered":"El departamento de salud Arnau de Vilanova-Ll\u00edria constituye el Consejo de Salud de la Zona B\u00e1sica Eliana\u2013San Antonio de Benag\u00e9ber"},"content":{"rendered":"\n<h3 class=\"wp-block-heading\">Se har\u00e1 cargo de analizar el estado de salud y las necesidades asistenciales de la poblaci\u00f3n de estos municipios.&nbsp;<\/h3>\n\n\n\n<h3 class=\"wp-block-heading\">La finalidad es poner en marcha las acciones de salud comunitaria m\u00e1s adecuadas.&nbsp;<\/h3>\n\n\n\n<p>El departamento de Salud Arnau de Vilanova-Ll\u00edria ha constituido el nuevo Consejo de Salud de la Zona B\u00e1sica Eliana-San Antonio de Benag\u00e9ber, un espacio de participaci\u00f3n ciudadana cuyo objetivo es mejorar la salud de la poblaci\u00f3n de estos municipios.<\/p>\n\n\n\n<p>Durante la primera sesi\u00f3n constituyente del consejo, se han dado cita m\u00e1s de 40 personas de diferentes \u00e1mbitos sociales. En concreto, ha reunido a profesionales sanitarios de la zona, representantes de los ayuntamientos, as\u00ed como miembros de asociaciones de enfermos, como la Asociaci\u00f3n de Familiares y Personas con Enfermedad Mental de Paterna, L&#8217;Eliana y San Antonio de Benag\u00e9ber o la Asociaci\u00f3n Espa\u00f1ola contra el C\u00e1ncer.<\/p>\n\n\n\n<p>Adem\u00e1s, han participado miembros de asociaciones juveniles, representantes de los sindicatos, colegios, asociaciones vecinales, asociaciones de madres y padres de alumnos, oficinas de farmacia y del \u00e1mbito de salud p\u00fablica de esta zona.&nbsp;<\/p>\n\n\n\n<p>Entre las principales funciones del Consejo de Salud, se hallan: analizar la situaci\u00f3n del estado de salud de la poblaci\u00f3n de L\u2019Eliana y San Antonio, identificar y priorizar objetivos de promoci\u00f3n de la salud, as\u00ed como de los recursos y activos de ambas localidades, e identificar y promover las acciones de salud comunitaria que se consideren m\u00e1s adecuadas para la poblaci\u00f3n de la zona.<\/p>\n","protected":false},"excerpt":{"rendered":"<div class=\"mh-excerpt\">Se har\u00e1 cargo de analizar el estado de salud y las necesidades asistenciales de la poblaci\u00f3n de estos municipios.&nbsp; La finalidad es poner en marcha las acciones de salud comunitaria m\u00e1s adecuadas.&nbsp; El departamento de <a class=\"mh-excerpt-more\" href=\"https:\/\/www.tucomarca.com\/wordpress\/segunda\/el-departamento-de-salud-arnau-de-vilanova-lliria-constituye-el-consejo-de-salud-de-la-zona-basica-eliana-san-antonio-de-benageber\/\" title=\"El departamento de salud Arnau de Vilanova-Ll\u00edria constituye el Consejo de Salud de la Zona B\u00e1sica Eliana\u2013San Antonio de Benag\u00e9ber\">[+] <\/a><\/div>\n","protected":false},"author":1,"featured_media":209568,"comment_status":"open","ping_status":"open","sticky":false,"template":"","format":"standard","meta":{"footnotes":""},"categories":[46,119,128,177,8,72,142,183,3,45],"tags":[10395,11998,10396],"class_list":{"0":"post-209567","1":"post","2":"type-post","3":"status-publish","4":"format-standard","5":"has-post-thumbnail","7":"category-camp-de-turia","8":"category-sanidad-la-comarca","9":"category-infraestructuras","10":"category-leliana","11":"category-la-comarca","12":"category-sin-categorizar","13":"category-politica-la-comarca","14":"category-san-antonio-de-benageber","15":"category-seccion","16":"category-ventana","17":"tag-camp-de-turia","18":"tag-hospital-arnau-de-vilanova","19":"tag-lliria"},"_links":{"self":[{"href":"https:\/\/www.tucomarca.com\/wordpress\/segunda\/wp-json\/wp\/v2\/posts\/209567","targetHints":{"allow":["GET"]}}],"collection":[{"href":"https:\/\/www.tucomarca.com\/wordpress\/segunda\/wp-json\/wp\/v2\/posts"}],"about":[{"href":"https:\/\/www.tucomarca.com\/wordpress\/segunda\/wp-json\/wp\/v2\/types\/post"}],"author":[{"embeddable":true,"href":"https:\/\/www.tucomarca.com\/wordpress\/segunda\/wp-json\/wp\/v2\/users\/1"}],"replies":[{"embeddable":true,"href":"https:\/\/www.tucomarca.com\/wordpress\/segunda\/wp-json\/wp\/v2\/comments?post=209567"}],"version-history":[{"count":0,"href":"https:\/\/www.tucomarca.com\/wordpress\/segunda\/wp-json\/wp\/v2\/posts\/209567\/revisions"}],"wp:featuredmedia":[{"embeddable":true,"href":"https:\/\/www.tucomarca.com\/wordpress\/segunda\/wp-json\/wp\/v2\/media\/209568"}],"wp:attachment":[{"href":"https:\/\/www.tucomarca.com\/wordpress\/segunda\/wp-json\/wp\/v2\/media?parent=209567"}],"wp:term":[{"taxonomy":"category","embeddable":true,"href":"https:\/\/www.tucomarca.com\/wordpress\/segunda\/wp-json\/wp\/v2\/categories?post=209567"},{"taxonomy":"post_tag","embeddable":true,"href":"https:\/\/www.tucomarca.com\/wordpress\/segunda\/wp-json\/wp\/v2\/tags?post=209567"}],"curies":[{"name":"wp","href":"https:\/\/api.w.org\/{rel}","templated":true}]}}