{"id":209583,"date":"2024-02-02T21:00:00","date_gmt":"2024-02-02T20:00:00","guid":{"rendered":"https:\/\/www.tucomarca.com\/wordpress\/segunda\/?p=209583"},"modified":"2024-02-02T21:08:19","modified_gmt":"2024-02-02T20:08:19","slug":"cuatro-pasodobles-son-los-finalistas-del-segundo-concurso-de-la-falla-godayla-de-godelleta-dedicados-a-sus-falleras-mayores","status":"publish","type":"post","link":"https:\/\/www.tucomarca.com\/wordpress\/segunda\/cuatro-pasodobles-son-los-finalistas-del-segundo-concurso-de-la-falla-godayla-de-godelleta-dedicados-a-sus-falleras-mayores\/","title":{"rendered":"Cuatro pasodobles son los finalistas del segundo concurso de la falla Godayla de Godelleta dedicados a sus Falleras Mayores"},"content":{"rendered":"\n<p><strong>La Falla Godayla, la Banda Sinf\u00f3nica de la Uni\u00f3n Musical (UM), la Cooperativa Vin\u00edcola San Pedro Ap\u00f3stol y el Ayuntamiento de Godelleta\u00a0<\/strong>organizan este s\u00e1bado, 3 de febrero, el II Concurso de Pasodobles Falleros con un concierto que comenzar\u00e1 a las 19,00 horas en la carpa instalada en el polideportivo municipal, donde tendr\u00e1n cabida casi 500 personas entre falleros, miembros de la UM y vecinos de la poblaci\u00f3n de La Hoya de Bu\u00f1ol. Cuatro son los pasodobles que han pasado a la final de las 18 partituras enviadas desde distintos lugares de Espa\u00f1a, tres m\u00e1s que en 2023, y cuyos lemas son\u00a0<strong>\u201cLa Creueta\u201d, \u201cMatsim\u201d, \u201cP\u00f3lvora y pasacalles\u201d y \u201cGodelleta Fallera\u201d.<\/strong><\/p>\n\n\n\n<p>La alcaldesa de Godelleta, Amparo Pardo; el presidente de la UM, \u00c1ngel Gil Tar\u00edn, el de la cooperativa, Miguel Juan; el de la Falla Francisco Luis Mart\u00ednez Navarro, las Falleras Mayores, Elena Cervera Ruiz y Martina Camas Soldado, y el presidente infantil, Borja Sede\u00f1o Pastor adem\u00e1s de la delegada de Juntas Locales de la Junta Central Fallera (JCF) de Valencia son algunas de las personalidades cuya asistencia est\u00e1 prevista al acto cultural.<\/p>\n\n\n\n<p>La Banda Sinf\u00f3nica de la UM de Godelleta, bajo la direcci\u00f3n de Vicente Gabarda ante la ausencia de su titular, Jes\u00fas Perell\u00f3, interpretar\u00e1 los citados pasodobles en la primera parte del concierto y mientras el jurado delibere se har\u00e1 lo propio con las piezas ganadoras del a\u00f1o pasado que&nbsp;llevan el nombre de la Fallera Mayor de 2023, \u201cMar\u00eda Cervera\u201d y de la Infantil \u201cLorena Navarro\u201dadem\u00e1s del de&nbsp;\u201cRoc\u00edo Gil\u201d, Fallera Mayor de Valencia en 2018, de \u00c1ngel Gimeno, director de la&nbsp;Banda de Vinalesa.<\/p>\n\n\n\n<p>El jurado lo forman Juan Jos\u00e9 Navarro Hern\u00e1ndez, profesor del Conservatorio de Almer\u00eda y director de banda; Manuel Morales, compositor y profesor del Conservatorio de Requena y Vicente Gabarda, director de banda y m\u00fasico de alto nivel de la Banda del Centro Hist\u00f3rico de Valencia y de la Uni\u00f3n Musical de Y\u00e1tova. Una vez haya deliberado el jurado se anunciar\u00e1n las piezas ganadoras que llevar\u00e1n los nombres de las Falleras Mayores de 2024 de la Falla Godayla y se conocer\u00e1 cual se ha elegido por votaci\u00f3n de los m\u00fasicos de la UM, fundada hace 165 a\u00f1os.<\/p>\n\n\n\n<p>Con este acto, la Falla de Godelleta, la \u00fanica de la poblaci\u00f3n, inicia los festejos falleros de 2024\u00a0que culminar\u00e1n el primer fin de semana de febrero con la \u201ccrem\u00e1\u201d de la falla, de Arturo Vall\u00e9s, de Puerto de Sagunto, y quien lleva plantando 24 a\u00f1os. La de Godelleta es la primera falla que se quema en la Comunidad Valenciana para facilitar a la UM su participaci\u00f3n en los actos falleros\u00a0del \u201ccap i casal\u201d. El evento musical y fallero se ha convertido en toda una cita cultural en la comarca. Sus organizadores se han fijado el objetivo de que sea un referente en la provincia y la Comunidad Valenciana dentro del mundo de las bandas y fallero.<\/p>\n\n\n\n<p>Godelleta fue el \u00fanico municipio de la Comunidad en donde s\u00ed se quemaron las fallas en 2020 porque se realiza en el primer fin de semana de marzo y, por tanto, se hizo antes de suspenderse todos los actos falleros por la pandemia.<\/p>\n\n\n\n<p>Godelleta y Alzira son los dos \u00fanicos municipios de la provincia donde se organizan concurso de pasodobles dedicados a sus falleras mayores ya que Valencia los encarga directamente.<\/p>\n\n\n\n<p>Finalmente, la Banda Sinf\u00f3nica de la UM de Godelleta, compuesta por 120 m\u00fasicos, gan\u00f3 en 2023 el I Premio del Certamen Internacional de Bandas de Valencia ex aequo con la de Torrent y en 2011 recibi\u00f3 tambi\u00e9n el primero de la Primera Secci\u00f3n del mismo certamen indicando estos dos galardones la calidad de sus m\u00fasicos.<\/p>\n","protected":false},"excerpt":{"rendered":"<div class=\"mh-excerpt\">La Falla Godayla, la Banda Sinf\u00f3nica de la Uni\u00f3n Musical (UM), la Cooperativa Vin\u00edcola San Pedro Ap\u00f3stol y el Ayuntamiento de Godelleta\u00a0organizan este s\u00e1bado, 3 de febrero, el II Concurso de Pasodobles Falleros con un <a class=\"mh-excerpt-more\" href=\"https:\/\/www.tucomarca.com\/wordpress\/segunda\/cuatro-pasodobles-son-los-finalistas-del-segundo-concurso-de-la-falla-godayla-de-godelleta-dedicados-a-sus-falleras-mayores\/\" title=\"Cuatro pasodobles son los finalistas del segundo concurso de la falla Godayla de Godelleta dedicados a sus Falleras Mayores\">[+] <\/a><\/div>\n","protected":false},"author":1,"featured_media":209584,"comment_status":"open","ping_status":"open","sticky":false,"template":"","format":"standard","meta":{"footnotes":""},"categories":[66,14,8,10,7,3],"tags":[10383,5952],"class_list":{"0":"post-209583","1":"post","2":"type-post","3":"status-publish","4":"format-standard","5":"has-post-thumbnail","7":"category-musica","8":"category-godelleta","9":"category-la-comarca","10":"category-la-hoya","11":"category-ocio-y-cultura","12":"category-seccion","13":"tag-godelleta","14":"tag-la-hoya-de-bunol-chiva"},"_links":{"self":[{"href":"https:\/\/www.tucomarca.com\/wordpress\/segunda\/wp-json\/wp\/v2\/posts\/209583","targetHints":{"allow":["GET"]}}],"collection":[{"href":"https:\/\/www.tucomarca.com\/wordpress\/segunda\/wp-json\/wp\/v2\/posts"}],"about":[{"href":"https:\/\/www.tucomarca.com\/wordpress\/segunda\/wp-json\/wp\/v2\/types\/post"}],"author":[{"embeddable":true,"href":"https:\/\/www.tucomarca.com\/wordpress\/segunda\/wp-json\/wp\/v2\/users\/1"}],"replies":[{"embeddable":true,"href":"https:\/\/www.tucomarca.com\/wordpress\/segunda\/wp-json\/wp\/v2\/comments?post=209583"}],"version-history":[{"count":0,"href":"https:\/\/www.tucomarca.com\/wordpress\/segunda\/wp-json\/wp\/v2\/posts\/209583\/revisions"}],"wp:featuredmedia":[{"embeddable":true,"href":"https:\/\/www.tucomarca.com\/wordpress\/segunda\/wp-json\/wp\/v2\/media\/209584"}],"wp:attachment":[{"href":"https:\/\/www.tucomarca.com\/wordpress\/segunda\/wp-json\/wp\/v2\/media?parent=209583"}],"wp:term":[{"taxonomy":"category","embeddable":true,"href":"https:\/\/www.tucomarca.com\/wordpress\/segunda\/wp-json\/wp\/v2\/categories?post=209583"},{"taxonomy":"post_tag","embeddable":true,"href":"https:\/\/www.tucomarca.com\/wordpress\/segunda\/wp-json\/wp\/v2\/tags?post=209583"}],"curies":[{"name":"wp","href":"https:\/\/api.w.org\/{rel}","templated":true}]}}