{"id":209783,"date":"2024-02-05T10:27:00","date_gmt":"2024-02-05T09:27:00","guid":{"rendered":"https:\/\/www.tucomarca.com\/wordpress\/segunda\/?p=209783"},"modified":"2024-02-05T19:41:01","modified_gmt":"2024-02-05T18:41:01","slug":"las-organizaciones-agrarias-y-cooperativas-de-la-comunitat-valenciana-inician-un-plan-conjunto-de-movilizaciones","status":"publish","type":"post","link":"https:\/\/www.tucomarca.com\/wordpress\/segunda\/las-organizaciones-agrarias-y-cooperativas-de-la-comunitat-valenciana-inician-un-plan-conjunto-de-movilizaciones\/","title":{"rendered":"Las organizaciones agrarias y cooperativas de la Comunitat Valenciana inician un plan conjunto de movilizaciones"},"content":{"rendered":"\n<h3 class=\"wp-block-heading\">El sector agrario convoca actos reivindicativos en Alicante (12 de febrero), el puerto de Castell\u00f3n (15 de febrero) y el puerto de Valencia (22 de febrero).<\/h3>\n\n\n\n<p>Las organizaciones profesionales agrarias de la Comunitat Valenciana, la Asociaci\u00f3n Valenciana de Agricultores (AVA-Asaja), Asaja Alicante, La Uni\u00f3 Llauradora i Ramadera, la Coordinadora Campesina del Pa\u00eds Valenciano (CCPV-COAG) y la Uni\u00f3n de Peque\u00f1os Agricultores y Ganaderos (UPA-PV), con el apoyo de las Cooperatives Agro-aliment\u00e0ries de la Comunitat Valenciana, han establecido hoy un plan de acci\u00f3n conjunto para denunciar la cr\u00edtica situaci\u00f3n que sufre el sector agrario y reivindicar medidas a todas las administraciones.<\/p>\n\n\n\n<p>Esta unidad de acci\u00f3n ha fijado una primera fase de movilizaciones en la provincia de Alicante (12 de febrero), el puerto de Castell\u00f3n (15 de febrero) y el puerto de Valencia (22 de febrero). En funci\u00f3n de las reacciones de las distintas administraciones, las entidades agrarias no descartan prolongar este calendario de acciones reivindicativas, que tambi\u00e9n se est\u00e1n produciendo en otras comunidades aut\u00f3nomas de Espa\u00f1a, en otros pa\u00edses europeos e incluso en Bruselas o en Estrasburgo, como est\u00e1 previsto pr\u00f3ximamente.<\/p>\n\n\n\n<p>Paralelamente, el sector solicita mantener reuniones para trasladar sus demandas con la delegada del Gobierno, Pilar Bernab\u00e9, y los subdelegados del Gobierno de la Comunitat Valenciana, por un lado, y con el presidente de la Generalitat Valenciana, Carlos Maz\u00f3n, y los consellers de Agricultura, Jos\u00e9 Luis Aguirre, y de Medio Ambiente, Salom\u00e9 Pradas, por otra.<\/p>\n\n\n\n<p>Las organizaciones agrarias y cooperativas valencianas alertan de que la crisis de rentabilidad de los agricultores y ganaderos est\u00e1 acelerando el abandono de campos, que provoca el despoblamiento del medio rural y el encarecimiento de los alimentos a los consumidores. Las principales reivindicaciones del sector agrario son: reorientar las pol\u00edticas europeas priorizando la agricultura europea y flexibilizando el Pacto Verde Europeo; reciprocidad en todos los nuevos acuerdos comerciales de la UE con terceros pa\u00edses, as\u00ed como revisi\u00f3n y estudio de impacto de los acuerdos en vigor; reducci\u00f3n de la burocracia derivada de las pol\u00edticas agrarias, especialmente a las peque\u00f1as explotaciones; flexibilizaci\u00f3n del cuaderno digital de explotaci\u00f3n; mayor control fitosanitario de las producciones procedentes de pa\u00edses terceros; medidas de apoyo a la adaptaci\u00f3n de los cultivos al cambio clim\u00e1tico; evitar la reducci\u00f3n de sustancias activas fitosanitarias mientras no existan alternativas eficaces probadas; cumplimiento estricto de la Ley de la Cadena Alimentaria con prohibici\u00f3n expresa de venta a p\u00e9rdidas; plan de choque para aliviar la escalada de los costes de producci\u00f3n; pol\u00edtica y planificaci\u00f3n hidrol\u00f3gica, soluciones al problema de falta de ayudas para paliar la sequ\u00eda; pedir al Ministerio y Enesa cambios estructurales en los seguros agrarios como herramienta b\u00e1sica de renta, etc.<\/p>\n","protected":false},"excerpt":{"rendered":"<div class=\"mh-excerpt\">El sector agrario convoca actos reivindicativos en Alicante (12 de febrero), el puerto de Castell\u00f3n (15 de febrero) y el puerto de Valencia (22 de febrero). Las organizaciones profesionales agrarias de la Comunitat Valenciana, la <a class=\"mh-excerpt-more\" href=\"https:\/\/www.tucomarca.com\/wordpress\/segunda\/las-organizaciones-agrarias-y-cooperativas-de-la-comunitat-valenciana-inician-un-plan-conjunto-de-movilizaciones\/\" title=\"Las organizaciones agrarias y cooperativas de la Comunitat Valenciana inician un plan conjunto de movilizaciones\">[+] <\/a><\/div>\n","protected":false},"author":12,"featured_media":209789,"comment_status":"open","ping_status":"open","sticky":false,"template":"","format":"standard","meta":{"footnotes":""},"categories":[49,169,38,46,128,8,72,42,59,142,3,45],"tags":[328,18020,16613],"class_list":{"0":"post-209783","1":"post","2":"type-post","3":"status-publish","4":"format-standard","5":"has-post-thumbnail","7":"category-ademuz","8":"category-agricultura-la-comarca","9":"category-ayora-cofrentes","10":"category-camp-de-turia","11":"category-infraestructuras","12":"category-la-comarca","13":"category-sin-categorizar","14":"category-la-ribera","15":"category-los-serranos","16":"category-politica-la-comarca","17":"category-seccion","18":"category-ventana","19":"tag-ava-asaja","20":"tag-la-unio-llauradora","21":"tag-movilizaciones"},"_links":{"self":[{"href":"https:\/\/www.tucomarca.com\/wordpress\/segunda\/wp-json\/wp\/v2\/posts\/209783","targetHints":{"allow":["GET"]}}],"collection":[{"href":"https:\/\/www.tucomarca.com\/wordpress\/segunda\/wp-json\/wp\/v2\/posts"}],"about":[{"href":"https:\/\/www.tucomarca.com\/wordpress\/segunda\/wp-json\/wp\/v2\/types\/post"}],"author":[{"embeddable":true,"href":"https:\/\/www.tucomarca.com\/wordpress\/segunda\/wp-json\/wp\/v2\/users\/12"}],"replies":[{"embeddable":true,"href":"https:\/\/www.tucomarca.com\/wordpress\/segunda\/wp-json\/wp\/v2\/comments?post=209783"}],"version-history":[{"count":0,"href":"https:\/\/www.tucomarca.com\/wordpress\/segunda\/wp-json\/wp\/v2\/posts\/209783\/revisions"}],"wp:featuredmedia":[{"embeddable":true,"href":"https:\/\/www.tucomarca.com\/wordpress\/segunda\/wp-json\/wp\/v2\/media\/209789"}],"wp:attachment":[{"href":"https:\/\/www.tucomarca.com\/wordpress\/segunda\/wp-json\/wp\/v2\/media?parent=209783"}],"wp:term":[{"taxonomy":"category","embeddable":true,"href":"https:\/\/www.tucomarca.com\/wordpress\/segunda\/wp-json\/wp\/v2\/categories?post=209783"},{"taxonomy":"post_tag","embeddable":true,"href":"https:\/\/www.tucomarca.com\/wordpress\/segunda\/wp-json\/wp\/v2\/tags?post=209783"}],"curies":[{"name":"wp","href":"https:\/\/api.w.org\/{rel}","templated":true}]}}