{"id":209845,"date":"2024-02-05T10:00:00","date_gmt":"2024-02-05T09:00:00","guid":{"rendered":"https:\/\/www.tucomarca.com\/wordpress\/segunda\/?p=209845"},"modified":"2024-02-05T21:52:45","modified_gmt":"2024-02-05T20:52:45","slug":"alumnos-de-la-escuela-felix-jimenez-de-requena-participan-en-el-proyecto-semillas-para-la-esperanza-de-la-asociacion-reforesta","status":"publish","type":"post","link":"https:\/\/www.tucomarca.com\/wordpress\/segunda\/alumnos-de-la-escuela-felix-jimenez-de-requena-participan-en-el-proyecto-semillas-para-la-esperanza-de-la-asociacion-reforesta\/","title":{"rendered":"Alumnos de la Escuela F\u00e9lix Jim\u00e9nez de Requena participan en el proyecto \u2018Semillas para la esperanza\u2019 de la asociaci\u00f3n Reforesta"},"content":{"rendered":"\n<h3 class=\"wp-block-heading\">Estudiantes del centro de la Diputaci\u00f3 de Val\u00e8ncia han participado como monitores en esta iniciativa centrada en la plantaci\u00f3n de especies aut\u00f3ctonas en la Ca\u00f1ada Real de San Juan, en Requena, y que cuenta con la colaboraci\u00f3n del cantante Alejandro Sanz.<\/h3>\n\n\n\n<p>Alumnos de la Escuela de Viticultura y Enolog\u00eda F\u00e9lix Jim\u00e9nez de Requena, dependiente de la Diputaci\u00f3 de Val\u00e8ncia, han participado como monitores en el proyecto \u2018Semillas para la esperanza\u2019 de la asociaci\u00f3n Reforesta, mediante el cual se est\u00e1 realizando un trabajo de reforestaci\u00f3n en la v\u00eda pecuaria la Ca\u00f1ada Real de San Juan, en Requena. El proyecto cuenta tambi\u00e9n con la colaboraci\u00f3n del cantante Alejandro Sanz, que puso en marcha durante sus giras del 2019, 2022 y 2023 una iniciativa para ahorrar residuos de pl\u00e1stico en sus eventos mediante el uso de vasos reutilizables y con los que se recaudaron fondos que se destinaron a este proyecto.&nbsp;<\/p>\n\n\n\n<p>As\u00ed, a trav\u00e9s de \u2018Semillas para la esperanza\u2019, personas voluntarias, miembros de asociaciones y estudiantes de la Escuela F\u00e9lix Jim\u00e9nez han plantado durante los dos \u00faltimos fines de semana en Requena 250 \u00e1rboles de especies aut\u00f3ctonas. Hasta el momento se han plantado cerca de 3.600 y se pretende llegar a 3.900. Se trata de encinas, labi\u00e9rnagos, lentiscos, madro\u00f1os, pinos carrascos, pinos pi\u00f1oneros, quejigos y sabinas con el fin de enriquecer la biodiversidad. Estas especies se han conservado en las instalaciones de la Escuela de Viticultura y Enolog\u00eda y los propios alumnos de los ciclos de Formaci\u00f3n Profesional de T\u00e9cnico en Aprovechamiento y Conservaci\u00f3n del Medio Natural (grado medio) y T\u00e9cnico en Gesti\u00f3n Forestal y del Medio Natural (grado superior) se han encargado de las tareas de conservaci\u00f3n.&nbsp;<\/p>\n\n\n\n<p>Asimismo, con motivo del D\u00eda del \u00c1rbol de la Comunitat Valenciana, estudiantes y profesores de la escuela de la Diputaci\u00f3 de Val\u00e8ncia participaron el pasado 31 de enero junto con agentes medioambientales y alumnos de los colegios de Requena en una actividad tambi\u00e9n en la Ca\u00f1ada Real de San Juan, donde se plantaron diversos \u00e1rboles de especies aut\u00f3ctonas.<\/p>\n","protected":false},"excerpt":{"rendered":"<div class=\"mh-excerpt\">Estudiantes del centro de la Diputaci\u00f3 de Val\u00e8ncia han participado como monitores en esta iniciativa centrada en la plantaci\u00f3n de especies aut\u00f3ctonas en la Ca\u00f1ada Real de San Juan, en Requena, y que cuenta con <a class=\"mh-excerpt-more\" href=\"https:\/\/www.tucomarca.com\/wordpress\/segunda\/alumnos-de-la-escuela-felix-jimenez-de-requena-participan-en-el-proyecto-semillas-para-la-esperanza-de-la-asociacion-reforesta\/\" title=\"Alumnos de la Escuela F\u00e9lix Jim\u00e9nez de Requena participan en el proyecto \u2018Semillas para la esperanza\u2019 de la asociaci\u00f3n Reforesta\">[+] <\/a><\/div>\n","protected":false},"author":12,"featured_media":209847,"comment_status":"open","ping_status":"open","sticky":false,"template":"","format":"standard","meta":{"footnotes":""},"categories":[128,8,72,117,142,28,27,3],"tags":[3677,10388,10387,20209],"class_list":{"0":"post-209845","1":"post","2":"type-post","3":"status-publish","4":"format-standard","5":"has-post-thumbnail","7":"category-infraestructuras","8":"category-la-comarca","9":"category-sin-categorizar","10":"category-medio-ambiente-la-comarca","11":"category-politica-la-comarca","12":"category-requena","13":"category-requena-utiel","14":"category-seccion","15":"tag-diputacio-de-valencia","16":"tag-requena","17":"tag-requena-utiel","18":"tag-semillas-para-la-esperanza"},"_links":{"self":[{"href":"https:\/\/www.tucomarca.com\/wordpress\/segunda\/wp-json\/wp\/v2\/posts\/209845","targetHints":{"allow":["GET"]}}],"collection":[{"href":"https:\/\/www.tucomarca.com\/wordpress\/segunda\/wp-json\/wp\/v2\/posts"}],"about":[{"href":"https:\/\/www.tucomarca.com\/wordpress\/segunda\/wp-json\/wp\/v2\/types\/post"}],"author":[{"embeddable":true,"href":"https:\/\/www.tucomarca.com\/wordpress\/segunda\/wp-json\/wp\/v2\/users\/12"}],"replies":[{"embeddable":true,"href":"https:\/\/www.tucomarca.com\/wordpress\/segunda\/wp-json\/wp\/v2\/comments?post=209845"}],"version-history":[{"count":0,"href":"https:\/\/www.tucomarca.com\/wordpress\/segunda\/wp-json\/wp\/v2\/posts\/209845\/revisions"}],"wp:featuredmedia":[{"embeddable":true,"href":"https:\/\/www.tucomarca.com\/wordpress\/segunda\/wp-json\/wp\/v2\/media\/209847"}],"wp:attachment":[{"href":"https:\/\/www.tucomarca.com\/wordpress\/segunda\/wp-json\/wp\/v2\/media?parent=209845"}],"wp:term":[{"taxonomy":"category","embeddable":true,"href":"https:\/\/www.tucomarca.com\/wordpress\/segunda\/wp-json\/wp\/v2\/categories?post=209845"},{"taxonomy":"post_tag","embeddable":true,"href":"https:\/\/www.tucomarca.com\/wordpress\/segunda\/wp-json\/wp\/v2\/tags?post=209845"}],"curies":[{"name":"wp","href":"https:\/\/api.w.org\/{rel}","templated":true}]}}