{"id":210084,"date":"2024-02-06T08:31:00","date_gmt":"2024-02-06T07:31:00","guid":{"rendered":"https:\/\/www.tucomarca.com\/wordpress\/segunda\/?p=210084"},"modified":"2024-02-06T20:56:06","modified_gmt":"2024-02-06T19:56:06","slug":"varias-tractoradas-cortan-la-a-3-en-chiva-y-utiel-para-denunciar-la-crisis-del-campo-y-reivindicar-los-derechos-de-los-agricultores","status":"publish","type":"post","link":"https:\/\/www.tucomarca.com\/wordpress\/segunda\/varias-tractoradas-cortan-la-a-3-en-chiva-y-utiel-para-denunciar-la-crisis-del-campo-y-reivindicar-los-derechos-de-los-agricultores\/","title":{"rendered":"Varias tractoradas cortan la A-3 en Chiva y Utiel para denunciar la crisis del campo y reivindicar los derechos de los agricultores"},"content":{"rendered":"\n<p>Varias tractoras que se han llevado a cabo este martes por la ma\u00f1ana han bloqueado las principales v\u00edas de acceso a la ciudad de Valencia motivadas por las protestas del sector agr\u00edcola valenciano, entre ellas la Autov\u00eda A-3. De hecho, una grupo muy significativo de tractores ha cortado el tr\u00e1fico en la Autov\u00eda A-3 a la altura de las poblaciones de Chiva y de Utiel, as\u00ed como en la la CV-50 y en Ronda Norte, entre otros puntos.<\/p>\n\n\n\n<p>La retenci\u00f3n m\u00e1s importante se ha registrado a primeras horas de la ma\u00f1ana en la autov\u00eda A-3 en Chiva, concretamente en el kil\u00f3metros 327 que ha permanecido cortada en ambos sentidos y con retenciones de hasta cinco kil\u00f3metros tanto en sentido a Valencia como en direcci\u00f3n a Madrid durante varias horas.<\/p>\n\n\n\n<p>Por otra parte, en Utiel los agricultores se han concentrado a la altura del pol\u00edgono industrial Nuevo Tollo y desde la v\u00eda de servicio han comenzado a avanzar con sus tractores hacia la Autov\u00eda A-3.<\/p>\n\n\n\n<p>El conseller de Agricultura, Jos\u00e9 Luis Aguirre, ha propuesto algunas medidas durante una rueda de prensa: \u00abdesde la Conselleria hemos solicitado la activaci\u00f3n para 2024 de medidas de crisis, como por ejemplo la cosecha en verde financiada con fondos de la Uni\u00f3n Europea; se va a instar al ministro a que adopte medidas de apoyo que contribuyan a estabilizar los mercados; vamos a promover inversiones en el Instituto Tecnol\u00f3gico de Viticultura y Enolog\u00eda de Requena; se vigilar\u00e1 la calidad de los productos vitivin\u00edcolas para proteger la imagen y reputaci\u00f3n de los productos de la Comunidad Valenciana y se reforzar\u00e1 la lucha contra el fraude, as\u00ed como las actuaciones de control de la trazabilidad de los vinos y productos vitivin\u00edcolas\u00bb, ha finalizado el Conseller.<\/p>\n\n\n\n<figure class=\"wp-block-image size-full\"><img loading=\"lazy\" decoding=\"async\" width=\"886\" height=\"499\" src=\"https:\/\/www.tucomarca.com\/wordpress\/segunda\/wp-content\/uploads\/2024\/02\/A3tractorada1.jpg\" alt=\"\" class=\"wp-image-210090\" srcset=\"https:\/\/www.tucomarca.com\/wordpress\/segunda\/wp-content\/uploads\/2024\/02\/A3tractorada1.jpg 886w, https:\/\/www.tucomarca.com\/wordpress\/segunda\/wp-content\/uploads\/2024\/02\/A3tractorada1-300x169.jpg 300w, https:\/\/www.tucomarca.com\/wordpress\/segunda\/wp-content\/uploads\/2024\/02\/A3tractorada1-768x433.jpg 768w, https:\/\/www.tucomarca.com\/wordpress\/segunda\/wp-content\/uploads\/2024\/02\/A3tractorada1-678x381.jpg 678w\" sizes=\"auto, (max-width: 886px) 100vw, 886px\" \/><\/figure>\n","protected":false},"excerpt":{"rendered":"<div class=\"mh-excerpt\">Varias tractoras que se han llevado a cabo este martes por la ma\u00f1ana han bloqueado las principales v\u00edas de acceso a la ciudad de Valencia motivadas por las protestas del sector agr\u00edcola valenciano, entre ellas <a class=\"mh-excerpt-more\" href=\"https:\/\/www.tucomarca.com\/wordpress\/segunda\/varias-tractoradas-cortan-la-a-3-en-chiva-y-utiel-para-denunciar-la-crisis-del-campo-y-reivindicar-los-derechos-de-los-agricultores\/\" title=\"Varias tractoradas cortan la A-3 en Chiva y Utiel para denunciar la crisis del campo y reivindicar los derechos de los agricultores\">[+] <\/a><\/div>\n","protected":false},"author":12,"featured_media":210092,"comment_status":"open","ping_status":"open","sticky":false,"template":"","format":"standard","meta":{"footnotes":""},"categories":[169,16,128,8,72,10,142,27,3,29,45],"tags":[5952,20128,10387],"class_list":{"0":"post-210084","1":"post","2":"type-post","3":"status-publish","4":"format-standard","5":"has-post-thumbnail","7":"category-agricultura-la-comarca","8":"category-chiva","9":"category-infraestructuras","10":"category-la-comarca","11":"category-sin-categorizar","12":"category-la-hoya","13":"category-politica-la-comarca","14":"category-requena-utiel","15":"category-seccion","16":"category-utiel","17":"category-ventana","18":"tag-la-hoya-de-bunol-chiva","19":"tag-movilizaciones-agrarias","20":"tag-requena-utiel"},"_links":{"self":[{"href":"https:\/\/www.tucomarca.com\/wordpress\/segunda\/wp-json\/wp\/v2\/posts\/210084","targetHints":{"allow":["GET"]}}],"collection":[{"href":"https:\/\/www.tucomarca.com\/wordpress\/segunda\/wp-json\/wp\/v2\/posts"}],"about":[{"href":"https:\/\/www.tucomarca.com\/wordpress\/segunda\/wp-json\/wp\/v2\/types\/post"}],"author":[{"embeddable":true,"href":"https:\/\/www.tucomarca.com\/wordpress\/segunda\/wp-json\/wp\/v2\/users\/12"}],"replies":[{"embeddable":true,"href":"https:\/\/www.tucomarca.com\/wordpress\/segunda\/wp-json\/wp\/v2\/comments?post=210084"}],"version-history":[{"count":0,"href":"https:\/\/www.tucomarca.com\/wordpress\/segunda\/wp-json\/wp\/v2\/posts\/210084\/revisions"}],"wp:featuredmedia":[{"embeddable":true,"href":"https:\/\/www.tucomarca.com\/wordpress\/segunda\/wp-json\/wp\/v2\/media\/210092"}],"wp:attachment":[{"href":"https:\/\/www.tucomarca.com\/wordpress\/segunda\/wp-json\/wp\/v2\/media?parent=210084"}],"wp:term":[{"taxonomy":"category","embeddable":true,"href":"https:\/\/www.tucomarca.com\/wordpress\/segunda\/wp-json\/wp\/v2\/categories?post=210084"},{"taxonomy":"post_tag","embeddable":true,"href":"https:\/\/www.tucomarca.com\/wordpress\/segunda\/wp-json\/wp\/v2\/tags?post=210084"}],"curies":[{"name":"wp","href":"https:\/\/api.w.org\/{rel}","templated":true}]}}