{"id":210237,"date":"2024-02-07T08:00:00","date_gmt":"2024-02-07T07:00:00","guid":{"rendered":"https:\/\/www.tucomarca.com\/wordpress\/segunda\/?p=210237"},"modified":"2024-02-07T21:32:19","modified_gmt":"2024-02-07T20:32:19","slug":"la-diputacio-conmemora-el-dia-de-la-mujer-y-la-nina-en-la-ciencia-con-una-muestra-sobre-pioneras-en-el-campo-de-la-fisica","status":"publish","type":"post","link":"https:\/\/www.tucomarca.com\/wordpress\/segunda\/la-diputacio-conmemora-el-dia-de-la-mujer-y-la-nina-en-la-ciencia-con-una-muestra-sobre-pioneras-en-el-campo-de-la-fisica\/","title":{"rendered":"La Diputaci\u00f3 conmemora el D\u00eda de la Mujer y la Ni\u00f1a en la Ciencia con una muestra sobre pioneras en el campo de la F\u00edsica"},"content":{"rendered":"\n<h3 class=\"wp-block-heading\">La vicepresidenta primera, Nat\u00e0lia Enguix, presenta la exposici\u00f3n organizada por la delegaci\u00f3n de Igualdad que dirige, en colaboraci\u00f3n con el Instituto de F\u00edsica Corpuscular del CSIC y la Universitat de Val\u00e8ncia.<\/h3>\n\n\n\n<h3 class=\"wp-block-heading\">Del 6 al 19 de febrero, la Sala de Reinas de la Diputaci\u00f3n se abre al trabajo de mujeres pioneras en el campo de la f\u00edsica nuclear y de part\u00edculas, sobre la base del proyecto de arte y ciencia \u2018Recordando a Lise Meitner\u2019.<\/h3>\n\n\n\n<figure class=\"wp-block-embed is-type-video is-provider-youtube wp-block-embed-youtube wp-embed-aspect-16-9 wp-has-aspect-ratio\"><div class=\"wp-block-embed__wrapper\">\n<iframe loading=\"lazy\" title=\"La Diputaci\u00f3 commemora el Dia de la Dona i la Xiqueta en la Ci\u00e8ncia en la mostra &#039;Pioneres&#039;\" width=\"500\" height=\"281\" src=\"https:\/\/www.youtube.com\/embed\/Toe76PVAjAE?feature=oembed\" frameborder=\"0\" allow=\"accelerometer; autoplay; clipboard-write; encrypted-media; gyroscope; picture-in-picture; web-share\" referrerpolicy=\"strict-origin-when-cross-origin\" allowfullscreen><\/iframe>\n<\/div><\/figure>\n\n\n\n<p>La Diputaci\u00f3 de Val\u00e8ncia se suma a la conmemoraci\u00f3n del D\u00eda Internacional de la Mujer y la Ni\u00f1a en la Ciencia, que se celebra el 11 de febrero, y lo hace con la exposici\u00f3n \u2018Pioneras\u2019, una adaptaci\u00f3n del proyecto \u2018Recordando a Lise Meitner\u2019 que rinde tributo a una veintena de mujeres referentes en el campo de la F\u00edsica. La muestra, que acoge la Sala de Reinas de la Diputaci\u00f3n, ha sido presentada este martes por la vicepresidenta Nat\u00e0lia Enguix, acompa\u00f1ada por el vicedirector del Instituto de F\u00edsica Corpuscular, Sergio Pastor, y una de las coordinadoras del proyecto Meiner, Nuria Falc\u00f3.<\/p>\n\n\n\n<p>La vicepresidenta Enguix, responsable de Igualdad en la corporaci\u00f3n provincial, destaca que Lise Meitner \u201cno solo fue la descubridora de la fisi\u00f3n nuclear, sino que como cient\u00edfica se neg\u00f3 a colaborar con los nazis y se convirti\u00f3 en una aut\u00e9ntica hero\u00edna tras la Segunda Guerra Mundial\u201d. \u201cResulta curioso que esta cient\u00edfica austriaca estuviera 19 veces nominada al Nobel de Qu\u00edmica y 29 veces al de F\u00edsica y nunca lo consiguiera, siendo su colaborador Otto Hahn quien recibi\u00f3 el Nobel de Qu\u00edmica por el descubrimiento de la fisi\u00f3n nuclear\u201d, ha se\u00f1alado Nat\u00e0lia Enguix.<\/p>\n\n\n\n<p>En opini\u00f3n de la vicepresidenta, \u201cdesde las instituciones p\u00fablicas debemos recuperar la historia de mujeres como Meitner y otras pioneras de la F\u00edsica Nuclear y de cualquier otra disciplina, y qu\u00e9 mejor manera de hacerlo que para conmemorar el D\u00eda Internacional de la Mujer en la Ciencia\u201d. La responsable provincial ha matizado que la exposici\u00f3n \u201cno es solo un tributo a mujeres destacadas en un \u00e1mbito concreto, sino una llamada de atenci\u00f3n sobre la importancia de promocionar, desde los poderes p\u00fablicos, la igualdad entre hombres y mujeres en todos los \u00e1mbitos de la vida\u201d.<\/p>\n\n\n\n<p>La Sala de Reinas de la Diputaci\u00f3n exhibir\u00e1, hasta el lunes 19 de febrero, m\u00e1s de una veintena de paneles en cart\u00f3n pluma con la historia de otras tantas mujeres pioneras de la f\u00edsica nuclear y de part\u00edculas. La muestra podr\u00e1 visitarse de lunes a viernes, de 16 a 20 horas, y los fines de semana de 10 a 14 y de 16 a 20 horas. Cada panel narra la trayectoria de una destacada cient\u00edfica, que aparece con el rostro pixelado como met\u00e1fora de ese tiempo que ha sido necesario para reconocer sus aportaciones. Alejarse de esos paneles es la manera de visualizar las im\u00e1genes, que se completan con una selecci\u00f3n de trabajos art\u00edsticos de alumnado de ESO sobre esas mujeres pioneras en el mundo de la ciencia.<\/p>\n\n\n\n<p>\u2018Recordando a Lise Meitner\u2019 es un proyecto multidisciplinar de arte y ciencia, nacido en 2020 e impulsado por el Instituto de F\u00edsica Corpuscular (IFIC), centro mixto del CSIC y la Universitat de Val\u00e8ncia, que tiene como objetivo recuperar y revalorizar la contribuci\u00f3n de las grandes pioneras de la F\u00edsica Nuclear y de Part\u00edculas a trav\u00e9s de la figura de Meitner, injustamente conocida como la \u201cmadre jud\u00eda de la bomba at\u00f3mica\u201d. Enguix ha puesto en valor la figura de Meitner y ha hecho especial menci\u00f3n, volviendo a la actualidad, al trabajo de la artista italiana M\u00f3nica Mura, comisaria de la muestra, cuyas obras \u201crinden homenaje a la memoria de mujeres cient\u00edficas tan conocidas como Marie Curie y otras muchas cuyos nombres han sido silenciados\u201d.<\/p>\n\n\n\n<p><strong>Proyecto igualitario<\/strong><\/p>\n\n\n\n<p>El vicedirector del IFIC, Sergio Pastor, ha agradecido a la vicepresidenta, Nat\u00e0lia Enguix, y a la Diputaci\u00f3 de Val\u00e8ncia, su implicaci\u00f3n en este proyecto igualitario que pone en valor el papel de las mujeres cient\u00edficas a lo largo de la historia y que ha contado con \u201cla colaboraci\u00f3n de diferentes instituciones como el Institut Valenci\u00e0 de Cultura, la Fundaci\u00f3n General CSIC o la Unitat d\u2019Igualtat de la Universitat de Val\u00e8ncia, sin las que no hubiese sido posible la producci\u00f3n de esta exposici\u00f3n\u201d.<\/p>\n\n\n\n<p>El proyecto, seg\u00fan ha explicado una de sus coordinadoras, la responsable de comunicaci\u00f3n cient\u00edfica del IFIC, Nuria Falc\u00f3, \u201cengloba diferentes actividades, como la obra de teatro Proyecto Meitner, producida por CRIT Companyia de Teatre, coloquios, el programa de mentorazgo #MagnIFICa, un taller de expresi\u00f3n art\u00edstica, unas jornadas de Ciencia y G\u00e9nero, el concurso art\u00edstico ExpressArte-ConCiencia y la exposici\u00f3n \u2018Pioneras\u2019, que incluye los trabajos ganadores y seleccionados del concurso y obras propias de la artista interdisciplinar Monica Mura\u201d.<\/p>\n\n\n\n<p>Lise Meitner \u201ccomprendi\u00f3 los misterios que albergaba la fisi\u00f3n nuclear y fue la \u00fanica cient\u00edfica que se neg\u00f3 a colaborar en el proyecto Manhattan, convirti\u00e9ndose en toda una hero\u00edna a la altura de Eleanor Roosvelt\u201d, asegura la coordinadora del proyecto, quien lamenta que, pese a su trascendencia en la historia de la Ciencia y la F\u00edsica Nuclear, \u201ca d\u00eda de hoy, a duras penas se la conoce\u201d.<\/p>\n\n\n\n<p>La Diputaci\u00f3 de Val\u00e8ncia, a trav\u00e9s de la delegaci\u00f3n de Igualdad que dirige Nat\u00e0lia Enguix, pretende acercar la figura de Meitner a la sociedad valenciana, con material did\u00e1ctico para visibilizar la aportaci\u00f3n de las mujeres al campo de la ciencia, acercando la trayectoria de cient\u00edficas del pasado y del presente en F\u00edsica Nuclear y de Part\u00edculas a todos los p\u00fablicos. El objetivo, concluye Enguix, \u201ces promover la igualdad social y la cultura cient\u00edfica, fomentar vocaciones cient\u00edficas y poner de manifiesto las barreras legales, culturales, hist\u00f3ricas y sociales a las que las mujeres cient\u00edficas se han enfrentado a lo largo de la historia\u201d.<\/p>\n\n\n\n<p>En su intervenci\u00f3n, la vicepresidenta y titular de Igualdad ha hecho un llamamiento, en el D\u00eda Internacional de la Tolerancia Zero en la Mutilaci\u00f3n Genital Femenina, a \u201cseguir vigilantes para evitar retrocesos, como en cualquier otro avance en materia de Igualdad y derechos de las mujeres\u201d.<\/p>\n","protected":false},"excerpt":{"rendered":"<div class=\"mh-excerpt\">La vicepresidenta primera, Nat\u00e0lia Enguix, presenta la exposici\u00f3n organizada por la delegaci\u00f3n de Igualdad que dirige, en colaboraci\u00f3n con el Instituto de F\u00edsica Corpuscular del CSIC y la Universitat de Val\u00e8ncia. Del 6 al 19 <a class=\"mh-excerpt-more\" href=\"https:\/\/www.tucomarca.com\/wordpress\/segunda\/la-diputacio-conmemora-el-dia-de-la-mujer-y-la-nina-en-la-ciencia-con-una-muestra-sobre-pioneras-en-el-campo-de-la-fisica\/\" title=\"La Diputaci\u00f3 conmemora el D\u00eda de la Mujer y la Ni\u00f1a en la Ciencia con una muestra sobre pioneras en el campo de la F\u00edsica\">[+] <\/a><\/div>\n","protected":false},"author":12,"featured_media":210241,"comment_status":"open","ping_status":"open","sticky":false,"template":"","format":"video","meta":{"footnotes":""},"categories":[8,72,7,142,3,45,26],"tags":[20251,3677,2228],"class_list":{"0":"post-210237","1":"post","2":"type-post","3":"status-publish","4":"format-video","5":"has-post-thumbnail","7":"category-la-comarca","8":"category-sin-categorizar","9":"category-ocio-y-cultura","10":"category-politica-la-comarca","11":"category-seccion","12":"category-ventana","13":"category-video","14":"tag-dia-de-la-mujer-y-la-nina-en-la-ciencia","15":"tag-diputacio-de-valencia","16":"tag-igualdad","17":"post_format-post-format-video"},"_links":{"self":[{"href":"https:\/\/www.tucomarca.com\/wordpress\/segunda\/wp-json\/wp\/v2\/posts\/210237","targetHints":{"allow":["GET"]}}],"collection":[{"href":"https:\/\/www.tucomarca.com\/wordpress\/segunda\/wp-json\/wp\/v2\/posts"}],"about":[{"href":"https:\/\/www.tucomarca.com\/wordpress\/segunda\/wp-json\/wp\/v2\/types\/post"}],"author":[{"embeddable":true,"href":"https:\/\/www.tucomarca.com\/wordpress\/segunda\/wp-json\/wp\/v2\/users\/12"}],"replies":[{"embeddable":true,"href":"https:\/\/www.tucomarca.com\/wordpress\/segunda\/wp-json\/wp\/v2\/comments?post=210237"}],"version-history":[{"count":0,"href":"https:\/\/www.tucomarca.com\/wordpress\/segunda\/wp-json\/wp\/v2\/posts\/210237\/revisions"}],"wp:featuredmedia":[{"embeddable":true,"href":"https:\/\/www.tucomarca.com\/wordpress\/segunda\/wp-json\/wp\/v2\/media\/210241"}],"wp:attachment":[{"href":"https:\/\/www.tucomarca.com\/wordpress\/segunda\/wp-json\/wp\/v2\/media?parent=210237"}],"wp:term":[{"taxonomy":"category","embeddable":true,"href":"https:\/\/www.tucomarca.com\/wordpress\/segunda\/wp-json\/wp\/v2\/categories?post=210237"},{"taxonomy":"post_tag","embeddable":true,"href":"https:\/\/www.tucomarca.com\/wordpress\/segunda\/wp-json\/wp\/v2\/tags?post=210237"}],"curies":[{"name":"wp","href":"https:\/\/api.w.org\/{rel}","templated":true}]}}