{"id":210435,"date":"2024-02-09T12:00:00","date_gmt":"2024-02-09T11:00:00","guid":{"rendered":"https:\/\/www.tucomarca.com\/wordpress\/segunda\/?p=210435"},"modified":"2024-02-09T20:23:45","modified_gmt":"2024-02-09T19:23:45","slug":"vicent-mompo-defiende-la-politica-realista-del-pp-en-el-senado-y-califica-de-imprescindible-la-primera-ley-feijoo-para-acabar-con-la-okupacion","status":"publish","type":"post","link":"https:\/\/www.tucomarca.com\/wordpress\/segunda\/vicent-mompo-defiende-la-politica-realista-del-pp-en-el-senado-y-califica-de-imprescindible-la-primera-ley-feijoo-para-acabar-con-la-okupacion\/","title":{"rendered":"Vicent Momp\u00f3 defiende la \u00abpol\u00edtica realista\u00bb del PP en el Senado y califica de \u00abimprescindible\u00bb la primera Ley Feij\u00f3o para acabar con la okupaci\u00f3n"},"content":{"rendered":"\n<h3 class=\"wp-block-heading\">El presidente del PP de la provincia de Valencia, Vicent Momp\u00f3, reivindica junto con los tres senadores por Valencia las iniciativas populares \u00abpara mejorar la vida de los valencianos\u00bb.<\/h3>\n\n\n\n<h3 class=\"wp-block-heading\">El Senado aprueba, a propuesta popular, el primer tr\u00e1mite de la ley \u00abantiokupa\u00bb para desalojar en 24 horas y frena el techo de gasto propuesto por el Gobierno por \u00abdiscriminar a autonom\u00edas y ayuntamientos\u00bb.<\/h3>\n\n\n\n<h3 class=\"wp-block-heading\">El PP denuncia que \u00abel Gobierno est\u00e1 dejando sin Guardia Civil a los municipios m\u00e1s peque\u00f1os\u00bb.<\/h3>\n\n\n\n<p>El presidente del PP de la provincia de Valencia, Vicent Momp\u00f3, ha defendido \u00abel trabajo del PP en el Senado para frenar la peligrosa deriva de S\u00e1nchez\u00bb. \u00abLa mayor\u00eda popular en la C\u00e1mara Alta est\u00e1 sirviendo para hacer pol\u00edtica realista, solucionar los problemas de los valencianos y mejorar sus vidas\u00bb, ha esgrimido Momp\u00f3, quien ha puesto de ejemplo \u00abla primera &#8216;Ley Feij\u00f3o&#8217;, un instrumento imprescindible frente al problema de la ocupaci\u00f3n ilegal de viviendas\u00bb.<\/p>\n\n\n\n<p>De esta manera, ha destacado que \u00abhoy m\u00e1s que nunca es necesaria la pol\u00edtica de sentido com\u00fan del PP\u00bb. \u00abEso es lo que estamos haciendo en el Senado y en el resto de instituciones\u00bb, ha asegurado Momp\u00f3, al tiempo que ha afeado al PSOE \u00absu metamorfosis sin precedentes\u00bb.<\/p>\n\n\n\n<p>Por una parte, el portavoz de Econom\u00eda del PP en el Senado, Gerardo Camps, ha celebrado que el PP haya logrado que la C\u00e1mara Alta rechace el techo de gasto \u00abporque perjudica y chantajea a las comunidades aut\u00f3nomas y ayuntamientos, y endeuda a las actuales y futuras generaciones\u00bb. \u00abEstamos dispuestos a sentarnos a negociar en la misma l\u00ednea de lo que defend\u00eda la ministra Montero cuando era consejera de Andaluc\u00eda, antes ped\u00eda una cosa y ahora ofrece otra\u00bb, ha aseverado Camps, a la vez que ha advertido que \u00abes el techo de gasto m\u00e1s alto de la historia, que obliga a una mayor presi\u00f3n fiscal\u00bb. Adem\u00e1s, ha detallado, \u00abla \u00faltima raz\u00f3n de nuestro voto en contra es que el PP no va a ser c\u00f3mplice de los que pretenden chantajear y humillar a este pa\u00eds como hacen los grupos que apoyan al Gobierno\u00bb.&nbsp;<\/p>\n\n\n\n<p>Por otra parte, el portavoz de Interior del PP en el Senado, Luis Santamar\u00eda, ha criticado que \u00abel Gobierno pretenda cerrar cuarteles de la Guardia Civil de municipios peque\u00f1os, sobre todo cuando los \u00edndices de criminalidad se est\u00e1n incrementando, en los primeros 9 meses del a\u00f1o 2023, en la Comunidad Valenciana aument\u00f3 un 7,9%\u00bb, ha concretado Santamar\u00eda, quien ha querido \u00abdejar claro que Espa\u00f1a es un pa\u00eds seguro\u00bb. En todo caso, ha argumentado, \u00abnos negamos a admitir que se pueda deconstruir la idea de Espa\u00f1a sacando la Guardia civil del territorio nacional y que se haga lo mismo aqu\u00ed que ya se ha hecho en Catalu\u00f1a y el Pa\u00eds Vasco\u00bb.<\/p>\n\n\n\n<p>Por \u00faltimo, la senadora Estela Darocas ha puesto de relieve la toma en consideraci\u00f3n de ley antiokupa del PP, \u00abuna ley que endurece las penas y prev\u00e9 el desalojo en 24 horas\u00bb. \u00abSon acciones concretas para luchar contra problemas reales que, en este caso est\u00e1n creando las mafias; lo contrario a lo que hace S\u00e1nchez, que est\u00e1 centrado en blanquear a pr\u00f3fugos de la justicia, aunque para ello tenga que retorcer la Constituci\u00f3n y hacer un da\u00f1o enorme a este pa\u00eds\u00bb, ha explicado.<\/p>\n\n\n\n<figure class=\"wp-block-image size-large\"><img loading=\"lazy\" decoding=\"async\" width=\"1024\" height=\"768\" src=\"https:\/\/www.tucomarca.com\/wordpress\/segunda\/wp-content\/uploads\/2024\/02\/PPMompoRDP-1024x768.jpg\" alt=\"\" class=\"wp-image-210438\" srcset=\"https:\/\/www.tucomarca.com\/wordpress\/segunda\/wp-content\/uploads\/2024\/02\/PPMompoRDP-1024x768.jpg 1024w, https:\/\/www.tucomarca.com\/wordpress\/segunda\/wp-content\/uploads\/2024\/02\/PPMompoRDP-300x225.jpg 300w, https:\/\/www.tucomarca.com\/wordpress\/segunda\/wp-content\/uploads\/2024\/02\/PPMompoRDP-768x576.jpg 768w, https:\/\/www.tucomarca.com\/wordpress\/segunda\/wp-content\/uploads\/2024\/02\/PPMompoRDP-1536x1152.jpg 1536w, https:\/\/www.tucomarca.com\/wordpress\/segunda\/wp-content\/uploads\/2024\/02\/PPMompoRDP-678x509.jpg 678w, https:\/\/www.tucomarca.com\/wordpress\/segunda\/wp-content\/uploads\/2024\/02\/PPMompoRDP-326x245.jpg 326w, https:\/\/www.tucomarca.com\/wordpress\/segunda\/wp-content\/uploads\/2024\/02\/PPMompoRDP-80x60.jpg 80w, https:\/\/www.tucomarca.com\/wordpress\/segunda\/wp-content\/uploads\/2024\/02\/PPMompoRDP.jpg 1600w\" sizes=\"auto, (max-width: 1024px) 100vw, 1024px\" \/><\/figure>\n","protected":false},"excerpt":{"rendered":"<div class=\"mh-excerpt\">El presidente del PP de la provincia de Valencia, Vicent Momp\u00f3, reivindica junto con los tres senadores por Valencia las iniciativas populares \u00abpara mejorar la vida de los valencianos\u00bb. El Senado aprueba, a propuesta popular, <a class=\"mh-excerpt-more\" href=\"https:\/\/www.tucomarca.com\/wordpress\/segunda\/vicent-mompo-defiende-la-politica-realista-del-pp-en-el-senado-y-califica-de-imprescindible-la-primera-ley-feijoo-para-acabar-con-la-okupacion\/\" title=\"Vicent Momp\u00f3 defiende la \u00abpol\u00edtica realista\u00bb del PP en el Senado y califica de \u00abimprescindible\u00bb la primera Ley Feij\u00f3o para acabar con la okupaci\u00f3n\">[+] <\/a><\/div>\n","protected":false},"author":1,"featured_media":210436,"comment_status":"open","ping_status":"open","sticky":false,"template":"","format":"standard","meta":{"footnotes":""},"categories":[128,8,72,142,3,45],"tags":[2142,7279,63],"class_list":{"0":"post-210435","1":"post","2":"type-post","3":"status-publish","4":"format-standard","5":"has-post-thumbnail","7":"category-infraestructuras","8":"category-la-comarca","9":"category-sin-categorizar","10":"category-politica-la-comarca","11":"category-seccion","12":"category-ventana","13":"tag-la-comunitat","14":"tag-partido-popular","15":"tag-pp"},"_links":{"self":[{"href":"https:\/\/www.tucomarca.com\/wordpress\/segunda\/wp-json\/wp\/v2\/posts\/210435","targetHints":{"allow":["GET"]}}],"collection":[{"href":"https:\/\/www.tucomarca.com\/wordpress\/segunda\/wp-json\/wp\/v2\/posts"}],"about":[{"href":"https:\/\/www.tucomarca.com\/wordpress\/segunda\/wp-json\/wp\/v2\/types\/post"}],"author":[{"embeddable":true,"href":"https:\/\/www.tucomarca.com\/wordpress\/segunda\/wp-json\/wp\/v2\/users\/1"}],"replies":[{"embeddable":true,"href":"https:\/\/www.tucomarca.com\/wordpress\/segunda\/wp-json\/wp\/v2\/comments?post=210435"}],"version-history":[{"count":0,"href":"https:\/\/www.tucomarca.com\/wordpress\/segunda\/wp-json\/wp\/v2\/posts\/210435\/revisions"}],"wp:featuredmedia":[{"embeddable":true,"href":"https:\/\/www.tucomarca.com\/wordpress\/segunda\/wp-json\/wp\/v2\/media\/210436"}],"wp:attachment":[{"href":"https:\/\/www.tucomarca.com\/wordpress\/segunda\/wp-json\/wp\/v2\/media?parent=210435"}],"wp:term":[{"taxonomy":"category","embeddable":true,"href":"https:\/\/www.tucomarca.com\/wordpress\/segunda\/wp-json\/wp\/v2\/categories?post=210435"},{"taxonomy":"post_tag","embeddable":true,"href":"https:\/\/www.tucomarca.com\/wordpress\/segunda\/wp-json\/wp\/v2\/tags?post=210435"}],"curies":[{"name":"wp","href":"https:\/\/api.w.org\/{rel}","templated":true}]}}