{"id":211060,"date":"2024-02-13T08:00:00","date_gmt":"2024-02-13T07:00:00","guid":{"rendered":"https:\/\/www.tucomarca.com\/wordpress\/segunda\/?p=211060"},"modified":"2024-02-13T20:37:09","modified_gmt":"2024-02-13T19:37:09","slug":"utiel-celebrara-el-dia-del-arbol-con-la-plantacion-de-800-ejemplares-en-sierra-del-negrete","status":"publish","type":"post","link":"https:\/\/www.tucomarca.com\/wordpress\/segunda\/utiel-celebrara-el-dia-del-arbol-con-la-plantacion-de-800-ejemplares-en-sierra-del-negrete\/","title":{"rendered":"Utiel celebrar\u00e1 el D\u00eda del \u00c1rbol con la plantaci\u00f3n de 800 ejemplares en Sierra del Negrete"},"content":{"rendered":"\n<h3 class=\"wp-block-heading\">Alumnado de 6\u00ba de Educaci\u00f3n Primaria de los centros educativos del municipio protagonizar\u00e1 el pr\u00f3ximo jueves la jornada de concienciaci\u00f3n medioambiental.<\/h3>\n\n\n\n<h3 class=\"wp-block-heading\">Los agentes medioambientales de la zona impartir\u00e1n charlas formativas sobre la importancia de preservar el medio ambiente y los ecosistemas locales.<\/h3>\n\n\n\n<p>El pr\u00f3ximo jueves, 15 de febrero, se celebrar\u00e1 el D\u00eda del \u00c1rbol en Utiel con una jornada did\u00e1ctica en la que participar\u00e1n m\u00e1s de 150 estudiantes coordinados por agentes medioambientales. El Ayuntamiento de Utiel colaborar\u00e1 en las diferentes actividades de sensibilizaci\u00f3n y concienciaci\u00f3n que concluir\u00e1n con la tradicional plantaci\u00f3n de diferentes especies de pinos en el paraje Charco Olmillos en la Sierra del Negrete, pr\u00f3ximo a la Casa Medina.&nbsp;<\/p>\n\n\n\n<p>Alumnado de 6\u00ba de Primaria de los centros educativos Enrique Rambal, Can\u00f3nigo Mu\u00f1oz, Santa Ana y CRA Oleana (aularios de Las Cuevas y Las Casas) protagonizar\u00e1n la jornada de educaci\u00f3n ambiental dirigida por los agentes forestales de la comarca. Los d\u00edas previos a esta actividad, los instructores desarrollan charlas informativas en las aulas de los centros sobre la importancia de preservar el medio ambiente y la lucha contra el cambio clim\u00e1tico, los ecosistemas locales y la correcta plantaci\u00f3n de \u00e1rboles. Adem\u00e1s, cada alumno recibir\u00e1 como obsequio un ejemplar de \u00e1rbol para fomentar su inter\u00e9s por el cuidado medioambiental. &nbsp;<\/p>\n\n\n\n<p><strong>Colaboraci\u00f3n por el medioambiente&nbsp;<\/strong><\/p>\n\n\n\n<p>La jornada, organizada por el Ayuntamiento de Utiel, contar\u00e1 con la colaboraci\u00f3n de la Generalitat Valenciana en la donaci\u00f3n de los plantones, as\u00ed como de otras empresas que facilitar\u00e1n diferentes recursos de forma altruista, como productos de alimentaci\u00f3n para el almuerzo, protectores de planta, medio de transporte para el desplazamiento de escolares etc.&nbsp;<\/p>\n\n\n\n<p>El consistorio utielano agradece el compromiso e implicaci\u00f3n de todos los participantes y colaboradores que un a\u00f1o m\u00e1s hacen posible el desarrollo de esta campa\u00f1a de reforestaci\u00f3n que tiene como objetivo la concienciaci\u00f3n, divulgaci\u00f3n y sensibilizaci\u00f3n medioambiental.<\/p>\n\n\n\n<p>&nbsp;<\/p>\n\n\n\n<figure class=\"wp-block-image size-large\"><img loading=\"lazy\" decoding=\"async\" width=\"819\" height=\"1024\" src=\"https:\/\/www.tucomarca.com\/wordpress\/segunda\/wp-content\/uploads\/2024\/02\/DiaArbolUtiel24-819x1024.jpg\" alt=\"\" class=\"wp-image-211062\" srcset=\"https:\/\/www.tucomarca.com\/wordpress\/segunda\/wp-content\/uploads\/2024\/02\/DiaArbolUtiel24-819x1024.jpg 819w, https:\/\/www.tucomarca.com\/wordpress\/segunda\/wp-content\/uploads\/2024\/02\/DiaArbolUtiel24-240x300.jpg 240w, https:\/\/www.tucomarca.com\/wordpress\/segunda\/wp-content\/uploads\/2024\/02\/DiaArbolUtiel24-768x960.jpg 768w, https:\/\/www.tucomarca.com\/wordpress\/segunda\/wp-content\/uploads\/2024\/02\/DiaArbolUtiel24.jpg 886w\" sizes=\"auto, (max-width: 819px) 100vw, 819px\" \/><\/figure>\n","protected":false},"excerpt":{"rendered":"<div class=\"mh-excerpt\">Alumnado de 6\u00ba de Educaci\u00f3n Primaria de los centros educativos del municipio protagonizar\u00e1 el pr\u00f3ximo jueves la jornada de concienciaci\u00f3n medioambiental. Los agentes medioambientales de la zona impartir\u00e1n charlas formativas sobre la importancia de preservar <a class=\"mh-excerpt-more\" href=\"https:\/\/www.tucomarca.com\/wordpress\/segunda\/utiel-celebrara-el-dia-del-arbol-con-la-plantacion-de-800-ejemplares-en-sierra-del-negrete\/\" title=\"Utiel celebrar\u00e1 el D\u00eda del \u00c1rbol con la plantaci\u00f3n de 800 ejemplares en Sierra del Negrete\">[+] <\/a><\/div>\n","protected":false},"author":12,"featured_media":211062,"comment_status":"open","ping_status":"open","sticky":false,"template":"","format":"standard","meta":{"footnotes":""},"categories":[4,8,117,142,27,3,29],"tags":[646,10387,10389],"class_list":{"0":"post-211060","1":"post","2":"type-post","3":"status-publish","4":"format-standard","5":"has-post-thumbnail","7":"category-agenda","8":"category-la-comarca","9":"category-medio-ambiente-la-comarca","10":"category-politica-la-comarca","11":"category-requena-utiel","12":"category-seccion","13":"category-utiel","14":"tag-dia-del-arbol","15":"tag-requena-utiel","16":"tag-utiel"},"_links":{"self":[{"href":"https:\/\/www.tucomarca.com\/wordpress\/segunda\/wp-json\/wp\/v2\/posts\/211060","targetHints":{"allow":["GET"]}}],"collection":[{"href":"https:\/\/www.tucomarca.com\/wordpress\/segunda\/wp-json\/wp\/v2\/posts"}],"about":[{"href":"https:\/\/www.tucomarca.com\/wordpress\/segunda\/wp-json\/wp\/v2\/types\/post"}],"author":[{"embeddable":true,"href":"https:\/\/www.tucomarca.com\/wordpress\/segunda\/wp-json\/wp\/v2\/users\/12"}],"replies":[{"embeddable":true,"href":"https:\/\/www.tucomarca.com\/wordpress\/segunda\/wp-json\/wp\/v2\/comments?post=211060"}],"version-history":[{"count":0,"href":"https:\/\/www.tucomarca.com\/wordpress\/segunda\/wp-json\/wp\/v2\/posts\/211060\/revisions"}],"wp:featuredmedia":[{"embeddable":true,"href":"https:\/\/www.tucomarca.com\/wordpress\/segunda\/wp-json\/wp\/v2\/media\/211062"}],"wp:attachment":[{"href":"https:\/\/www.tucomarca.com\/wordpress\/segunda\/wp-json\/wp\/v2\/media?parent=211060"}],"wp:term":[{"taxonomy":"category","embeddable":true,"href":"https:\/\/www.tucomarca.com\/wordpress\/segunda\/wp-json\/wp\/v2\/categories?post=211060"},{"taxonomy":"post_tag","embeddable":true,"href":"https:\/\/www.tucomarca.com\/wordpress\/segunda\/wp-json\/wp\/v2\/tags?post=211060"}],"curies":[{"name":"wp","href":"https:\/\/api.w.org\/{rel}","templated":true}]}}