{"id":211419,"date":"2024-02-16T11:05:00","date_gmt":"2024-02-16T10:05:00","guid":{"rendered":"https:\/\/www.tucomarca.com\/wordpress\/segunda\/?p=211419"},"modified":"2024-02-16T22:15:51","modified_gmt":"2024-02-16T21:15:51","slug":"video-el-presidente-de-la-diputacion-de-valencia-vicent-mompo-defiende-la-sostenibilidad-y-el-ahorro-de-la-comunidad-energetica-local","status":"publish","type":"post","link":"https:\/\/www.tucomarca.com\/wordpress\/segunda\/video-el-presidente-de-la-diputacion-de-valencia-vicent-mompo-defiende-la-sostenibilidad-y-el-ahorro-de-la-comunidad-energetica-local\/","title":{"rendered":"V\u00eddeo: El presidente de la Diputaci\u00f3n de Valencia, Vicent Momp\u00f3, defiende \u201cla sostenibilidad y el ahorro\u201d de la Comunidad Energ\u00e9tica Local"},"content":{"rendered":"\n<figure class=\"wp-block-embed is-type-video is-provider-youtube wp-block-embed-youtube wp-embed-aspect-16-9 wp-has-aspect-ratio\"><div class=\"wp-block-embed__wrapper\">\n<iframe loading=\"lazy\" title=\"V\u00eddeo: Vicent Momp\u00f3 defensa \u201cla sostenibilitat i l&#039;estalvi\u201d de la Comunitat Energ\u00e8tica Local\" width=\"500\" height=\"281\" src=\"https:\/\/www.youtube.com\/embed\/EI3pZI-7DgY?feature=oembed\" frameborder=\"0\" allow=\"accelerometer; autoplay; clipboard-write; encrypted-media; gyroscope; picture-in-picture; web-share\" referrerpolicy=\"strict-origin-when-cross-origin\" allowfullscreen><\/iframe>\n<\/div><\/figure>\n\n\n\n<p>El presidente de la Diputaci\u00f3n de Val\u00e8ncia, Vicent Momp\u00f3, ha inaugurado la jornada organizada por la Diputaci\u00f3n y la C\u00e1mara de Comercio de Valencia para asesorar los ayuntamientos en la implementaci\u00f3n de las comunidades energ\u00e8tiqueson ha hecho una defensa de \u201cla sostenibilidad y el ahorro\u201d de la Comunidad Energ\u00e9tica Local. Vicent Momp\u00f3 ha animal tambi\u00e9n en los ayuntamientos a instalar placas fotovoltaicas en los edificios municipales.<\/p>\n","protected":false},"excerpt":{"rendered":"<div class=\"mh-excerpt\">El presidente de la Diputaci\u00f3n de Val\u00e8ncia, Vicent Momp\u00f3, ha inaugurado la jornada organizada por la Diputaci\u00f3n y la C\u00e1mara de Comercio de Valencia para asesorar los ayuntamientos en la implementaci\u00f3n de las comunidades energ\u00e8tiqueson <a class=\"mh-excerpt-more\" href=\"https:\/\/www.tucomarca.com\/wordpress\/segunda\/video-el-presidente-de-la-diputacion-de-valencia-vicent-mompo-defiende-la-sostenibilidad-y-el-ahorro-de-la-comunidad-energetica-local\/\" title=\"V\u00eddeo: El presidente de la Diputaci\u00f3n de Valencia, Vicent Momp\u00f3, defiende \u201cla sostenibilidad y el ahorro\u201d de la Comunidad Energ\u00e9tica Local\">[+] <\/a><\/div>\n","protected":false},"author":1,"featured_media":211420,"comment_status":"open","ping_status":"open","sticky":false,"template":"","format":"video","meta":{"footnotes":""},"categories":[49,46,128,70,8,72,10,59,117,142,3,45,26],"tags":[],"class_list":{"0":"post-211419","1":"post","2":"type-post","3":"status-publish","4":"format-video","5":"has-post-thumbnail","7":"category-ademuz","8":"category-camp-de-turia","9":"category-infraestructuras","10":"category-la-canal-de-navarres","11":"category-la-comarca","12":"category-sin-categorizar","13":"category-la-hoya","14":"category-los-serranos","15":"category-medio-ambiente-la-comarca","16":"category-politica-la-comarca","17":"category-seccion","18":"category-ventana","19":"category-video","20":"post_format-post-format-video"},"_links":{"self":[{"href":"https:\/\/www.tucomarca.com\/wordpress\/segunda\/wp-json\/wp\/v2\/posts\/211419","targetHints":{"allow":["GET"]}}],"collection":[{"href":"https:\/\/www.tucomarca.com\/wordpress\/segunda\/wp-json\/wp\/v2\/posts"}],"about":[{"href":"https:\/\/www.tucomarca.com\/wordpress\/segunda\/wp-json\/wp\/v2\/types\/post"}],"author":[{"embeddable":true,"href":"https:\/\/www.tucomarca.com\/wordpress\/segunda\/wp-json\/wp\/v2\/users\/1"}],"replies":[{"embeddable":true,"href":"https:\/\/www.tucomarca.com\/wordpress\/segunda\/wp-json\/wp\/v2\/comments?post=211419"}],"version-history":[{"count":0,"href":"https:\/\/www.tucomarca.com\/wordpress\/segunda\/wp-json\/wp\/v2\/posts\/211419\/revisions"}],"wp:featuredmedia":[{"embeddable":true,"href":"https:\/\/www.tucomarca.com\/wordpress\/segunda\/wp-json\/wp\/v2\/media\/211420"}],"wp:attachment":[{"href":"https:\/\/www.tucomarca.com\/wordpress\/segunda\/wp-json\/wp\/v2\/media?parent=211419"}],"wp:term":[{"taxonomy":"category","embeddable":true,"href":"https:\/\/www.tucomarca.com\/wordpress\/segunda\/wp-json\/wp\/v2\/categories?post=211419"},{"taxonomy":"post_tag","embeddable":true,"href":"https:\/\/www.tucomarca.com\/wordpress\/segunda\/wp-json\/wp\/v2\/tags?post=211419"}],"curies":[{"name":"wp","href":"https:\/\/api.w.org\/{rel}","templated":true}]}}