{"id":211435,"date":"2024-02-17T13:00:00","date_gmt":"2024-02-17T12:00:00","guid":{"rendered":"https:\/\/www.tucomarca.com\/wordpress\/segunda\/?p=211435"},"modified":"2024-02-18T10:48:32","modified_gmt":"2024-02-18T09:48:32","slug":"interior-adelanta-la-apertura-de-observatorios-forestales-para-prevenir-el-riesgo-de-incendios-en-la-comunitat-valenciana","status":"publish","type":"post","link":"https:\/\/www.tucomarca.com\/wordpress\/segunda\/interior-adelanta-la-apertura-de-observatorios-forestales-para-prevenir-el-riesgo-de-incendios-en-la-comunitat-valenciana\/","title":{"rendered":"Interior adelanta la apertura de Observatorios Forestales para prevenir el riesgo de incendios en la Comunitat Valenciana"},"content":{"rendered":"\n<h3 class=\"wp-block-heading\">Once observatorios forestales adelantan la apertura de vigilancia preventiva y se suman a los treinta que est\u00e1n abiertos durante todo el a\u00f1o.<\/h3>\n\n\n\n<h3 class=\"wp-block-heading\">Est\u00e1n ubicados en los t\u00e9rminos municipales de Mon\u00f3var, Castell de Guadalest, Quatretondeta, Tibi, Xert, Chiva, Dos Aguas, Andilla, Cofrentes, Llombai y La Font de la Figuera.<\/h3>\n\n\n\n<p>La Conselleria de Justicia e Interior ha adelantado el calendario de apertura de los Observatorios Forestales (OF) de la Comunitat Valenciana que permiten la pronta detecci\u00f3n de los incendios forestales. El motivo del adelanto han sido la ausencia de precipitaciones y de las elevadas temperaturas de los \u00faltimos meses que pueden provocar un riesgo elevado de incendios y la falta de humedad de la vegetaci\u00f3n forestal.<\/p>\n\n\n\n<p>La Direcci\u00f3n General de Prevenci\u00f3n Incendios Forestales, perteneciente a la Conselleria de Justicia e Interior, adelanta el inicio de actividades en los siguientes observatorios: en la provincia de Alicante los observatorios de Reclot (Mon\u00f3var), Aixort\u00e0 (Castell de Guadalest) y Serrella (Quatretondeta) adelantan su inicio al 15 de febrero y Maigm\u00f3 (Tibi) al 1 de marzo de 2024. En la provincia de Castell\u00f3n, la torre de vigilancia en Turmell (Xert) se ha adelantado al 5 de febrero. Finalmente, en Valencia, los observatorios de Las Hierbas (Chiva), Sierra del Ave (Dos Aguas), Cerro Sim\u00f3n (Andilla), Alto de Alcola (Cofrentes) y Besori (Llombai) han adelantado su apertura al 5 de febrero. Caperucho (Font de la Figuera) adelanta su inicio al 1 de marzo de 2024.<\/p>\n\n\n\n<p>Por otro lado, los observatorios que est\u00e1n abiertos todo el a\u00f1o en Alicante son Coll de Rates, Reconco, Aitana, Mariola, Salviar, Miserat y Font Roja. En la provincia de Castell\u00f3n: La Creu, La Lloma, Ametler, Puntal, Boqueras, Cabezo, Fredes, Desert y Sta. B\u00e1rbara. Por \u00faltimo, en la provincia de Valencia est\u00e1n operativos todo el a\u00f1o los de Travina, Negrete, Castillico, Caroche, Gavil\u00e1n, Palmeral, Rop\u00e9, Benicadell, Moluengo, Remedio, S\u00aa Mart\u00e9s, Monduber, A. Pino y Vallada.<\/p>\n\n\n<div class=\"wp-block-image\">\n<figure class=\"aligncenter size-full is-resized\"><img loading=\"lazy\" decoding=\"async\" src=\"https:\/\/www.tucomarca.com\/wordpress\/segunda\/wp-content\/uploads\/2024\/02\/observatorioforestal2.jpg\" alt=\"\" class=\"wp-image-211440\" width=\"518\" height=\"552\" srcset=\"https:\/\/www.tucomarca.com\/wordpress\/segunda\/wp-content\/uploads\/2024\/02\/observatorioforestal2.jpg 886w, https:\/\/www.tucomarca.com\/wordpress\/segunda\/wp-content\/uploads\/2024\/02\/observatorioforestal2-281x300.jpg 281w, https:\/\/www.tucomarca.com\/wordpress\/segunda\/wp-content\/uploads\/2024\/02\/observatorioforestal2-768x820.jpg 768w\" sizes=\"auto, (max-width: 518px) 100vw, 518px\" \/><\/figure>\n<\/div>\n\n\n<p>Actualmente, la detecci\u00f3n de focos de incendios forestales en la Comunitat Valenciana se basa en una red de 66 observatorios de vigilancia desde los que se comunica a las centrales de prevenci\u00f3n de incendios forestales provinciales la aparici\u00f3n de un humo y su localizaci\u00f3n aproximada.<\/p>\n\n\n\n<p>Ubicados en posiciones geogr\u00e1ficas privilegiadas, el vigilante del OF puede detectar un incendio que se est\u00e1 produciendo, en sus fases iniciales, a muchos kil\u00f3metros de distancia y avisar a los medios de extinci\u00f3n. &nbsp;De esta forma, empezar las labores de extinci\u00f3n lo antes posible aumenta mucho la probabilidad de contener al incendio.<\/p>\n\n\n\n<p>La red de observatorios forestales est\u00e1 constituida por los medios fijos de vigilancia que cada a\u00f1o se establecen en el Programa de vigilancia preventiva. Para su gesti\u00f3n y organizaci\u00f3n se establece un calendario anual de operatividad (periodo de actividad mensual y diario), en funci\u00f3n de las necesidades de prevenci\u00f3n del momento. Al ser puntos fijos de vigilancia, a priori, se ubican en zonas forestales con m\u00e1xima visibilidad, llegando a ver a m\u00e1s de 30 kil\u00f3metros de distancia.<\/p>\n\n\n\n<p>La visibilidad de un observatorio (porcentaje de terreno visible desde el mismo) se analiza mediante el estudio de sus cuencas visuales con un programa inform\u00e1tico. Cuando se planifica un nuevo observatorio se analiza la cuenca visual que tendr\u00eda en cuatro supuestos diferentes: invernal diurna, invernal nocturna, estival diurna y estival nocturna, para el nuevo punto de vigilancia y tambi\u00e9n para el conjunto de los observatorios que distan de \u00e9l menos de 30 kil\u00f3metros.<\/p>\n\n\n\n<p>La superficie forestal de la Comunitat Valenciana es de 1,3 millones de hect\u00e1reas, lo que supone que el 56 % de la superficie de la Comunitat es terreno forestal. Una superficie que va en aumento principalmente por el abandono de superficies de cultivos agr\u00edcolas y a la colonizaci\u00f3n de \u00e9stas por especies forestales. Por este motivo, la necesidad de apostar por la prevenci\u00f3n y gesti\u00f3n forestal es un \u00e1rea prioritaria para la Generalitat.<\/p>\n\n\n\n<p><strong>Las funciones principales de los Observatorios Forestales&nbsp;<\/strong><\/p>\n\n\n\n<p>Entre las funciones principales de los Observatorios Forestales destaca la localizaci\u00f3n temprana de posibles incendios forestales, la informaci\u00f3n sobre la ubicaci\u00f3n del incendio forestal y la transmisi\u00f3n de la informaci\u00f3n generada por los distintos medios de prevenci\u00f3n de incendios forestales entre s\u00ed y con la Central de prevenci\u00f3n de incendios forestales. Adem\u00e1s, cabe destacar la recogida de datos meteorol\u00f3gicos y transmisi\u00f3n de los mismos, el seguimiento de tormentas y ubicaci\u00f3n de posibles ca\u00eddas de rayos y, finalmente, el apoyo en las tareas de seguimiento de un incendio forestal.<\/p>\n","protected":false},"excerpt":{"rendered":"<div class=\"mh-excerpt\">Once observatorios forestales adelantan la apertura de vigilancia preventiva y se suman a los treinta que est\u00e1n abiertos durante todo el a\u00f1o. Est\u00e1n ubicados en los t\u00e9rminos municipales de Mon\u00f3var, Castell de Guadalest, Quatretondeta, Tibi, <a class=\"mh-excerpt-more\" href=\"https:\/\/www.tucomarca.com\/wordpress\/segunda\/interior-adelanta-la-apertura-de-observatorios-forestales-para-prevenir-el-riesgo-de-incendios-en-la-comunitat-valenciana\/\" title=\"Interior adelanta la apertura de Observatorios Forestales para prevenir el riesgo de incendios en la Comunitat Valenciana\">[+] <\/a><\/div>\n","protected":false},"author":12,"featured_media":211438,"comment_status":"open","ping_status":"open","sticky":false,"template":"","format":"image","meta":{"footnotes":""},"categories":[191,38,16,41,15,128,8,72,10,42,97,59,117,142,3,45],"tags":[10540,5952,10400,20301,1407],"class_list":{"0":"post-211435","1":"post","2":"type-post","3":"status-publish","4":"format-image","5":"has-post-thumbnail","7":"category-andilla","8":"category-ayora-cofrentes","9":"category-chiva","10":"category-cofrentes","11":"category-dos-aguas","12":"category-infraestructuras","13":"category-la-comarca","14":"category-sin-categorizar","15":"category-la-hoya","16":"category-la-ribera","17":"category-llombai","18":"category-los-serranos","19":"category-medio-ambiente-la-comarca","20":"category-politica-la-comarca","21":"category-seccion","22":"category-ventana","23":"tag-ayora-cofrentes","24":"tag-la-hoya-de-bunol-chiva","25":"tag-los-serranos","26":"tag-observatorios-forestales","27":"tag-ribera-alta","28":"post_format-post-format-image"},"_links":{"self":[{"href":"https:\/\/www.tucomarca.com\/wordpress\/segunda\/wp-json\/wp\/v2\/posts\/211435","targetHints":{"allow":["GET"]}}],"collection":[{"href":"https:\/\/www.tucomarca.com\/wordpress\/segunda\/wp-json\/wp\/v2\/posts"}],"about":[{"href":"https:\/\/www.tucomarca.com\/wordpress\/segunda\/wp-json\/wp\/v2\/types\/post"}],"author":[{"embeddable":true,"href":"https:\/\/www.tucomarca.com\/wordpress\/segunda\/wp-json\/wp\/v2\/users\/12"}],"replies":[{"embeddable":true,"href":"https:\/\/www.tucomarca.com\/wordpress\/segunda\/wp-json\/wp\/v2\/comments?post=211435"}],"version-history":[{"count":0,"href":"https:\/\/www.tucomarca.com\/wordpress\/segunda\/wp-json\/wp\/v2\/posts\/211435\/revisions"}],"wp:featuredmedia":[{"embeddable":true,"href":"https:\/\/www.tucomarca.com\/wordpress\/segunda\/wp-json\/wp\/v2\/media\/211438"}],"wp:attachment":[{"href":"https:\/\/www.tucomarca.com\/wordpress\/segunda\/wp-json\/wp\/v2\/media?parent=211435"}],"wp:term":[{"taxonomy":"category","embeddable":true,"href":"https:\/\/www.tucomarca.com\/wordpress\/segunda\/wp-json\/wp\/v2\/categories?post=211435"},{"taxonomy":"post_tag","embeddable":true,"href":"https:\/\/www.tucomarca.com\/wordpress\/segunda\/wp-json\/wp\/v2\/tags?post=211435"}],"curies":[{"name":"wp","href":"https:\/\/api.w.org\/{rel}","templated":true}]}}