{"id":21170,"date":"2013-12-19T18:54:18","date_gmt":"2013-12-19T15:54:18","guid":{"rendered":"http:\/\/www.tucomarca.com\/wordpress\/segunda\/?p=21170"},"modified":"2013-12-19T18:54:25","modified_gmt":"2013-12-19T15:54:25","slug":"la-guardia-civil-desarticula-un-grupo-organizado-dedicado-al-robo-de-casetas-y-naves-agri%cc%81colas-en-la-provincia-de-valencia","status":"publish","type":"post","link":"https:\/\/www.tucomarca.com\/wordpress\/segunda\/la-guardia-civil-desarticula-un-grupo-organizado-dedicado-al-robo-de-casetas-y-naves-agri%cc%81colas-en-la-provincia-de-valencia\/","title":{"rendered":"La Guardia Civil desarticula un grupo organizado dedicado al robo de casetas y naves agri\u0301colas en la provincia de Valencia"},"content":{"rendered":"<p><figure id=\"attachment_21171\" aria-describedby=\"caption-attachment-21171\" style=\"width: 300px\" class=\"wp-caption alignleft\"><a href=\"https:\/\/www.tucomarca.com\/wordpress\/segunda\/?attachment_id=21171\" rel=\"attachment wp-att-21171\"><img loading=\"lazy\" decoding=\"async\" src=\"https:\/\/www.tucomarca.com\/wordpress\/segunda\/wp-content\/uploads\/2013\/12\/operacion-rumo-300x177.jpg\" alt=\"\" title=\"operacion rumo\" width=\"300\" height=\"177\" class=\"size-medium wp-image-21171\" srcset=\"https:\/\/www.tucomarca.com\/wordpress\/segunda\/wp-content\/uploads\/2013\/12\/operacion-rumo-300x177.jpg 300w, https:\/\/www.tucomarca.com\/wordpress\/segunda\/wp-content\/uploads\/2013\/12\/operacion-rumo-1024x607.jpg 1024w\" sizes=\"auto, (max-width: 300px) 100vw, 300px\" \/><\/a><figcaption id=\"caption-attachment-21171\" class=\"wp-caption-text\">Parte del material intervenido por la Guardia Civil. tc.c<\/figcaption><\/figure>En el marco de los servicios establecidos por la Guardia Civil para evitar el robo en zonas agr\u00edcolas en la provincia de Valencia, a principios del pasado mes de diciembre se inici\u00f3 la operaci\u00f3n \u201cRumo\u201d por parte de la Guardia Civil en Requena, al objeto de poder identificar, localizar y detener al autor o autores de los robos de casetas y naves agr\u00edcolas producidos en varios t\u00e9rminos municipales de la provincia de Valencia.<br \/>\nGracias a las gestiones realizadas por los agentes encargados del caso se pudo comprobar que se trataba de un grupo organizado formado por 3 personas.<\/p>\n<p>Fase de explotaci\u00f3n<br \/>\nEn la fase de explotaci\u00f3n realizada por la Guardia Civil se procedi\u00f3 a la detenci\u00f3n de 3 personas de nacionalidad rumana, de edades comprendidas entre los 25 y los 40 a\u00f1os, integrantes de este grupo organizado.<br \/>\nDentro de este operativo, la Guardia Civil se ha incautado de diverso material procedente de la comisi\u00f3n de los 3 hechos esclarecidos hasta el momento entre los que cabe destacar 100 kg de cobre, un grupo electr\u00f3geno, una motosierra y dos bater\u00edas, que han sido devueltos a sus leg\u00edtimos propietarios.<br \/>\nComo continuaci\u00f3n de este operativo y gracias a las pesquisas realizadas por la Guardia Civil se pudo esclarecer otros 5 delitos m\u00e1s de robo con fuerza producidos en una urbanizaci\u00f3n de la localidad de Torres Torres.<br \/>\nSeg\u00fan las investigaciones realizadas por la Guardia Civil, has el momento los detenidos est\u00e1n supuestamente implicados en al menos 8 delitos de robo con fuerza y 1 delito de asociaci\u00f3n il\u00edcita, esperando esclarecer m\u00e1s hechos a medida que avancen las investigaciones.<br \/>\nLos detenidos han pasado a disposici\u00f3n del Juzgado de Instrucci\u00f3n no 3 de Requena.<\/p>\n","protected":false},"excerpt":{"rendered":"<div class=\"mh-excerpt\">En el marco de los servicios establecidos por la Guardia Civil para evitar el robo en zonas agr\u00edcolas en la provincia de Valencia, a principios del pasado mes de diciembre se inici\u00f3 la operaci\u00f3n \u201cRumo\u201d <a class=\"mh-excerpt-more\" href=\"https:\/\/www.tucomarca.com\/wordpress\/segunda\/la-guardia-civil-desarticula-un-grupo-organizado-dedicado-al-robo-de-casetas-y-naves-agri%cc%81colas-en-la-provincia-de-valencia\/\" title=\"La Guardia Civil desarticula un grupo organizado dedicado al robo de casetas y naves agri\u0301colas en la provincia de Valencia\">[+] <\/a><\/div>\n","protected":false},"author":2,"featured_media":21171,"comment_status":"open","ping_status":"open","sticky":false,"template":"","format":"standard","meta":{"footnotes":""},"categories":[8,72,28,27,3,116,45],"tags":[904,2721,1098,1789,10388,2720],"class_list":{"0":"post-21170","1":"post","2":"type-post","3":"status-publish","4":"format-standard","5":"has-post-thumbnail","7":"category-la-comarca","8":"category-sin-categorizar","9":"category-requena","10":"category-requena-utiel","11":"category-seccion","12":"category-sucesos-la-comarca","13":"category-ventana","14":"tag-banda","15":"tag-desarticulada","16":"tag-guardia-civil","17":"tag-operacion","18":"tag-requena","19":"tag-rumo"},"_links":{"self":[{"href":"https:\/\/www.tucomarca.com\/wordpress\/segunda\/wp-json\/wp\/v2\/posts\/21170","targetHints":{"allow":["GET"]}}],"collection":[{"href":"https:\/\/www.tucomarca.com\/wordpress\/segunda\/wp-json\/wp\/v2\/posts"}],"about":[{"href":"https:\/\/www.tucomarca.com\/wordpress\/segunda\/wp-json\/wp\/v2\/types\/post"}],"author":[{"embeddable":true,"href":"https:\/\/www.tucomarca.com\/wordpress\/segunda\/wp-json\/wp\/v2\/users\/2"}],"replies":[{"embeddable":true,"href":"https:\/\/www.tucomarca.com\/wordpress\/segunda\/wp-json\/wp\/v2\/comments?post=21170"}],"version-history":[{"count":0,"href":"https:\/\/www.tucomarca.com\/wordpress\/segunda\/wp-json\/wp\/v2\/posts\/21170\/revisions"}],"wp:featuredmedia":[{"embeddable":true,"href":"https:\/\/www.tucomarca.com\/wordpress\/segunda\/wp-json\/wp\/v2\/media\/21171"}],"wp:attachment":[{"href":"https:\/\/www.tucomarca.com\/wordpress\/segunda\/wp-json\/wp\/v2\/media?parent=21170"}],"wp:term":[{"taxonomy":"category","embeddable":true,"href":"https:\/\/www.tucomarca.com\/wordpress\/segunda\/wp-json\/wp\/v2\/categories?post=21170"},{"taxonomy":"post_tag","embeddable":true,"href":"https:\/\/www.tucomarca.com\/wordpress\/segunda\/wp-json\/wp\/v2\/tags?post=21170"}],"curies":[{"name":"wp","href":"https:\/\/api.w.org\/{rel}","templated":true}]}}