{"id":211741,"date":"2024-02-21T11:00:00","date_gmt":"2024-02-21T10:00:00","guid":{"rendered":"https:\/\/www.tucomarca.com\/wordpress\/segunda\/?p=211741"},"modified":"2024-02-21T11:12:28","modified_gmt":"2024-02-21T10:12:28","slug":"la-crida-de-alborache-enciende-la-mecha-para-vivir-las-fallas-de-2024-en-la-hoya","status":"publish","type":"post","link":"https:\/\/www.tucomarca.com\/wordpress\/segunda\/la-crida-de-alborache-enciende-la-mecha-para-vivir-las-fallas-de-2024-en-la-hoya\/","title":{"rendered":"La Crida de Alborache enciende la mecha en La Hoya para vivir las Fallas de 2024"},"content":{"rendered":"\n<p>Alborache ha encendido la mecha para vivir las Fallas de 2024 con la celebraci\u00f3n del tradicional acto de la Crida. Las Falleras Mayores de la comisi\u00f3n de la localidad, subieron al balc\u00f3n del Ayuntamiento, acompa\u00f1adas de su presidenta, para convocar a vecinos y vecinas a disfrutar de las pr\u00f3ximas fiestas josefinas.<\/p>\n\n\n\n<p>En la plaza D. Salvador Mart\u00ednez se concentr\u00f3 el vecindario para participar de este pistoletazo de salida para comenzar la semana grande de las fiestas falleras. El alcalde de Alborache, Jes\u00fas Hig\u00f3n, acompa\u00f1ado de la concejal de Fiestas, Esther Rubio, tambi\u00e9n quisieron disfrutar de esta Crida, el mensaje de llamada a las Fallas, que se celebrar\u00e1n muy pronto en el municipio.<\/p>\n\n\n\n<figure class=\"wp-block-gallery has-nested-images columns-1 is-cropped wp-block-gallery-1 is-layout-flex wp-block-gallery-is-layout-flex\">\n<figure class=\"wp-block-image size-large\"><img loading=\"lazy\" decoding=\"async\" width=\"1920\" height=\"1080\" data-id=\"211817\" src=\"https:\/\/www.tucomarca.com\/wordpress\/segunda\/wp-content\/uploads\/2024\/02\/CridaAlborache2.jpg\" alt=\"\" class=\"wp-image-211817\" srcset=\"https:\/\/www.tucomarca.com\/wordpress\/segunda\/wp-content\/uploads\/2024\/02\/CridaAlborache2.jpg 1920w, https:\/\/www.tucomarca.com\/wordpress\/segunda\/wp-content\/uploads\/2024\/02\/CridaAlborache2-300x169.jpg 300w, https:\/\/www.tucomarca.com\/wordpress\/segunda\/wp-content\/uploads\/2024\/02\/CridaAlborache2-1024x576.jpg 1024w, https:\/\/www.tucomarca.com\/wordpress\/segunda\/wp-content\/uploads\/2024\/02\/CridaAlborache2-768x432.jpg 768w, https:\/\/www.tucomarca.com\/wordpress\/segunda\/wp-content\/uploads\/2024\/02\/CridaAlborache2-1536x864.jpg 1536w, https:\/\/www.tucomarca.com\/wordpress\/segunda\/wp-content\/uploads\/2024\/02\/CridaAlborache2-678x381.jpg 678w\" sizes=\"auto, (max-width: 1920px) 100vw, 1920px\" \/><\/figure>\n\n\n\n<figure class=\"wp-block-image size-large\"><img loading=\"lazy\" decoding=\"async\" width=\"1862\" height=\"1048\" data-id=\"211814\" src=\"https:\/\/www.tucomarca.com\/wordpress\/segunda\/wp-content\/uploads\/2024\/02\/CridaAlborache1.jpg\" alt=\"\" class=\"wp-image-211814\" srcset=\"https:\/\/www.tucomarca.com\/wordpress\/segunda\/wp-content\/uploads\/2024\/02\/CridaAlborache1.jpg 1862w, https:\/\/www.tucomarca.com\/wordpress\/segunda\/wp-content\/uploads\/2024\/02\/CridaAlborache1-300x169.jpg 300w, https:\/\/www.tucomarca.com\/wordpress\/segunda\/wp-content\/uploads\/2024\/02\/CridaAlborache1-1024x576.jpg 1024w, https:\/\/www.tucomarca.com\/wordpress\/segunda\/wp-content\/uploads\/2024\/02\/CridaAlborache1-768x432.jpg 768w, https:\/\/www.tucomarca.com\/wordpress\/segunda\/wp-content\/uploads\/2024\/02\/CridaAlborache1-1536x865.jpg 1536w, https:\/\/www.tucomarca.com\/wordpress\/segunda\/wp-content\/uploads\/2024\/02\/CridaAlborache1-678x381.jpg 678w\" sizes=\"auto, (max-width: 1862px) 100vw, 1862px\" \/><\/figure>\n<\/figure>\n","protected":false},"excerpt":{"rendered":"<div class=\"mh-excerpt\">Alborache ha encendido la mecha para vivir las Fallas de 2024 con la celebraci\u00f3n del tradicional acto de la Crida. Las Falleras Mayores de la comisi\u00f3n de la localidad, subieron al balc\u00f3n del Ayuntamiento, acompa\u00f1adas <a class=\"mh-excerpt-more\" href=\"https:\/\/www.tucomarca.com\/wordpress\/segunda\/la-crida-de-alborache-enciende-la-mecha-para-vivir-las-fallas-de-2024-en-la-hoya\/\" title=\"La Crida de Alborache enciende la mecha en La Hoya para vivir las Fallas de 2024\">[+] <\/a><\/div>\n","protected":false},"author":12,"featured_media":211748,"comment_status":"open","ping_status":"open","sticky":false,"template":"","format":"gallery","meta":{"footnotes":""},"categories":[19,8,10,5,7,383,3],"tags":[10386,19153,5952],"class_list":{"0":"post-211741","1":"post","2":"type-post","3":"status-publish","4":"format-gallery","5":"has-post-thumbnail","7":"category-alborache","8":"category-la-comarca","9":"category-la-hoya","10":"category-la-semana-en-imagenes","11":"category-ocio-y-cultura","12":"category-pueblos-en-fiestas","13":"category-seccion","14":"tag-alborache","15":"tag-fallas-2024","16":"tag-la-hoya-de-bunol-chiva","17":"post_format-post-format-gallery"},"_links":{"self":[{"href":"https:\/\/www.tucomarca.com\/wordpress\/segunda\/wp-json\/wp\/v2\/posts\/211741","targetHints":{"allow":["GET"]}}],"collection":[{"href":"https:\/\/www.tucomarca.com\/wordpress\/segunda\/wp-json\/wp\/v2\/posts"}],"about":[{"href":"https:\/\/www.tucomarca.com\/wordpress\/segunda\/wp-json\/wp\/v2\/types\/post"}],"author":[{"embeddable":true,"href":"https:\/\/www.tucomarca.com\/wordpress\/segunda\/wp-json\/wp\/v2\/users\/12"}],"replies":[{"embeddable":true,"href":"https:\/\/www.tucomarca.com\/wordpress\/segunda\/wp-json\/wp\/v2\/comments?post=211741"}],"version-history":[{"count":0,"href":"https:\/\/www.tucomarca.com\/wordpress\/segunda\/wp-json\/wp\/v2\/posts\/211741\/revisions"}],"wp:featuredmedia":[{"embeddable":true,"href":"https:\/\/www.tucomarca.com\/wordpress\/segunda\/wp-json\/wp\/v2\/media\/211748"}],"wp:attachment":[{"href":"https:\/\/www.tucomarca.com\/wordpress\/segunda\/wp-json\/wp\/v2\/media?parent=211741"}],"wp:term":[{"taxonomy":"category","embeddable":true,"href":"https:\/\/www.tucomarca.com\/wordpress\/segunda\/wp-json\/wp\/v2\/categories?post=211741"},{"taxonomy":"post_tag","embeddable":true,"href":"https:\/\/www.tucomarca.com\/wordpress\/segunda\/wp-json\/wp\/v2\/tags?post=211741"}],"curies":[{"name":"wp","href":"https:\/\/api.w.org\/{rel}","templated":true}]}}